{"id":5299,"date":"2012-04-14T20:33:07","date_gmt":"2012-04-14T18:33:07","guid":{"rendered":"http:\/\/fa86.noblogs.org\/?p=5299"},"modified":"2012-04-14T20:35:38","modified_gmt":"2012-04-14T18:35:38","slug":"poitiers-nouvelle-intimidation-policiere-contre-la-liberte-dexpression","status":"publish","type":"post","link":"https:\/\/fa86.noblogs.org\/?p=5299","title":{"rendered":"[Poitiers] Nouvelle intimidation polici\u00e8re contre la libert\u00e9 d&rsquo;expression"},"content":{"rendered":"<p style=\"text-align: justify\"><strong>[Poitiers] Nouvelle intimidation polici\u00e8re contre la libert\u00e9 d&rsquo;expression<\/strong><\/p>\n<p style=\"text-align: justify\">Depuis quelques mois \u00e0 Poitiers, les tractages libertaires sont devenus l&rsquo;objet d&rsquo;un harc\u00e8lement policier de plus en plus lourdingue. L&rsquo;un des militant-e-s de la F\u00e9d\u00e9ration Anarchiste 86 en fait r\u00e9guli\u00e8rement les frais. Les policiers l&rsquo;accostent presque \u00e0 chaque tractage pour lui prendre un exemplaire. Y compris quand le militant r\u00e9pond que la police lui a d\u00e9j\u00e0 saisi le m\u00eame\u00a0 tract (pour l&rsquo;abstention aux \u00e9lections) \u00e0 cinq reprises&#8230; rien n&rsquo;y fait, les policiers sont devenus fans des tracts anars, ils doivent les collectionner.<\/p>\n<p style=\"text-align: justify\" align=\"JUSTIFY\">Lors d&rsquo;un tractage, le m\u00eame\u00a0 militant a par ailleurs subi un \u00ab\u00a0contr\u00f4le d&rsquo;identit\u00e9\u00a0\u00bb en forme de gag, les policiers l&rsquo;appelant d&rsquo;entr\u00e9e de jeu&#8230; par son nom de famille ! Aux questions du militant, un policier r\u00e9pond avoir \u00ab\u00a0re\u00e7u des ordres\u00a0\u00bb.<\/p>\n<p style=\"text-align: justify\" align=\"JUSTIFY\">Hier vendredi 13 avril 2012, les policiers sont tout de m\u00eame all\u00e9s plus loin que d&rsquo;habitude : ils ont contr\u00f4l\u00e9 l&rsquo;identit\u00e9 de deux personnes ayant pour seul tort d&rsquo;avoir pris un tract.<\/p>\n<p style=\"text-align: justify\" align=\"JUSTIFY\">Vers 17H, un militant de la F\u00e9d\u00e9ration Anarchiste 86 (le m\u00eame qu&rsquo;\u00e9voqu\u00e9 plus haut) terminait un tractage contre les \u00e9lections repr\u00e9sentatives, annon\u00e7ant la soir\u00e9e-d\u00e9bat pour une abstention active aux \u00e9lections, pr\u00e9vue le 13 avril prochain au Plan B. Il croise deux camarades, papote avec eux cinq minutes et s&rsquo;en va \u00e0 v\u00e9lo. Quant aux deux camarades, qui lui ont pris un tract, ils attendent tranquillement le bus, rue du March\u00e9 Notre-Dame.<\/p>\n<p style=\"text-align: justify\" align=\"JUSTIFY\">D\u00e8s que le militant est parti, deux policiers, qui devaient guetter non loin de l\u00e0, abordent les camarades. Ils les enjoignent imm\u00e9diatement de leur donner le tract, ce que font les camarades&#8230; qui subissent ensuite un contr\u00f4le d&rsquo;identit\u00e9. Une fois leurs noms relev\u00e9s, un policier les note sur le tract saisi, qu&rsquo;il conserve, et sort un talkie-walkie pour un compte-rendu \u00e0 des coll\u00e8gues. Puis le sac d&rsquo;un camarade est ouvert et fouill\u00e9.<\/p>\n<p style=\"text-align: justify\" align=\"JUSTIFY\">Pour l&rsquo;anecdote, monsieur Alain Claeys passe dans la rue au moment des faits : il s&rsquo;arr\u00eate pr\u00e8s des policiers, leur demande le tract, le parcourt. Puis salue les fonctionnaires et passe son chemin, bonhommement. Rien \u00e0 signaler, tout semble normal pour ce d\u00e9put\u00e9-maire \u00ab\u00a0socialiste\u00a0\u00bb de Poitiers, accomplissant avec z\u00e8le son mandat d&rsquo;\u00e9lu garant des libert\u00e9s publiques.<\/p>\n<p style=\"text-align: justify\" align=\"JUSTIFY\">Bien qu&rsquo;il ne s&rsquo;agisse que d&rsquo;un contr\u00f4le d&rsquo;identit\u00e9, les deux camarades &#8211; qui n&rsquo;en ont jamais subi encore &#8211; passent la soir\u00e9e assez choqu\u00e9s d&rsquo;avoir subi un contr\u00f4le et une fouille&#8230; pour avoir pris un simple tract. Ils ont racont\u00e9 leur histoire aujourd&rsquo;hui au copain de la F\u00e9d\u00e9ration Anarchiste 86, recrois\u00e9 dans la rue. Ils sont encore sous le coup de l&rsquo;\u00e9motion suscit\u00e9e par cette intimidation sans aucun motif. A cette occasion, ambiance&#8230; trois policiers s&rsquo;arr\u00eatent justement au bout de la rue pour les regarder ; jusqu&rsquo;\u00e0 ce que tout le monde se quitte.<\/p>\n<p style=\"text-align: justify\" align=\"JUSTIFY\">Il est inacceptable que des intimidations s&rsquo;exercent \u00e0 l&rsquo;encontre de personnes diffusant ou prenant des tracts. Nous entendons bien \u00e9videmment continuer \u00e0 exercer notre droit de diffuser nos id\u00e9es dans les rues de Poitiers. Nous ne c\u00e8derons pas \u00e0 des intimidations polici\u00e8res contre une \u00ab\u00a0libert\u00e9 d&rsquo;expression\u00a0\u00bb d\u00e9cid\u00e9ment \u00e0 g\u00e9om\u00e9trie variable, selon qu&rsquo;il s&rsquo;agisse de l&rsquo;exercer dans les urnes ou dans la rue.<\/p>\n<p style=\"text-align: justify\" align=\"JUSTIFY\">D&rsquo;ailleurs, les militant-e-s politiques des divers partis qui diffusent dans la rue des tracts et des affiches &#8211; \u00e0 bien plus large \u00e9chelle &#8211; pour leurs candidat-e-s favori-e-s, ne semblent pas subir ce genre de prise de tract syst\u00e9matique et de pressions. La r\u00e9pression cible bien \u00e9videmment les personnes (se revendiquant ou non de l&rsquo;anarchisme) qui s&rsquo;organisent par elles-m\u00eames.<\/p>\n<p style=\"text-align: justify\" align=\"JUSTIFY\">Cette forme d&rsquo;intimidation, bien qu&rsquo;anecdotique au regard d&rsquo;autres harc\u00e8lements policiers ayant actuellement court \u00e0 Poitiers, est r\u00e9v\u00e9latrice de pressions polici\u00e8res croissantes contre les militant-e-s anti-autoritaires. Pour exemple, il-le-s sont syst\u00e9matiquement film\u00e9-e-s, photographi\u00e9-e-s et suivi-e-s par la police lors du moindre rassemblement. Obsession du fichage ? Condamnations de militants antipub, saisie d&rsquo;exemplaires d&rsquo;un journal libertaire local, proc\u00e8s le 10 juillet prochain contre des militants pacifiques pour le droit au logement, accus\u00e9s d&rsquo; \u00ab\u00a0outrage\u00a0\u00bb, arrestation de deux manifestants soutenant un jeune lyc\u00e9en expulsable&#8230; il ne fait pas bon militer \u00e0 Poitiers !<\/p>\n<p style=\"text-align: justify\" align=\"JUSTIFY\">Cette r\u00e9pression vire de plus en plus au grotesque : apr\u00e8s le proc\u00e8s de deux personnes (cat\u00e9goris\u00e9es \u00ab\u00a0anarchistes\u00a0\u00bb par les flics)\u00a0pour une simple r\u00e9cup&rsquo; dans une poubelle (relax\u00e9es sauf pour leur refus de pr\u00e9l\u00e8vement ADN), rappelons qu&rsquo;un militant local passera le 4 mai prochain au tribunal de Poitiers parce qu&rsquo;un policier s&rsquo;est senti \u00ab\u00a0outrag\u00e9\u00a0\u00bb par&#8230; des confettis, lors d&rsquo;une chorale Brassens.<\/p>\n<p style=\"text-align: justify\" align=\"JUSTIFY\">Assez de la r\u00e9pression, libert\u00e9 d&rsquo;expression !<\/p>\n<p style=\"text-align: justify\" align=\"JUSTIFY\"><em>Groupe Pavillon Noir (F\u00e9d\u00e9ration Anarchiste 86), 14 avril 2012<\/em><\/p>\n","protected":false},"excerpt":{"rendered":"<p>[Poitiers] Nouvelle intimidation polici\u00e8re contre la libert\u00e9 d&rsquo;expression Depuis quelques mois \u00e0 Poitiers, les tractages libertaires sont devenus l&rsquo;objet d&rsquo;un harc\u00e8lement policier de plus en plus lourdingue. L&rsquo;un des militant-e-s de la F\u00e9d\u00e9ration Anarchiste 86 en fait r\u00e9guli\u00e8rement les frais. Les policiers l&rsquo;accostent presque \u00e0 chaque tractage pour lui prendre un exemplaire. Y compris quand &hellip; <a href=\"https:\/\/fa86.noblogs.org\/?p=5299\" class=\"more-link\">Continuer la lecture de <span class=\"screen-reader-text\">[Poitiers] Nouvelle intimidation polici\u00e8re contre la libert\u00e9 d&rsquo;expression<\/span> <span class=\"meta-nav\">&rarr;<\/span><\/a><\/p>\n","protected":false},"author":2691,"featured_media":0,"comment_status":"open","ping_status":"open","sticky":false,"template":"","format":"standard","meta":{"footnotes":""},"categories":[16],"tags":[],"class_list":["post-5299","post","type-post","status-publish","format-standard","hentry","category-repression"],"_links":{"self":[{"href":"https:\/\/fa86.noblogs.org\/index.php?rest_route=\/wp\/v2\/posts\/5299","targetHints":{"allow":["GET"]}}],"collection":[{"href":"https:\/\/fa86.noblogs.org\/index.php?rest_route=\/wp\/v2\/posts"}],"about":[{"href":"https:\/\/fa86.noblogs.org\/index.php?rest_route=\/wp\/v2\/types\/post"}],"author":[{"embeddable":true,"href":"https:\/\/fa86.noblogs.org\/index.php?rest_route=\/wp\/v2\/users\/2691"}],"replies":[{"embeddable":true,"href":"https:\/\/fa86.noblogs.org\/index.php?rest_route=%2Fwp%2Fv2%2Fcomments&post=5299"}],"version-history":[{"count":3,"href":"https:\/\/fa86.noblogs.org\/index.php?rest_route=\/wp\/v2\/posts\/5299\/revisions"}],"predecessor-version":[{"id":5301,"href":"https:\/\/fa86.noblogs.org\/index.php?rest_route=\/wp\/v2\/posts\/5299\/revisions\/5301"}],"wp:attachment":[{"href":"https:\/\/fa86.noblogs.org\/index.php?rest_route=%2Fwp%2Fv2%2Fmedia&parent=5299"}],"wp:term":[{"taxonomy":"category","embeddable":true,"href":"https:\/\/fa86.noblogs.org\/index.php?rest_route=%2Fwp%2Fv2%2Fcategories&post=5299"},{"taxonomy":"post_tag","embeddable":true,"href":"https:\/\/fa86.noblogs.org\/index.php?rest_route=%2Fwp%2Fv2%2Ftags&post=5299"}],"curies":[{"name":"wp","href":"https:\/\/api.w.org\/{rel}","templated":true}]}}