{"id":5328,"date":"2012-04-17T18:41:14","date_gmt":"2012-04-17T16:41:14","guid":{"rendered":"http:\/\/fa86.noblogs.org\/?p=5328"},"modified":"2012-04-17T18:41:14","modified_gmt":"2012-04-17T16:41:14","slug":"poitiers-appel-a-un-rassemblement-pour-kevin","status":"publish","type":"post","link":"https:\/\/fa86.noblogs.org\/?p=5328","title":{"rendered":"[Poitiers] Appel \u00e0 un rassemblement pour K\u00e9vin !"},"content":{"rendered":"<p style=\"text-align: justify\"><strong>Rassemblement devant la Pr\u00e9fecture de la Vienne demain mercredi 18\/04 \u00e0 17h30. Mobilisons-nous pour emp\u00eacher cette expulsion.<\/strong><\/p>\n<p style=\"text-align: justify\">Derni\u00e8res informations: Appel de Kevin : un vol est affich\u00e9 pour lui ce jeudi 19 \u00e0 10H45. Soit il s&rsquo;agit d&rsquo;un vol pr\u00e9visionnel car son audience JLD a lieu le lendemain et que l&rsquo;administration va faire son possible pour avoir le laisser-passer consulaire avant le 19\/04, soit l&rsquo;ambassade a r\u00e9ellement d\u00e9livr\u00e9 le document.<\/p>\n<p style=\"text-align: justify\">D&rsquo;autre part, les autorit\u00e9s fran\u00e7aises ont envoy\u00e9 deux agents de l&rsquo;ambassade de France \u00e0 Kinshasa visiter un oncle maternel de Kevin. Ne se doutant de rien, l&rsquo;oncle les a re\u00e7us et leur a fait visiter son logement et pr\u00e9senter \u00e0 toute la famille. Ils lui ont pos\u00e9 une multitude de questions, entre autres s&rsquo;il avait de la place pour accueillir Kevin&#8230;.<\/p>\n<p style=\"text-align: justify\"><em>Mailing 17 avril 2012<\/em><\/p>\n","protected":false},"excerpt":{"rendered":"<p>Rassemblement devant la Pr\u00e9fecture de la Vienne demain mercredi 18\/04 \u00e0 17h30. Mobilisons-nous pour emp\u00eacher cette expulsion. Derni\u00e8res informations: Appel de Kevin : un vol est affich\u00e9 pour lui ce jeudi 19 \u00e0 10H45. Soit il s&rsquo;agit d&rsquo;un vol pr\u00e9visionnel car son audience JLD a lieu le lendemain et que l&rsquo;administration va faire son possible &hellip; <a href=\"https:\/\/fa86.noblogs.org\/?p=5328\" class=\"more-link\">Continuer la lecture de <span class=\"screen-reader-text\">[Poitiers] Appel \u00e0 un rassemblement pour K\u00e9vin !<\/span> <span class=\"meta-nav\">&rarr;<\/span><\/a><\/p>\n","protected":false},"author":2691,"featured_media":0,"comment_status":"open","ping_status":"open","sticky":false,"template":"","format":"standard","meta":{"footnotes":""},"categories":[20,11,16,4],"tags":[],"class_list":["post-5328","post","type-post","status-publish","format-standard","hentry","category-feu-aux-prisons","category-ni-patrie-ni-frontiere","category-repression","category-se-trouver"],"_links":{"self":[{"href":"https:\/\/fa86.noblogs.org\/index.php?rest_route=\/wp\/v2\/posts\/5328","targetHints":{"allow":["GET"]}}],"collection":[{"href":"https:\/\/fa86.noblogs.org\/index.php?rest_route=\/wp\/v2\/posts"}],"about":[{"href":"https:\/\/fa86.noblogs.org\/index.php?rest_route=\/wp\/v2\/types\/post"}],"author":[{"embeddable":true,"href":"https:\/\/fa86.noblogs.org\/index.php?rest_route=\/wp\/v2\/users\/2691"}],"replies":[{"embeddable":true,"href":"https:\/\/fa86.noblogs.org\/index.php?rest_route=%2Fwp%2Fv2%2Fcomments&post=5328"}],"version-history":[{"count":1,"href":"https:\/\/fa86.noblogs.org\/index.php?rest_route=\/wp\/v2\/posts\/5328\/revisions"}],"predecessor-version":[{"id":5329,"href":"https:\/\/fa86.noblogs.org\/index.php?rest_route=\/wp\/v2\/posts\/5328\/revisions\/5329"}],"wp:attachment":[{"href":"https:\/\/fa86.noblogs.org\/index.php?rest_route=%2Fwp%2Fv2%2Fmedia&parent=5328"}],"wp:term":[{"taxonomy":"category","embeddable":true,"href":"https:\/\/fa86.noblogs.org\/index.php?rest_route=%2Fwp%2Fv2%2Fcategories&post=5328"},{"taxonomy":"post_tag","embeddable":true,"href":"https:\/\/fa86.noblogs.org\/index.php?rest_route=%2Fwp%2Fv2%2Ftags&post=5328"}],"curies":[{"name":"wp","href":"https:\/\/api.w.org\/{rel}","templated":true}]}}