{"id":5354,"date":"2012-04-19T02:31:52","date_gmt":"2012-04-19T00:31:52","guid":{"rendered":"http:\/\/fa86.noblogs.org\/?p=5354"},"modified":"2012-04-19T02:31:52","modified_gmt":"2012-04-19T00:31:52","slug":"lille-violences-policieres-contre-une-centaine-de-militant-e-s-sans-papiers-et-leurs-soutiens","status":"publish","type":"post","link":"https:\/\/fa86.noblogs.org\/?p=5354","title":{"rendered":"[Lille] Violences polici\u00e8res contre une centaine de militant-e-s sans-papiers et leurs soutiens"},"content":{"rendered":"<p style=\"text-align: justify\"><strong><a href=\"http:\/\/lille.indymedia.org\/spip.php?article26934\" target=\"_blank\">Sans-papiers : vid\u00e9o des brutalit\u00e9s polici\u00e8res du 4 avril 2012<\/a><\/strong><\/p>\n<div style=\"text-align: justify\">\n<p>Mercredi 4 avril 2012, devant le Tribunal Administratif de Lille, six personnes sans-papiers comparaissaient en audience publique. Elles risquaient l\u2019expulsion du territoire fran\u00e7ais depuis le jour o\u00f9 elles d\u00e9cid\u00e8rent d\u2019occuper pacifiquement le local de l\u2019UMP afin d\u2019exiger leur r\u00e9gularisation. Cette action datant du vendredi 31 mars s\u2019\u00e9tait sold\u00e9e par une \u00e9vacuation polici\u00e8re brutale, l\u2019arrestation arbitraire et l\u2019enfermement inhumain en centre de r\u00e9tention des six personnes concern\u00e9es.<\/p>\n<p>Le jour de leur audience publique, une centaine de militants sans-papiers et leurs soutiens ont \u00e9t\u00e9 refoul\u00e9s \u00e0 l\u2019entr\u00e9e du tribunal puis charg\u00e9s par les forces de l\u2019ordre alors qu\u2019ils manifestaient pacifiquement. R\u00e9sultat des coups et des blessures : six hospitalisations dont celle d\u2019une femme enceinte. Les forces de l\u2019ordre ont plaqu\u00e9 au sol, tabass\u00e9 puis gaz\u00e9 un cameraman ind\u00e9pendant pour lui arracher son mat\u00e9riel d\u2019enregistrement. Ces violences et ce vol t\u00e9moignent une fois de plus de la haine raciste et des m\u00e9thodes fascistes de la police fran\u00e7aise sous Sarkozy. La police se croit impunie lorsqu\u2019elle brutalise et humilie des millions d\u2019hommes et de femmes sans-papiers et non-blanches\u2026<\/p>\n<p>Seulement, la lutte des descendants de colonis\u00e9s pour la justice et la dignit\u00e9 soutenue de mani\u00e8re inconditionnelle par des porteurs de valises (et des porteurs de cam\u00e9ras) triomphera face au racisme d\u2019Etat et face au n\u00e9ocolonialisme occidental.<\/p>\n<h3>Vive la r\u00e9gularisation de toutes les personnes sans-papiers ! De d\u00e9faite en d\u00e9faite jusqu\u2019\u00e0 la victoire finale !<\/h3>\n<p><a href=\"https:\/\/www.youtube.com\/watch?v=fdPyh-NSnQY\">https:\/\/www.youtube.com\/watch?v=fdPyh-NSnQY<\/a><\/p>\n<p><em>Indymedia Lille, 18 avril 2012<\/em><\/p>\n<\/div>\n","protected":false},"excerpt":{"rendered":"<p>Sans-papiers : vid\u00e9o des brutalit\u00e9s polici\u00e8res du 4 avril 2012 Mercredi 4 avril 2012, devant le Tribunal Administratif de Lille, six personnes sans-papiers comparaissaient en audience publique. Elles risquaient l\u2019expulsion du territoire fran\u00e7ais depuis le jour o\u00f9 elles d\u00e9cid\u00e8rent d\u2019occuper pacifiquement le local de l\u2019UMP afin d\u2019exiger leur r\u00e9gularisation. Cette action datant du vendredi 31 &hellip; <a href=\"https:\/\/fa86.noblogs.org\/?p=5354\" class=\"more-link\">Continuer la lecture de <span class=\"screen-reader-text\">[Lille] Violences polici\u00e8res contre une centaine de militant-e-s sans-papiers et leurs soutiens<\/span> <span class=\"meta-nav\">&rarr;<\/span><\/a><\/p>\n","protected":false},"author":2691,"featured_media":0,"comment_status":"open","ping_status":"open","sticky":false,"template":"","format":"standard","meta":{"footnotes":""},"categories":[9,11,16],"tags":[],"class_list":["post-5354","post","type-post","status-publish","format-standard","hentry","category-la-rue-grogne","category-ni-patrie-ni-frontiere","category-repression"],"_links":{"self":[{"href":"https:\/\/fa86.noblogs.org\/index.php?rest_route=\/wp\/v2\/posts\/5354","targetHints":{"allow":["GET"]}}],"collection":[{"href":"https:\/\/fa86.noblogs.org\/index.php?rest_route=\/wp\/v2\/posts"}],"about":[{"href":"https:\/\/fa86.noblogs.org\/index.php?rest_route=\/wp\/v2\/types\/post"}],"author":[{"embeddable":true,"href":"https:\/\/fa86.noblogs.org\/index.php?rest_route=\/wp\/v2\/users\/2691"}],"replies":[{"embeddable":true,"href":"https:\/\/fa86.noblogs.org\/index.php?rest_route=%2Fwp%2Fv2%2Fcomments&post=5354"}],"version-history":[{"count":1,"href":"https:\/\/fa86.noblogs.org\/index.php?rest_route=\/wp\/v2\/posts\/5354\/revisions"}],"predecessor-version":[{"id":5355,"href":"https:\/\/fa86.noblogs.org\/index.php?rest_route=\/wp\/v2\/posts\/5354\/revisions\/5355"}],"wp:attachment":[{"href":"https:\/\/fa86.noblogs.org\/index.php?rest_route=%2Fwp%2Fv2%2Fmedia&parent=5354"}],"wp:term":[{"taxonomy":"category","embeddable":true,"href":"https:\/\/fa86.noblogs.org\/index.php?rest_route=%2Fwp%2Fv2%2Fcategories&post=5354"},{"taxonomy":"post_tag","embeddable":true,"href":"https:\/\/fa86.noblogs.org\/index.php?rest_route=%2Fwp%2Fv2%2Ftags&post=5354"}],"curies":[{"name":"wp","href":"https:\/\/api.w.org\/{rel}","templated":true}]}}