{"id":5366,"date":"2012-04-19T17:28:04","date_gmt":"2012-04-19T15:28:04","guid":{"rendered":"http:\/\/fa86.noblogs.org\/?p=5366"},"modified":"2012-04-19T17:28:04","modified_gmt":"2012-04-19T15:28:04","slug":"ingrandes-86-les-fondeurs-sceptiques","status":"publish","type":"post","link":"https:\/\/fa86.noblogs.org\/?p=5366","title":{"rendered":"[Ingrandes &#8211; 86] Les fondeurs sceptiques"},"content":{"rendered":"<p style=\"text-align: justify\"><strong><a href=\"http:\/\/www.lanouvellerepublique.fr\/Vienne\/Actualite\/24-Heures\/n\/Contenus\/Articles\/2012\/04\/19\/Fonderie-du-Poitou-le-repreneur-accueilli-sur-le-site\" target=\"_blank\">Fonderie du Poitou : le repreneur accueilli sur le site<\/a><\/strong><\/p>\n<p style=\"text-align: justify\">Le tribunal a officialis\u00e9 la reprise de la fonderie alu d&rsquo;Ingrandes par le groupe Saint-Jean Industrie. Quelques minutes apr\u00e8s, le PDG Emile Di Serio \u00e9tait d\u00e9j\u00e0 sur le site \u00e0 la rencontre des salari\u00e9s.<\/p>\n<p style=\"text-align: justify\">Il n&rsquo;aura pas fallu longtemps pour que le tout nouveau PDG de la fonderie alu d&rsquo;Ingrandes visite le site ce jeudi matin: juste quelques minutes. Emile Di Serio et l&rsquo;\u00e9quipe dirigeante avaient pris les devants en arrivant \u00e0 Ch\u00e2tellerault la veille. Il faut dire que l&rsquo;annonce de la reprise par Saint-Jean Industrie, faite lundi par le Pr\u00e9sident de la R\u00e9publique, avait largement plomb\u00e9 le suspense. On voyait mal en effet comment le tribunal de commerce aurait pu aller \u00e0 l&rsquo;encontre de Nicolas Sarkozy.<\/p>\n<p style=\"text-align: justify\">D\u00e8s sa descente de voiture, Emile Di Serio a tenu \u00e0 rassurer les salari\u00e9s sur ses intentions et tent\u00e9 de d\u00e9gonfler le d\u00e9but de pol\u00e9mique suite au licenciement voil\u00e0 trois ans de 108 salari\u00e9s d&rsquo;une fonderie de V\u00e9nissieux: non, son intention n&rsquo;\u00e9tait pas de liquider l&rsquo;entreprise ingrandaise et non, la situation n&rsquo;\u00e9tait pas la m\u00eame.<\/p>\n<p style=\"text-align: justify\">Accueilli par le secr\u00e9taire du comit\u00e9 d&rsquo;entreprise Eric Bailly, Emile Di Serio a ensuite visit\u00e9 l&rsquo;entreprise avant la tenue d&rsquo;un comit\u00e9 d&rsquo;entreprise devant lequel il a pr\u00e9sent\u00e9 le nouveau directeur de site. Il s&rsquo;agit de Jean-Claude Champard, un homme fait pour rassurer, puisqu&rsquo;il a pass\u00e9 20 ans \u00e0 la fonderie en tant que directeur de production.<\/p>\n<p style=\"text-align: justify\">En d\u00e9but d&rsquo;apr\u00e8s-midi, la nouvelle \u00e9quipe dirigeante a rencontr\u00e9 l&rsquo;\u00e9quipe d&rsquo;apr\u00e8s-midi \u00e0 son embauche. Une premi\u00e8re rencontre qui a permis de pr\u00e9senter le projet complet. Les r\u00e9actions \u00e0 la sortie n&rsquo;\u00e9taient toutefois gu\u00e8re enthousiastes, comme en t\u00e9moignent les r\u00e9actions ci-dessous.<\/p>\n<p style=\"text-align: justify\"><em>Nouvelle R\u00e9publique, 19 avril 2012<\/em><\/p>\n<p style=\"text-align: justify\"><em><strong>ndPN<\/strong><\/em> :<em><strong><a href=\"http:\/\/www.lanouvellerepublique.fr\/Vienne\/Actualite\/24-Heures\/n\/Contenus\/Articles\/2012\/04\/19\/Fonderie-du-Poitou-le-repreneur-accueilli-sur-le-site\" target=\"_blank\"> deux vid\u00e9os sur le site de la Nouvelle R\u00e9publique<\/a>. <\/strong><\/em><em><span style=\"color: #000000\">Signalons par ailleurs que 60 salari\u00e9-e-s seront tout de m\u00eame d\u00e9gag\u00e9-e-s&#8230;<\/span><\/em><\/p>\n","protected":false},"excerpt":{"rendered":"<p>Fonderie du Poitou : le repreneur accueilli sur le site Le tribunal a officialis\u00e9 la reprise de la fonderie alu d&rsquo;Ingrandes par le groupe Saint-Jean Industrie. Quelques minutes apr\u00e8s, le PDG Emile Di Serio \u00e9tait d\u00e9j\u00e0 sur le site \u00e0 la rencontre des salari\u00e9s. Il n&rsquo;aura pas fallu longtemps pour que le tout nouveau PDG &hellip; <a href=\"https:\/\/fa86.noblogs.org\/?p=5366\" class=\"more-link\">Continuer la lecture de <span class=\"screen-reader-text\">[Ingrandes &#8211; 86] Les fondeurs sceptiques<\/span> <span class=\"meta-nav\">&rarr;<\/span><\/a><\/p>\n","protected":false},"author":2691,"featured_media":0,"comment_status":"open","ping_status":"open","sticky":false,"template":"","format":"standard","meta":{"footnotes":""},"categories":[22],"tags":[],"class_list":["post-5366","post","type-post","status-publish","format-standard","hentry","category-le-travail-tue"],"_links":{"self":[{"href":"https:\/\/fa86.noblogs.org\/index.php?rest_route=\/wp\/v2\/posts\/5366","targetHints":{"allow":["GET"]}}],"collection":[{"href":"https:\/\/fa86.noblogs.org\/index.php?rest_route=\/wp\/v2\/posts"}],"about":[{"href":"https:\/\/fa86.noblogs.org\/index.php?rest_route=\/wp\/v2\/types\/post"}],"author":[{"embeddable":true,"href":"https:\/\/fa86.noblogs.org\/index.php?rest_route=\/wp\/v2\/users\/2691"}],"replies":[{"embeddable":true,"href":"https:\/\/fa86.noblogs.org\/index.php?rest_route=%2Fwp%2Fv2%2Fcomments&post=5366"}],"version-history":[{"count":2,"href":"https:\/\/fa86.noblogs.org\/index.php?rest_route=\/wp\/v2\/posts\/5366\/revisions"}],"predecessor-version":[{"id":5368,"href":"https:\/\/fa86.noblogs.org\/index.php?rest_route=\/wp\/v2\/posts\/5366\/revisions\/5368"}],"wp:attachment":[{"href":"https:\/\/fa86.noblogs.org\/index.php?rest_route=%2Fwp%2Fv2%2Fmedia&parent=5366"}],"wp:term":[{"taxonomy":"category","embeddable":true,"href":"https:\/\/fa86.noblogs.org\/index.php?rest_route=%2Fwp%2Fv2%2Fcategories&post=5366"},{"taxonomy":"post_tag","embeddable":true,"href":"https:\/\/fa86.noblogs.org\/index.php?rest_route=%2Fwp%2Fv2%2Ftags&post=5366"}],"curies":[{"name":"wp","href":"https:\/\/api.w.org\/{rel}","templated":true}]}}