{"id":5372,"date":"2012-04-19T21:51:00","date_gmt":"2012-04-19T19:51:00","guid":{"rendered":"http:\/\/fa86.noblogs.org\/?p=5372"},"modified":"2012-04-19T21:51:00","modified_gmt":"2012-04-19T19:51:00","slug":"poitiers-tierra-y-libertad","status":"publish","type":"post","link":"https:\/\/fa86.noblogs.org\/?p=5372","title":{"rendered":"[Poitiers] Tierra y Libertad ?"},"content":{"rendered":"<p style=\"text-align: justify\"><strong>Tierra y Libertad ? Soir\u00e9e discussion projection<\/strong><\/p>\n<p style=\"text-align: justify\">Un si\u00e8cle apr\u00e8s la R\u00e9volution Mexicaine et apr\u00e8s 3 mois pass\u00e9s en Am\u00e9rique centrale, 5 jeunes poitevins viennent faire partager leur r\u00e9cit de voyage, autour de l&rsquo;organisation paysanne et des luttes sociales en Am\u00e9rique centrale.<\/p>\n<p style=\"text-align: justify\"><strong>Le vendredi 20 avril au Toit du Monde \u00e0 20H<\/strong><\/p>\n","protected":false},"excerpt":{"rendered":"<p>Tierra y Libertad ? Soir\u00e9e discussion projection Un si\u00e8cle apr\u00e8s la R\u00e9volution Mexicaine et apr\u00e8s 3 mois pass\u00e9s en Am\u00e9rique centrale, 5 jeunes poitevins viennent faire partager leur r\u00e9cit de voyage, autour de l&rsquo;organisation paysanne et des luttes sociales en Am\u00e9rique centrale. Le vendredi 20 avril au Toit du Monde \u00e0 20H<\/p>\n","protected":false},"author":2691,"featured_media":0,"comment_status":"open","ping_status":"open","sticky":false,"template":"","format":"standard","meta":{"footnotes":""},"categories":[11,4],"tags":[],"class_list":["post-5372","post","type-post","status-publish","format-standard","hentry","category-ni-patrie-ni-frontiere","category-se-trouver"],"_links":{"self":[{"href":"https:\/\/fa86.noblogs.org\/index.php?rest_route=\/wp\/v2\/posts\/5372","targetHints":{"allow":["GET"]}}],"collection":[{"href":"https:\/\/fa86.noblogs.org\/index.php?rest_route=\/wp\/v2\/posts"}],"about":[{"href":"https:\/\/fa86.noblogs.org\/index.php?rest_route=\/wp\/v2\/types\/post"}],"author":[{"embeddable":true,"href":"https:\/\/fa86.noblogs.org\/index.php?rest_route=\/wp\/v2\/users\/2691"}],"replies":[{"embeddable":true,"href":"https:\/\/fa86.noblogs.org\/index.php?rest_route=%2Fwp%2Fv2%2Fcomments&post=5372"}],"version-history":[{"count":1,"href":"https:\/\/fa86.noblogs.org\/index.php?rest_route=\/wp\/v2\/posts\/5372\/revisions"}],"predecessor-version":[{"id":5373,"href":"https:\/\/fa86.noblogs.org\/index.php?rest_route=\/wp\/v2\/posts\/5372\/revisions\/5373"}],"wp:attachment":[{"href":"https:\/\/fa86.noblogs.org\/index.php?rest_route=%2Fwp%2Fv2%2Fmedia&parent=5372"}],"wp:term":[{"taxonomy":"category","embeddable":true,"href":"https:\/\/fa86.noblogs.org\/index.php?rest_route=%2Fwp%2Fv2%2Fcategories&post=5372"},{"taxonomy":"post_tag","embeddable":true,"href":"https:\/\/fa86.noblogs.org\/index.php?rest_route=%2Fwp%2Fv2%2Ftags&post=5372"}],"curies":[{"name":"wp","href":"https:\/\/api.w.org\/{rel}","templated":true}]}}