{"id":5441,"date":"2012-04-26T08:42:38","date_gmt":"2012-04-26T06:42:38","guid":{"rendered":"http:\/\/fa86.noblogs.org\/?p=5441"},"modified":"2012-04-26T08:42:38","modified_gmt":"2012-04-26T06:42:38","slug":"chatellerault-centre-denfouissement-sita-les-riverains-contre-attaquent","status":"publish","type":"post","link":"https:\/\/fa86.noblogs.org\/?p=5441","title":{"rendered":"[Ch\u00e2tellerault] Centre d&rsquo;enfouissement Sita : les riverains contre-attaquent"},"content":{"rendered":"<p style=\"text-align: justify\"><strong><a href=\"http:\/\/www.lanouvellerepublique.fr\/Vienne\/Actualite\/Environnement\/n\/Contenus\/Articles\/2012\/04\/26\/Centre-d-enfouissement-Sita-les-riverains-contre-attaquent\" target=\"_blank\">Centre d&rsquo;enfouissement Sita : les riverains contre-attaquent<\/a><\/strong><\/p>\n<p style=\"text-align: justify\">Apr\u00e8s l\u2019annonce d\u2019un nouveau dossier pour la prolongation de l\u2019exploitation du site de Saint-Sauveur, Aspect met la Sita en cause.<\/p>\n<p style=\"text-align: justify\">Le centre d&rsquo;enfouissement des d\u00e9chets m\u00e9nagers de Saint-Sauveur devrait cesser de recevoir des ordures \u00e0 la fin septembre. Apr\u00e8s une trentaine d&rsquo;ann\u00e9es d&rsquo;activit\u00e9, un arr\u00eat\u00e9 pr\u00e9fectoral, dat\u00e9 de deux ans, prolongeait en effet, l&rsquo;exploitation du site jusqu&rsquo;\u00e0 cette date. Pas plus tard.<\/p>\n<p style=\"text-align: justify\">Nous l&rsquo;avons \u00e9crit dans notre \u00e9dition de samedi, cette nouvelle, confirm\u00e9e aux \u00e9lus directement concern\u00e9s par Yves Dassonville, pr\u00e9fet de la Vienne, avait \u00e9t\u00e9 annonc\u00e9e aux riverains du centre d&rsquo;enfouissement et aux adh\u00e9rents de l&rsquo;association de sauvegarde et de protection de l&rsquo;environnement de Coussay-les-Bois et de sa r\u00e9gion thermale (ASPECT). Une nouvelle qu&rsquo;ils n&rsquo;ont pas savour\u00e9e longtemps. La soci\u00e9t\u00e9 d&rsquo;exploitation Sita-Suez vient en effet de d\u00e9poser un dossier de prolongation d&rsquo;exploitation du site, dossier que l&rsquo;administration est tenue d&rsquo;\u00e9tudier, m\u00eame si, en dernier ressort, la d\u00e9cision appartiendra \u00e0 l&rsquo;autorit\u00e9 pr\u00e9fectorale.<\/p>\n<p style=\"text-align: justify\"><strong>Un dossier pour informer le pr\u00e9fet<\/strong><\/p>\n<p style=\"text-align: justify\">A cette \u00e9tude, ASPECT compte bien ajouter un \u00e9l\u00e9ment important. Concernant la fa\u00e7on dont la soci\u00e9t\u00e9 Sita-Suez exploite ce site. Ainsi, mardi matin, une petite d\u00e9l\u00e9gation de l&rsquo;association, conduite par son pr\u00e9sident Vincent Butruille a fait le tour du site accompagn\u00e9e par un huissier de justice pour constater <em>\u00ab un certain nombre de manquements \u00e0 la r\u00e9glementation \u00bb. <\/em>Un dossier sera ainsi constitu\u00e9 et adress\u00e9 \u00e0 la pr\u00e9fecture. <em>\u00ab Au d\u00e9but, quand nous \u00e9voquions ces probl\u00e8mes, on nous traitait de menteurs. Aujourd&rsquo;hui, Sita-Suez admet que nous avons raison mais \u00e9voque \u00e0 chaque fois des situations <\/em>\u00ab\u00a0\u2009<em>exceptionnelles\u2009<\/em>\u00ab\u00a0<em>. Nous savons, nous, que ce n&rsquo;est pas exact. Nous sommes conscients qu&rsquo;il est n\u00e9cessaire de prendre en compte le traitement de nos poubelles. Ce que nous voulons, c&rsquo;est que cela se fasse dans le cadre de la r\u00e9glementation, ce qui diminuerait nettement l&rsquo;impact sur l&rsquo;environnement. \u00bb <\/em> Les probl\u00e8mes d&rsquo;odeur <em>\u00ab moins nombreux mais plus d\u00e9sagr\u00e9ables qu&rsquo;avant \u00bb<\/em>, la question de la gestion de l&rsquo;eau et la s\u00e9curisation du site sont notamment des pr\u00e9occupations pour Aspect. Les trous dans la cl\u00f4ture d&rsquo;enceinte, les b\u00e2ches soulev\u00e9es par le vent et qui laissent chaque averse d\u00e9verser des quantit\u00e9s d&rsquo;eau sur des d\u00e9chets qui devraient en \u00eatre pr\u00e9serv\u00e9s, les bassins de r\u00e9tention des eaux de ruissellement, trop pleins, et qui laissent les eaux r\u00e9colt\u00e9es partir dans la nature sans qu&rsquo;aucune d\u00e9cantation n&rsquo;ait le temps de se produire, des silos laiss\u00e9s \u00e0 ciel ouvert alors qu&rsquo;ils devraient \u00eatre recouverts de terre au fur et \u00e0 mesure, telles sont quelques-unes des observations qu&rsquo;a pu faire la petite d\u00e9l\u00e9gation. <em>\u00ab Un \u00e9l\u00e9ment de d\u00e9cision pour le pr\u00e9fet, <\/em>explique Vincent Butruille.<em> Il n&rsquo;y a pas de raison que les informations lui arrivent \u00e0 sens unique. \u00bb<\/em><\/p>\n<p style=\"text-align: justify\"><em>Nouvelle R\u00e9publique, Laurent Pinot, 26 avril 2012<\/em><\/p>\n","protected":false},"excerpt":{"rendered":"<p>Centre d&rsquo;enfouissement Sita : les riverains contre-attaquent Apr\u00e8s l\u2019annonce d\u2019un nouveau dossier pour la prolongation de l\u2019exploitation du site de Saint-Sauveur, Aspect met la Sita en cause. Le centre d&rsquo;enfouissement des d\u00e9chets m\u00e9nagers de Saint-Sauveur devrait cesser de recevoir des ordures \u00e0 la fin septembre. Apr\u00e8s une trentaine d&rsquo;ann\u00e9es d&rsquo;activit\u00e9, un arr\u00eat\u00e9 pr\u00e9fectoral, dat\u00e9 de &hellip; <a href=\"https:\/\/fa86.noblogs.org\/?p=5441\" class=\"more-link\">Continuer la lecture de <span class=\"screen-reader-text\">[Ch\u00e2tellerault] Centre d&rsquo;enfouissement Sita : les riverains contre-attaquent<\/span> <span class=\"meta-nav\">&rarr;<\/span><\/a><\/p>\n","protected":false},"author":2691,"featured_media":0,"comment_status":"open","ping_status":"open","sticky":false,"template":"","format":"standard","meta":{"footnotes":""},"categories":[18,9],"tags":[],"class_list":["post-5441","post","type-post","status-publish","format-standard","hentry","category-decroissance-libertaire","category-la-rue-grogne"],"_links":{"self":[{"href":"https:\/\/fa86.noblogs.org\/index.php?rest_route=\/wp\/v2\/posts\/5441","targetHints":{"allow":["GET"]}}],"collection":[{"href":"https:\/\/fa86.noblogs.org\/index.php?rest_route=\/wp\/v2\/posts"}],"about":[{"href":"https:\/\/fa86.noblogs.org\/index.php?rest_route=\/wp\/v2\/types\/post"}],"author":[{"embeddable":true,"href":"https:\/\/fa86.noblogs.org\/index.php?rest_route=\/wp\/v2\/users\/2691"}],"replies":[{"embeddable":true,"href":"https:\/\/fa86.noblogs.org\/index.php?rest_route=%2Fwp%2Fv2%2Fcomments&post=5441"}],"version-history":[{"count":2,"href":"https:\/\/fa86.noblogs.org\/index.php?rest_route=\/wp\/v2\/posts\/5441\/revisions"}],"predecessor-version":[{"id":5443,"href":"https:\/\/fa86.noblogs.org\/index.php?rest_route=\/wp\/v2\/posts\/5441\/revisions\/5443"}],"wp:attachment":[{"href":"https:\/\/fa86.noblogs.org\/index.php?rest_route=%2Fwp%2Fv2%2Fmedia&parent=5441"}],"wp:term":[{"taxonomy":"category","embeddable":true,"href":"https:\/\/fa86.noblogs.org\/index.php?rest_route=%2Fwp%2Fv2%2Fcategories&post=5441"},{"taxonomy":"post_tag","embeddable":true,"href":"https:\/\/fa86.noblogs.org\/index.php?rest_route=%2Fwp%2Fv2%2Ftags&post=5441"}],"curies":[{"name":"wp","href":"https:\/\/api.w.org\/{rel}","templated":true}]}}