{"id":5530,"date":"2012-05-02T20:07:57","date_gmt":"2012-05-02T18:07:57","guid":{"rendered":"http:\/\/fa86.noblogs.org\/?p=5530"},"modified":"2012-05-02T20:07:57","modified_gmt":"2012-05-02T18:07:57","slug":"civaux-securite-nucleaire-intrusion-reussie-dun-poete-escaladeur","status":"publish","type":"post","link":"https:\/\/fa86.noblogs.org\/?p=5530","title":{"rendered":"[Civaux] \u00ab\u00a0s\u00e9curit\u00e9 nucl\u00e9aire\u00a0\u00bb : intrusion r\u00e9ussie d&rsquo;un po\u00e8te-escaladeur"},"content":{"rendered":"<p style=\"text-align: justify\"><strong><a href=\"http:\/\/www.lanouvellerepublique.fr\/Vienne\/Actualite\/Faits-divers-justice\/n\/Contenus\/Articles\/2012\/05\/02\/Instrusion-dans-la-centrale-nucleaire-de-Civaux-Herve-Couasnon-en-garde-a-vue-a-Montmorillon\" target=\"_blank\">Instrusion [sic] dans la centrale nucl\u00e9aire de Civaux : Herv\u00e9 Couasnon en garde \u00e0 vue \u00e0 Montmorillon<\/a><\/strong><\/p>\n<p style=\"text-align: justify\">Le fantasque autoproclam\u00e9 \u00ab\u00a0po\u00e8te-escaladeur\u00a0\u00bb Herv\u00e9 Couasnon, familier d&rsquo;actions autant farfelues que spectaculaires, s&rsquo;est introduit mercredi pendant une heure et demie sur le site de la centrale nucl\u00e9aire de Civaux pour interpeller les candidats \u00e0 la pr\u00e9sidentielle. Quelques heures plus t\u00f4t, un militant allemand de Greenpeace avait atterri sur le sol de la centrale nucl\u00e9aire du Bugey, dans l&rsquo;Ain \u00e0 une trentaine de kilom\u00e8tres de Lyon, avec un parapente \u00e0 moteur dont la voile \u00e9tait \u00e0 l&rsquo;effigie de l&rsquo;organisation.<\/p>\n<p style=\"text-align: justify\"><strong>Le \u00abpo\u00e8te-escaladeur\u00bb Herv\u00e9 Couasnon<\/strong>, se trouve en garde \u00e0 vue <strong>\u00e0 Montmorillon<\/strong>. A 18 h, le procureur indique n&rsquo;avoir toujours pris aucune d\u00e9cision \u00e0 son \u00e9gard. Selon l&rsquo;article 413-7 du code p\u00e9nal, <strong>il risque 6 mois de prison et 7.500 \u20ac d&rsquo;amende.<\/strong><\/p>\n<p style=\"text-align: justify\"><a href=\"#cpcivaux\" target=\"_self\">C\u00e9l\u00e8bre pour avoir approch\u00e9 de pr\u00e8s en 2002 l&rsquo;ex-Premier ministre <strong>Jean-Pierre Raffarin<\/strong><\/a> \u00e0 la tribune de l&rsquo;Assembl\u00e9e nationale, <strong>Herv\u00e9 Couasnon <\/strong>a p\u00e9n\u00e9tr\u00e9 ce mercredi midi dans l&rsquo;enceinte de la centrale nucl\u00e9aire de Civaux, <a title=\"En janvier, apr\u00e8s l'intrusion de militants de Greenpeace dans des centrales fran\u00e7aises, de nouvelles mesures de s\u00e9curit\u00e9 avaient \u00e9t\u00e9 mises en place \u00e0 Civaux (Nouvelle fen\u00eatre)\" href=\"http:\/\/www.lanouvellerepublique.fr\/Vienne\/Actualite\/Environnement\/n\/Contenus\/Articles\/2012\/01\/08\/Securite-renforcee-a-la-centrale-de-Civaux\" target=\"_blank\">dite de s\u00e9curit\u00e9<\/a>. A 12 h 20 pr\u00e9cis\u00e9ment, profitant de la sortie d&rsquo;un camion de livraison, il a d\u00e9jou\u00e9 la surveillance des vigiles d&rsquo;entr\u00e9e de la centrale et franchi le portail automatique en courant. L\u00e0, il a \u00e9t\u00e9 pris en chasse par le vigile en poste sur ce point de contr\u00f4le, et l&rsquo;alerte a \u00e9t\u00e9 donn\u00e9e. Deux cents m\u00e8tres plus loin, l&rsquo;individu a tourn\u00e9 \u00e0 droite, \u00e0 l&rsquo;angle d&rsquo;un premier b\u00e2timent administratif, pour \u00e9chapper \u00e0 la vue du vigile, et s&rsquo;est cach\u00e9 dans un taillis quelques m\u00e8tres plus loin.<\/p>\n<p style=\"text-align: justify\">Il a \u00e9t\u00e9 rep\u00e9r\u00e9 par les forces de s\u00e9curit\u00e9 une bonne heure plus tard, \u00e0 13 h 33 pr\u00e9cis\u00e9ment. Une fois cern\u00e9, il a \u00e9t\u00e9 interpell\u00e9 \u00e0 13 h 58. Pendant plus d&rsquo;une heure, les forces de l&rsquo;ordre ont d&rsquo;abord cherch\u00e9 \u00e0 prot\u00e9ger les zones dites \u00ab\u00a0de protection\u00a0\u00bb du site, celles qui abritent, entre autres, le mat\u00e9riel nucl\u00e9aire. C&rsquo;est du moins ce qu&rsquo;avance le directeur de la centrale, Louis Bellegarde. Ce n&rsquo;est qu&rsquo;une fois cette mission assur\u00e9e qu&rsquo;ils se seraient lanc\u00e9s activement \u00e0 la recherche de l&rsquo;individu.<\/p>\n<p style=\"text-align: justify\">Quand l&rsquo;alerte a \u00e9t\u00e9 donn\u00e9e, les proc\u00e9dures habituelles ont aussit\u00f4t \u00e9t\u00e9 mises en place, \u00e0 savoir la fermeture de tous les acc\u00e8s au site, l&rsquo;\u00e9vacuation des b\u00e2timents de la zone surveill\u00e9e, le regroupement des agents dans des \u00ab\u00a0points de regroupement\u00a0\u00bb, et l&rsquo;intervention des gendarmes qui ont proc\u00e9d\u00e9 \u00e0 l&rsquo;arrestation. (&#8230;)<\/p>\n<p style=\"text-align: justify\">Le directeur de la centrale juge l&rsquo;acte <strong>\u00ab\u00a0irresponsable. EDF va porte plainte\u00a0\u00bb<\/strong>. A la question : \u00ab\u00a0Consid\u00e9rez vous qu&rsquo;il y a une faille dans le syst\u00e8me de s\u00e9curit\u00e9 de la centrale\u00a0\u00bb, il r\u00e9pond ceci : <strong>\u00ab\u00a0Toutes les consignes ont \u00e9t\u00e9 respect\u00e9es \u00e0 la lettre.<\/strong> Il y a eu une d\u00e9tection et une prise en chasse imm\u00e9diates, et une mise en s\u00e9curit\u00e9 de la zone de protection et \u00e0 fortiori de la zone nucl\u00e9aire. Il ne s&rsquo;est introduit que dans la partie administrative.\u00a0\u00bb<\/p>\n<p style=\"text-align: justify\">Cependant il pr\u00e9cise ceci : \u00ab\u00a0<strong>Nous allons tirer toutes les le\u00e7ons de ce fait, tr\u00e8s probablement en installant un deuxi\u00e8me portail automatique \u00e0 l&rsquo;entr\u00e9e du site<\/strong>, cr\u00e9ant ainsi un sas de s\u00e9curit\u00e9. \u00c7a faisait partie des modifications qui \u00e9taient \u00e0 l&rsquo;\u00e9tude pour s\u00e9curiser davantage le site, il y a des chances qu&rsquo;on acc\u00e9l\u00e8re le processus apr\u00e8s ce qu&rsquo;il vient de se passer.\u00a0\u00bb<\/p>\n<p style=\"text-align: justify\">\u00ab<em>Je suis \u00e0 l&rsquo;int\u00e9rieur, je suis cach\u00e9 dans un taillis<\/em>\u00bb, avait indiqu\u00e9 \u00e0 l&rsquo;AFP par t\u00e9l\u00e9phone M. Couasnon, originaire de P\u00e9rigueux, qui avait pr\u00e9cis\u00e9 avoir r\u00e9ussi \u00e0 p\u00e9n\u00e9trer peu avant 12 h sur le site de la centrale par un portail permettant l&rsquo;entr\u00e9e des voitures.<\/p>\n<p style=\"text-align: justify\">Le \u00abpo\u00e8te-escaladeur\u00bb, qui s&rsquo;\u00e9tait lanc\u00e9 dans la course \u00e0 la pr\u00e9sidentielle le 1er avril 2011 avant d&rsquo;abandonner en f\u00e9vrier, avait indiqu\u00e9 qu&rsquo;il souhaitait ainsi demander aux \u00ab<em>candidats qui d\u00e9battront ce soir qu&rsquo;ils tiennent leurs promesses<\/em> (&#8230;) <em>car les Fran\u00e7ais en ont marre de la soci\u00e9t\u00e9 dans laquelle ils vivent<\/em>\u00bb.<\/p>\n<p style=\"text-align: justify\">Selon la gendarmerie, 25 membres du Peloton sp\u00e9cial de protection de gendarmerie (PSPG) et neuf patrouilles du groupement d\u00e9partemental de gendarmerie de la Vienne, appuy\u00e9es par deux \u00e9quipes cynophiles, \u00e9taient sur place pour les recherches.<a name=\"cpcivaux\"><\/a><\/p>\n<p style=\"text-align: justify\">Un habitu\u00e9 des coups d&rsquo;\u00e9clats<\/p>\n<ul style=\"text-align: justify\">\n<li>En <strong>juillet 2002<\/strong>, Herv\u00e9 Couasnon, aujourd&rsquo;hui \u00e2g\u00e9 de 54 ans, avait r\u00e9ussi \u00e0 s&rsquo;approcher de <strong>Jean-Pierre Raffarin<\/strong>, alors Premier Ministre, \u00e0 la fin de son discours de politique g\u00e9n\u00e9rale \u00e0 l&rsquo;Assembl\u00e9e nationale, \u00e0 qui il avait voulu remettre une coupe.<\/li>\n<li>En <strong>novembre 2012<\/strong>, celui qui se fait appeler le <em>\u00ab po\u00e8te-escaladeur \u00bb<\/em>, avait failli \u00e9pingler <strong>Nicolas Sarkozy<\/strong>, alors ministre de l&rsquo;Int\u00e9rieur, \u00e0 son tableau de chasse, aux Assises des libert\u00e9s locales \u00e0 Bordeaux, auquel il voulait remettre une coupe et son \u00ab press-book \u00bb, mais il avait \u00e9t\u00e9 interpell\u00e9 avant de pouvoir p\u00e9n\u00e9trer dans la Cit\u00e9 mondiale du vin, o\u00f9 se tenaient ces Assises.<\/li>\n<li>En <strong>novembre 2003<\/strong>, il avait escalad\u00e9 sur l\u2019<strong>h\u00f4tel de ville de Rennes<\/strong>, jetant dans le vide po\u00e8mes et textes de chansons de sa composition aux passants de la rambarde du beffroi, situ\u00e9e \u00e0 une vingtaine de m\u00e8tres du sol.<\/li>\n<\/ul>\n<p style=\"text-align: justify\"><em>Nouvelle R\u00e9publique, Anthony Floc&rsquo;h, 2 mai 2012<\/em><\/p>\n","protected":false},"excerpt":{"rendered":"<p>Instrusion [sic] dans la centrale nucl\u00e9aire de Civaux : Herv\u00e9 Couasnon en garde \u00e0 vue \u00e0 Montmorillon Le fantasque autoproclam\u00e9 \u00ab\u00a0po\u00e8te-escaladeur\u00a0\u00bb Herv\u00e9 Couasnon, familier d&rsquo;actions autant farfelues que spectaculaires, s&rsquo;est introduit mercredi pendant une heure et demie sur le site de la centrale nucl\u00e9aire de Civaux pour interpeller les candidats \u00e0 la pr\u00e9sidentielle. Quelques heures &hellip; <a href=\"https:\/\/fa86.noblogs.org\/?p=5530\" class=\"more-link\">Continuer la lecture de <span class=\"screen-reader-text\">[Civaux] \u00ab\u00a0s\u00e9curit\u00e9 nucl\u00e9aire\u00a0\u00bb : intrusion r\u00e9ussie d&rsquo;un po\u00e8te-escaladeur<\/span> <span class=\"meta-nav\">&rarr;<\/span><\/a><\/p>\n","protected":false},"author":2691,"featured_media":0,"comment_status":"open","ping_status":"open","sticky":false,"template":"","format":"standard","meta":{"footnotes":""},"categories":[25,16],"tags":[],"class_list":["post-5530","post","type-post","status-publish","format-standard","hentry","category-antinucleaire","category-repression"],"_links":{"self":[{"href":"https:\/\/fa86.noblogs.org\/index.php?rest_route=\/wp\/v2\/posts\/5530","targetHints":{"allow":["GET"]}}],"collection":[{"href":"https:\/\/fa86.noblogs.org\/index.php?rest_route=\/wp\/v2\/posts"}],"about":[{"href":"https:\/\/fa86.noblogs.org\/index.php?rest_route=\/wp\/v2\/types\/post"}],"author":[{"embeddable":true,"href":"https:\/\/fa86.noblogs.org\/index.php?rest_route=\/wp\/v2\/users\/2691"}],"replies":[{"embeddable":true,"href":"https:\/\/fa86.noblogs.org\/index.php?rest_route=%2Fwp%2Fv2%2Fcomments&post=5530"}],"version-history":[{"count":2,"href":"https:\/\/fa86.noblogs.org\/index.php?rest_route=\/wp\/v2\/posts\/5530\/revisions"}],"predecessor-version":[{"id":5532,"href":"https:\/\/fa86.noblogs.org\/index.php?rest_route=\/wp\/v2\/posts\/5530\/revisions\/5532"}],"wp:attachment":[{"href":"https:\/\/fa86.noblogs.org\/index.php?rest_route=%2Fwp%2Fv2%2Fmedia&parent=5530"}],"wp:term":[{"taxonomy":"category","embeddable":true,"href":"https:\/\/fa86.noblogs.org\/index.php?rest_route=%2Fwp%2Fv2%2Fcategories&post=5530"},{"taxonomy":"post_tag","embeddable":true,"href":"https:\/\/fa86.noblogs.org\/index.php?rest_route=%2Fwp%2Fv2%2Ftags&post=5530"}],"curies":[{"name":"wp","href":"https:\/\/api.w.org\/{rel}","templated":true}]}}