{"id":5947,"date":"2012-06-09T15:58:29","date_gmt":"2012-06-09T13:58:29","guid":{"rendered":"http:\/\/fa86.noblogs.org\/?p=5947"},"modified":"2012-06-09T15:58:29","modified_gmt":"2012-06-09T13:58:29","slug":"union-europeenne-on-vous-dit-comment-vous-soigner-obeissez","status":"publish","type":"post","link":"https:\/\/fa86.noblogs.org\/?p=5947","title":{"rendered":"[Union Europ\u00e9enne] On vous dit comment vous soigner&#8230; Ob\u00e9issez !"},"content":{"rendered":"<p align=\"JUSTIFY\"><strong>[Union Europ\u00e9enne] On vous dit comment vous soigner&#8230; Ob\u00e9issez !<\/strong><\/p>\n<p align=\"JUSTIFY\">Vous qui aviez l&rsquo;habitude d&rsquo;acheter des produits naturels pour l&rsquo;alternative qu&rsquo;ils constituent aux traitements chimiques, pr\u00e9parez-vous \u00e0 les voir dispara\u00eetre du march\u00e9 d&rsquo;ici septembre 2012 (2022 pour les produits portant une marque de fabrique ou un nom commercial). Pourquoi ? Parce qu&rsquo;un r\u00e8glement europ\u00e9en (1924\/2006\/CE) concernant les all\u00e9gations nutritionnelles et de sant\u00e9 portant sur les denr\u00e9es alimentaires s&rsquo;appr\u00eate \u00e0 prendre effet.<\/p>\n<p align=\"JUSTIFY\">Ce r\u00e8glement pose probl\u00e8me \u00e0 plusieurs niveaux. Tout d&rsquo;abord, il interdit PAR PRINCIPE toute all\u00e9gation de sant\u00e9 sur les denr\u00e9es alimentaires\u00a0: les exceptions seront d\u00e9cid\u00e9es par l&rsquo;EFSA (European Food Safety Authority). Elle basera ses autorisations sur de complexes dossiers de \u00ab\u00a0demande d&rsquo;all\u00e9gation\u00a0\u00bb qui co\u00fbtent des milliers d&rsquo;euros d&rsquo;expertises. Aucun probl\u00e8me pour les grands groupes agro-alimentaires et pharma-industriels, mais les nombreux petits producteurs ne pourront \u00e9videmment pas faire face et mettront la cl\u00e9 sous la porte, laissant le champ libre \u00e0 ces groupes.<\/p>\n<p align=\"JUSTIFY\">Ce qui nous am\u00e8ne au deuxi\u00e8me probl\u00e8me, qui est une r\u00e9duction drastique du choix dans les produits naturels \u00e0 vis\u00e9e th\u00e9rapeutique, au profit du monopole d\u00e9tenu par l&rsquo;industrie pharmaceutique. Le but est on ne peut plus clair : couper court au d\u00e9veloppement de toute alternative th\u00e9rapeutique afin de favoriser la m\u00e9decine allopathique, l\u00e0 o\u00f9 elle n&rsquo;est pourtant pas toujours essentielle. De plus, qui dit r\u00e9duction de la diversit\u00e9 des produits dit augmentation de leurs prix. Ces derniers \u00e9chapperont aux bourses les plus l\u00e9g\u00e8res qui n&rsquo;ayant pas d&rsquo;alternatives, devront se reporter sur les m\u00e9dicaments chimiques.<\/p>\n<p align=\"JUSTIFY\">L&rsquo;IPSN (Institut pour la Protection de la Sant\u00e9 Naturelle) d\u00e9nonce ce r\u00e8glement et demande la signature d&rsquo;une p\u00e9tition dans le cadre de la proc\u00e9dure du r\u00e9f\u00e9rendum d&rsquo;initiative populaire. N&rsquo;allons pas croire que cette initiative s&rsquo;inscrive dans les seuls int\u00e9r\u00eats des petits producteurs et des consommateurs\u00a0; il s&rsquo;agit l\u00e0 aussi d&rsquo;un collectif de directeurs de laboratoires dirig\u00e9s par un consultant d&rsquo;un cabinet de lobbying, \u00e9laborant certes des produits naturels, mais dans le but \u00e9vident de faire du profit sur notre dos.<\/p>\n<p align=\"JUSTIFY\"><a href=\"https:\/\/fa86.noblogs.org\/files\/2012\/06\/ortie-dio\u00efque.jpg\"><img loading=\"lazy\" decoding=\"async\" class=\"alignright size-full wp-image-5948\" src=\"https:\/\/fa86.noblogs.org\/files\/2012\/06\/ortie-dio\u00efque.jpg\" alt=\"\" width=\"280\" height=\"268\" \/><\/a>Dans ce combat entre g\u00e9ants du lobbying, que devient le consommateur ? Encore une fois entre le marteau et l&rsquo;enclume, il attend servilement le r\u00e9sultat du match. Sortons de notre esclavage, devenons ma\u00eetres de notre sant\u00e9. En attendant une hypoth\u00e9tique r\u00e9volution sociale qui exproprie les laboratoires pharmaceutiques et r\u00e9oriente la recherche autour des besoins r\u00e9els de sant\u00e9 des populations, il nous est d&rsquo;ores et d\u00e9j\u00e0 possible de nous r\u00e9approprier bien des savoirs connus de nos ancien-ne-s, concernant l&rsquo;usage des plantes m\u00e9dicinales. Soyons curieux de ce que la nature a \u00e0 nous offrir&#8230; et partageons nos connaissances avec nos voisins, dans la lutte pour l&rsquo;ind\u00e9pendance vis-\u00e0-vis des industriels et des institutions. Une lutte qui s&rsquo;inscrit plus globalement contre l&rsquo;accaparement du vivant par les groupes capitalistes, et peut rejoindre celle que m\u00e8nent de nombreuses associations contre les lobbys semenciers.<\/p>\n<p align=\"JUSTIFY\">Le groupe Pavillon Noir a propos\u00e9 le 30 mai dernier une visite du jardin botanique de Poitiers, avec une description des innombrables usages alimentaires, condimentaires et m\u00e9dicinaux des esp\u00e8ces v\u00e9g\u00e9tales pr\u00e9sentes dans ce jardin, accompagn\u00e9e des pr\u00e9cautions indispensables \u00e0 prendre dans l&rsquo;autom\u00e9dication. Une brochure r\u00e9sum\u00e9e est d&rsquo;ores et d\u00e9j\u00e0 disponible sur <a href=\"https:\/\/fa86.noblogs.org\/?page_id=5898\" target=\"_blank\">un nouvel onglet du site du groupe<\/a>*. Le descriptif d&rsquo;autres plantes courantes suivra.<\/p>\n<p align=\"JUSTIFY\">*<a href=\"https:\/\/fa86.noblogs.org\/\">http:\/\/fa86.noblogs.org\/<\/a><\/p>\n<p align=\"JUSTIFY\"><em>Lupino &amp; Salvia, 9 juin 2012<\/em><\/p>\n","protected":false},"excerpt":{"rendered":"<p>[Union Europ\u00e9enne] On vous dit comment vous soigner&#8230; Ob\u00e9issez ! Vous qui aviez l&rsquo;habitude d&rsquo;acheter des produits naturels pour l&rsquo;alternative qu&rsquo;ils constituent aux traitements chimiques, pr\u00e9parez-vous \u00e0 les voir dispara\u00eetre du march\u00e9 d&rsquo;ici septembre 2012 (2022 pour les produits portant une marque de fabrique ou un nom commercial). Pourquoi ? Parce qu&rsquo;un r\u00e8glement europ\u00e9en (1924\/2006\/CE) &hellip; <a href=\"https:\/\/fa86.noblogs.org\/?p=5947\" class=\"more-link\">Continuer la lecture de <span class=\"screen-reader-text\">[Union Europ\u00e9enne] On vous dit comment vous soigner&#8230; Ob\u00e9issez !<\/span> <span class=\"meta-nav\">&rarr;<\/span><\/a><\/p>\n","protected":false},"author":2691,"featured_media":0,"comment_status":"open","ping_status":"open","sticky":false,"template":"","format":"standard","meta":{"footnotes":""},"categories":[18,8,17,16],"tags":[],"class_list":["post-5947","post","type-post","status-publish","format-standard","hentry","category-decroissance-libertaire","category-ecrits","category-education-populaire","category-repression"],"_links":{"self":[{"href":"https:\/\/fa86.noblogs.org\/index.php?rest_route=\/wp\/v2\/posts\/5947","targetHints":{"allow":["GET"]}}],"collection":[{"href":"https:\/\/fa86.noblogs.org\/index.php?rest_route=\/wp\/v2\/posts"}],"about":[{"href":"https:\/\/fa86.noblogs.org\/index.php?rest_route=\/wp\/v2\/types\/post"}],"author":[{"embeddable":true,"href":"https:\/\/fa86.noblogs.org\/index.php?rest_route=\/wp\/v2\/users\/2691"}],"replies":[{"embeddable":true,"href":"https:\/\/fa86.noblogs.org\/index.php?rest_route=%2Fwp%2Fv2%2Fcomments&post=5947"}],"version-history":[{"count":2,"href":"https:\/\/fa86.noblogs.org\/index.php?rest_route=\/wp\/v2\/posts\/5947\/revisions"}],"predecessor-version":[{"id":5950,"href":"https:\/\/fa86.noblogs.org\/index.php?rest_route=\/wp\/v2\/posts\/5947\/revisions\/5950"}],"wp:attachment":[{"href":"https:\/\/fa86.noblogs.org\/index.php?rest_route=%2Fwp%2Fv2%2Fmedia&parent=5947"}],"wp:term":[{"taxonomy":"category","embeddable":true,"href":"https:\/\/fa86.noblogs.org\/index.php?rest_route=%2Fwp%2Fv2%2Fcategories&post=5947"},{"taxonomy":"post_tag","embeddable":true,"href":"https:\/\/fa86.noblogs.org\/index.php?rest_route=%2Fwp%2Fv2%2Ftags&post=5947"}],"curies":[{"name":"wp","href":"https:\/\/api.w.org\/{rel}","templated":true}]}}