{"id":5967,"date":"2012-06-12T10:31:47","date_gmt":"2012-06-12T08:31:47","guid":{"rendered":"http:\/\/fa86.noblogs.org\/?p=5967"},"modified":"2012-06-12T10:52:08","modified_gmt":"2012-06-12T08:52:08","slug":"poitiers-marginaux-pour-qui","status":"publish","type":"post","link":"https:\/\/fa86.noblogs.org\/?p=5967","title":{"rendered":"[Poitiers] \u00ab\u00a0Marginaux\u00a0\u00bb pour qui ?"},"content":{"rendered":"<p style=\"text-align: justify\">Une fois n&rsquo;est pas coutume, deux articles bien d\u00e9gueulasses sur les \u00ab\u00a0marginaux\u00a0\u00bb du centre-ville de Poitiers sont parus ce matin dans la presse quotidienne r\u00e9gionale. Il s&rsquo;agit de personnes &#8211; avouons-le, pour la plupart des potes-ses &#8211;\u00a0n&rsquo;ayant pas toujours\u00a0les signes ext\u00e9rieurs de la r\u00e9ussite sociale, qui passent du temps ensemble, dehors dans la rue, et qui discutent volontiers avec qui veut bien se joindre \u00e0 elles pour passer un bon moment, partager les gal\u00e8res et les bons plans, rire, boire un coup et pourquoi pas, refaire le monde.<\/p>\n<p style=\"text-align: justify\">Voil\u00e0 qui est insupportable pour les chantres d&rsquo;un centre-ville charcut\u00e9 par l&rsquo;op\u00e9ration \u00ab\u00a0coeur d&rsquo;agglo\u00a0\u00bb, aseptis\u00e9 de toute relation\u00a0qui ne passe pas par leur magnanime autorisation. Tout bon citoyen se doit de passer par l&rsquo;octroi de quelques pi\u00e8ces de monnaie pour \u00e9changer avec les autres : payer son parking ou son ticket de bus d&rsquo;abord, boire un coup ensuite, mais \u00e0 condition de le faire assis\u00a0 dans le p\u00e9rim\u00e8tre de\u00a0la terrasse d&rsquo;un limonadier pour l&rsquo;aider \u00e0 payer sa patente \u00e0 la mairie (ou d&rsquo;\u00eatre membre de la confr\u00e9rie des alcoolo-machos Bittards, \u00e0 qui l&rsquo;on remet les cl\u00e9s de la mairie, car c&rsquo;est la tradition).\u00a0\u00a0Se loger oui, \u00e0 condition de ne pas occuper l&rsquo;un des nombreux logements vacants d&rsquo;une mafia immobili\u00e8re, et d&rsquo;avoir un travail d&rsquo;esclave docile pour payer le loyer. Se promener oui, mais selon le parcours touristique des rues pav\u00e9es de coeur d&rsquo;agglo, \u00e0 l&rsquo;ombre des enseignes marchandes et des affiches publicitaires, l&rsquo;esprit disponible \u00e0 l&rsquo;achat ou \u00e0 l&rsquo;esclavage salari\u00e9, le porte-monnaie g\u00e9n\u00e9reusement ouvert. Faire la f\u00eate oui, mais \u00e0 l&rsquo;occasion des journ\u00e9es du calendrier\u00a0\u00ab\u00a0culturel\u00a0\u00bb\u00a0d\u00e9cr\u00e9t\u00e9 par la mairie. Utiliser les salles municipales oui, \u00e0 condition d&rsquo;avoir une \u00e9tiquette d&rsquo;association subventionn\u00e9e d\u00e9clar\u00e9e en pr\u00e9fecture, ou de se pr\u00e9senter aux \u00e9lections citoyennes. Diffuser des tracts oui, \u00e0 condition de ne pas mettre le mot anarchiste dedans. Manifester oui, mais \u00e0 condition de demander un coup de tampon du pr\u00e9fet, d&rsquo;exprimer des demandes aux \u00ab\u00a0\u00e9lu-e-s du peuple\u00a0\u00bb, et de poser tout sourire pour les cam\u00e9ras des bons vigiles en uniforme bleu marine.<\/p>\n<p style=\"text-align: justify\"><a href=\"https:\/\/fa86.noblogs.org\/files\/2012\/06\/peace-maker.jpg\"><img loading=\"lazy\" decoding=\"async\" class=\"alignnone size-full wp-image-5968\" src=\"https:\/\/fa86.noblogs.org\/files\/2012\/06\/peace-maker.jpg\" alt=\"\" width=\"520\" height=\"453\" srcset=\"https:\/\/fa86.noblogs.org\/files\/2012\/06\/peace-maker.jpg 520w, https:\/\/fa86.noblogs.org\/files\/2012\/06\/peace-maker-300x261.jpg 300w\" sizes=\"auto, (max-width: 520px) 100vw, 520px\" \/><\/a><\/p>\n<p style=\"text-align: justify\"><em>Op\u00e9ration \u00ab\u00a0peace maker\u00a0\u00bb\u00a0sur\u00a0coeur d&rsquo;agglo\u00a0<\/em><\/p>\n<p style=\"text-align: justify\">Entre la convivialit\u00e9 et les bons moments d&rsquo;un c\u00f4t\u00e9, et la volont\u00e9 de transformer le centre-ville en dispositif marchand, o\u00f9 seuls les vendeurs-euses et les consommateurs-trices sont admis-es, le choix est vite fait pour les pouvoirs locaux (pr\u00e9fet, flics, mairie, journalistes&#8230;).<\/p>\n<p style=\"text-align: justify\">Ces pouvoirs qui pr\u00e9tendent d\u00e9cider \u00e0 notre place de tout ce qui doit se passer sur l&rsquo;espace o\u00f9 nous vivons et qu&rsquo;ils d\u00e9sirent contr\u00f4ler, r\u00e9clament toujours plus de r\u00e9pression de nos mouvements, de nos activit\u00e9s et de nos relations. C&rsquo;est cette volont\u00e9 mortif\u00e8re qui se traduit dans les pav\u00e9s carr\u00e9s de coeur d&rsquo;agglo, dans les rubriques carr\u00e9es des torchons\u00a0de la presse locale, dans les fa\u00e7ades carr\u00e9es des institutions de pouvoir, dans les sucettes carr\u00e9es de Decaux. Cette volont\u00e9 morbide de tout enfermer, qui\u00a0relaie la complainte des marchands et des flics, alors m\u00eame que ne cesse de\u00a0s&rsquo;intensifier le harc\u00e8lement policier (contr\u00f4les d&rsquo;identit\u00e9 des m\u00eames, plusieurs fois par jour ; flicage de l&rsquo;assistance sociale, des juges et autres services d&rsquo;insertion et de probation\u00a0\u00a0; arrestations suivies de\u00a0gardes \u00e0 vue voire de peines de prison). Cette \u00ab\u00a0purification sociale\u00a0\u00bb est d\u00e9nonc\u00e9e entre autres\u00a0par D\u00e9mocratie r\u00e9elle maintenant 86, par le Comit\u00e9 poitevin contre la r\u00e9pression des mouvements sociaux, par le DAL 86&#8230; mais leur voix est \u00e9videmment ignor\u00e9e ou calomni\u00e9e par la presse et la mairie. La\u00a0\u00a0propagande des croquemorts en uniforme, en \u00e9charpe tricolore ou \u00e0 carte de presse, a de beaux jours devant elle, si nous ne r\u00e9agissons pas ensemble pour occuper\u00a0les lieux o\u00f9 nous vivons ensemble.<\/p>\n<p style=\"text-align: justify\"><em>Pavillon Noir, 12 juin 2012<\/em><\/p>\n<p style=\"text-align: justify\"><strong><a href=\"http:\/\/www.lanouvellerepublique.fr\/Vienne\/Actualite\/Faits-divers-justice\/n\/Contenus\/Articles\/2012\/06\/12\/La-presence-des-marginaux-agace-les-commercants\" target=\"_blank\">La pr\u00e9sence des marginaux agace les commer\u00e7ants<\/a><\/strong><\/p>\n<p style=\"text-align: justify\">La tension monte chez les commer\u00e7ants du centre-ville face \u00e0 la pr\u00e9sence de plus en plus forte de marginaux sur fond d\u2019alcool et de chiens qui divaguent.<\/p>\n<p style=\"text-align: justify\">Les commer\u00e7ants du centre-ville de Poitiers sont d\u00e9boussol\u00e9s et de plus en plus agac\u00e9s. La pr\u00e9sence accrue de groupes de marginaux escort\u00e9s de leurs chiens sur la voie publique concentre les critiques.<\/p>\n<p style=\"text-align: justify\">A chaque pas-de-porte, entre la place Notre-Dame et l&rsquo;\u00eelot des Cordeliers, c&rsquo;est le m\u00eame refrain qui revient en boucle. En centre-ville, c&rsquo;est le sujet qui f\u00e2che. Et en mairie, c&rsquo;est le casse-t\u00eate qui fait phosphorer.<\/p>\n<p style=\"text-align: justify\"><strong>\u00ab\u00a0\u2009Les arr\u00eat\u00e9s municipaux, qui les applique\u2009?\u2009\u00a0\u00bb<\/strong><\/p>\n<p style=\"text-align: justify\"><em>\u00ab Certains soirs, on se retrouve avec dix personnes et leurs chiens qui sont juste \u00e0 c\u00f4t\u00e9 de la terrasse. Les personnes mendient, agressent verbalement les clients qui ne veulent pas donner. J&rsquo;ai constamment des d\u00e9gradations sur ma terrasse le vendredi matin et le samedi matin. Je suis m\u00eame oblig\u00e9 d&rsquo;attacher les pots de fleurs \u00bb<\/em>, r\u00e9agit Damien Chevalier, du bar le Picto. <em>\u00ab Le soir, ils font fuir la client\u00e8le. Les vendeuses qui travaillent aux Cordeliers, pr\u00e9f\u00e8rent aller prendre le bus \u00e0 Boncenne plut\u00f4t que de tomber sur eux \u00e0 Notre-Dame. C&rsquo;est un vrai probl\u00e8me, on le ressent clairement sur notre activit\u00e9. \u00bb<\/em> Un peu plus haut, rue des Cordeliers, le coiffeur \u00c9ric Soulard \u00e0 l&rsquo;enseigne \u00ab\u00a0\u2009Diff\u00e9rence\u2009\u00a0\u00bb s&rsquo;\u00e9nerve contre ces groupes qui d\u00e9ambulent bi\u00e8re en main d\u00e8s le matin. <em>\u00ab En fin de journ\u00e9e, ils sont dans le square ou juste devant et ils bloquent le passage, les chiens divaguent et ils demandent de l&rsquo;argent. Tout le monde est g\u00ean\u00e9. Je reviens de Bordeaux, ils n&rsquo;en sont pas l\u00e0. Je croyais qu&rsquo;il y avait des arr\u00eat\u00e9s municipaux \u00e0 Poitiers (1). Qui est-ce qui les applique\u2009? \u00bb<\/em> <em>\u00ab J&rsquo;aimerais bien savoir combien de proc\u00e9dures sont dress\u00e9es pour ivresse publique\u2009? \u00bb<\/em>, rench\u00e9rit un voisin en rappelant les diff\u00e9rents arr\u00eat\u00e9s anti-alcool pris par le maire de Poitiers. Des patrons de bar s&rsquo;\u00e9nervent carr\u00e9ment d&rsquo;avoir eu \u00e0 subir les foudres de proc\u00e9dures visant leur commerce ou leurs clients quand, dans le m\u00eame temps, d&rsquo;autres pourraient s&rsquo;alcooliser tranquillement sur la voie publique. Les autorit\u00e9s contestent qu&rsquo;il y ait le moindre deux poids deux mesures en la mati\u00e8re. Au tabac presse le Brazza, Philippe Desbourdes, enregistre lui aussi une baisse d&rsquo;activit\u00e9 le soir. <em>\u00ab A partir de 19\u2009h, on a beaucoup moins de monde \u00e0 cause de leur pr\u00e9sence. L\u00e0 o\u00f9 on faisait cent clients en une heure, entre 19\u2009h et 20\u2009h, on n&rsquo;en fait plus que quarante. Nous, en plus on habite au dessus. On ne dort pas la nuit. C&rsquo;est souvent des bagarres, ils tapent dans les grilles, \u00e7a d\u00e9clenche l&rsquo;alarme. Et les gens qui n&rsquo;osent plus rentrer dans Notre-Dame parce qu&rsquo;ils restent tout le temps devant l&rsquo;entr\u00e9e. \u00bb<\/em> En plus des d\u00e9marches individuelles de commer\u00e7ants exc\u00e9d\u00e9s, la F\u00e9d\u00e9ration des acteurs \u00e9conomiques a \u00e9crit au maire pour demander l&rsquo;organisation d&rsquo;une r\u00e9union. Elle doit avoir lieu tr\u00e8s prochainement.<\/p>\n<p style=\"text-align: justify\"><em>(1) En 2008, Alain Claeys \u00e9tendait l&rsquo;arr\u00eat\u00e9 interdisant la consommation d&rsquo;alcool sur la voie publique. Elle est sanctionn\u00e9e par une amende de 11\u2009\u20ac. Fin mai 2012, c&rsquo;est la vente d&rsquo;alcool \u00e0 emporter, apr\u00e8s 21\u2009h, qui \u00e9tait interdite.<\/em><\/p>\n<p style=\"text-align: justify\"><em>Nouvelle R\u00e9publique, Emmanuel Coupaye, 12 juin 2012<\/em><\/p>\n<p style=\"text-align: justify\"><strong><a href=\"http:\/\/www.lanouvellerepublique.fr\/Vienne\/Actualite\/Faits-divers-justice\/n\/Contenus\/Articles\/2012\/06\/12\/La-mairie-cherche-la-bonne-reponse\" target=\"_blank\">La mairie cherche la bonne r\u00e9ponse<\/a><\/strong><\/p>\n<p style=\"text-align: justify\"><em>Si la question du rassemblement des marginaux en plus grand nombre agace les commer\u00e7ants, il embarrasse aussi la Ville. <em>\u00ab Il nous faut trouver un juste milieu \u00bb, <\/em>conc\u00e8de Jean-Claude Bonnefon, conseiller municipal d\u00e9l\u00e9gu\u00e9 \u00e0 la tranquillit\u00e9 publique. <em>\u00ab On nous a reproch\u00e9 il y a quelques ann\u00e9es qu&rsquo;il y avait trop de policiers, et maintenant on serait laxistes\u2009! \u00bb<\/em> L&rsquo;\u00e9lu r\u00e9fute le sentiment exprim\u00e9 par les commer\u00e7ants, selon lequel les policiers municipaux ou nationaux ne feraient rien contre les groupes de chiens qui divaguent ni contre la consommation r\u00e9p\u00e9t\u00e9e d&rsquo;alcool sur la voie publique. Deux infractions qui tombent sous le coup d&rsquo;arr\u00eat\u00e9s municipaux. <em>\u00ab On discute en permanence de cette question en ce moment avec la police mais aussi avec la pr\u00e9fecture. Une r\u00e9union interne est pr\u00e9vue jeudi en mairie avec la police, les services sociaux\u2026 Elle \u00e9tait d\u00e9j\u00e0 programm\u00e9e avant que la FAE nous \u00e9crive. J&rsquo;ai demand\u00e9 une note au CCAS pour savoir d&rsquo;o\u00f9 viennent toutes ces personnes car, ce qui est certain, c&rsquo;est qu&rsquo;ils sont beaucoup plus nombreux. \u00bb<\/em> Quelle r\u00e9ponse apporter \u00e0 la situation actuelle\u2009? <em>\u00ab On va voir. Je ne dis pas qu&rsquo;il ne se passe rien. Il faut peut-\u00eatre accentuer les patrouilles. A un moment, c&rsquo;est s\u00fbr, on ne peut plus \u00eatre dans le traitement social. \u00bb<\/em><\/em><\/p>\n<p style=\"text-align: justify\">Nouvelle R\u00e9publique, 12 juin 2012<\/p>\n","protected":false},"excerpt":{"rendered":"<p>Une fois n&rsquo;est pas coutume, deux articles bien d\u00e9gueulasses sur les \u00ab\u00a0marginaux\u00a0\u00bb du centre-ville de Poitiers sont parus ce matin dans la presse quotidienne r\u00e9gionale. Il s&rsquo;agit de personnes &#8211; avouons-le, pour la plupart des potes-ses &#8211;\u00a0n&rsquo;ayant pas toujours\u00a0les signes ext\u00e9rieurs de la r\u00e9ussite sociale, qui passent du temps ensemble, dehors dans la rue, et &hellip; <a href=\"https:\/\/fa86.noblogs.org\/?p=5967\" class=\"more-link\">Continuer la lecture de <span class=\"screen-reader-text\">[Poitiers] \u00ab\u00a0Marginaux\u00a0\u00bb pour qui ?<\/span> <span class=\"meta-nav\">&rarr;<\/span><\/a><\/p>\n","protected":false},"author":2691,"featured_media":0,"comment_status":"open","ping_status":"open","sticky":false,"template":"","format":"standard","meta":{"footnotes":""},"categories":[21,19,8,12,7,16,4],"tags":[],"class_list":["post-5967","post","type-post","status-publish","format-standard","hentry","category-desinformation-bourgeoise","category-dystopie-urbaine","category-ecrits","category-okupa-y-resiste","category-propagande-marchande","category-repression","category-se-trouver"],"_links":{"self":[{"href":"https:\/\/fa86.noblogs.org\/index.php?rest_route=\/wp\/v2\/posts\/5967","targetHints":{"allow":["GET"]}}],"collection":[{"href":"https:\/\/fa86.noblogs.org\/index.php?rest_route=\/wp\/v2\/posts"}],"about":[{"href":"https:\/\/fa86.noblogs.org\/index.php?rest_route=\/wp\/v2\/types\/post"}],"author":[{"embeddable":true,"href":"https:\/\/fa86.noblogs.org\/index.php?rest_route=\/wp\/v2\/users\/2691"}],"replies":[{"embeddable":true,"href":"https:\/\/fa86.noblogs.org\/index.php?rest_route=%2Fwp%2Fv2%2Fcomments&post=5967"}],"version-history":[{"count":10,"href":"https:\/\/fa86.noblogs.org\/index.php?rest_route=\/wp\/v2\/posts\/5967\/revisions"}],"predecessor-version":[{"id":5970,"href":"https:\/\/fa86.noblogs.org\/index.php?rest_route=\/wp\/v2\/posts\/5967\/revisions\/5970"}],"wp:attachment":[{"href":"https:\/\/fa86.noblogs.org\/index.php?rest_route=%2Fwp%2Fv2%2Fmedia&parent=5967"}],"wp:term":[{"taxonomy":"category","embeddable":true,"href":"https:\/\/fa86.noblogs.org\/index.php?rest_route=%2Fwp%2Fv2%2Fcategories&post=5967"},{"taxonomy":"post_tag","embeddable":true,"href":"https:\/\/fa86.noblogs.org\/index.php?rest_route=%2Fwp%2Fv2%2Ftags&post=5967"}],"curies":[{"name":"wp","href":"https:\/\/api.w.org\/{rel}","templated":true}]}}