{"id":6062,"date":"2012-06-22T09:07:54","date_gmt":"2012-06-22T07:07:54","guid":{"rendered":"http:\/\/fa86.noblogs.org\/?p=6062"},"modified":"2012-06-22T09:08:15","modified_gmt":"2012-06-22T07:08:15","slug":"ingrandes-les-salaries-de-la-coop-atlantique-en-lutte","status":"publish","type":"post","link":"https:\/\/fa86.noblogs.org\/?p=6062","title":{"rendered":"[Ingrandes] Les salari\u00e9-e-s de la Coop Atlantique en lutte"},"content":{"rendered":"<p style=\"text-align: justify\"><strong><a href=\"http:\/\/www.lanouvellerepublique.fr\/Vienne\/Actualite\/Economie-social\/n\/Contenus\/Articles\/2012\/06\/22\/Le-ton-est-encore-monte-a-la-Coop-Atlantique\" target=\"_blank\">Le ton est encore mont\u00e9 \u00e0 la Coop Atlantique<\/a><\/strong><\/p>\n<p style=\"text-align: justify\">Les salari\u00e9s de la Coop Atlantique, \u00e0 Ingrandes, craignent pour leur travail. Ils veulent en appeler aux coop\u00e9rateurs.<\/p>\n<p style=\"text-align: justify\"><a href=\"https:\/\/fa86.noblogs.org\/files\/2012\/06\/Le-ton-est-encore-monte-a-la-Coop-Atlantique_image_article_large.jpg\"><img loading=\"lazy\" decoding=\"async\" class=\"alignnone size-full wp-image-6063\" src=\"https:\/\/fa86.noblogs.org\/files\/2012\/06\/Le-ton-est-encore-monte-a-la-Coop-Atlantique_image_article_large.jpg\" alt=\"\" width=\"488\" height=\"266\" srcset=\"https:\/\/fa86.noblogs.org\/files\/2012\/06\/Le-ton-est-encore-monte-a-la-Coop-Atlantique_image_article_large.jpg 488w, https:\/\/fa86.noblogs.org\/files\/2012\/06\/Le-ton-est-encore-monte-a-la-Coop-Atlantique_image_article_large-300x163.jpg 300w\" sizes=\"auto, (max-width: 488px) 100vw, 488px\" \/><\/a><\/p>\n<p style=\"text-align: justify\"><em>Nouvelle action de d\u00e9brayage, hier matin \u00e0 la Coop Atlantique d&rsquo;Ingrandes<\/em><\/p>\n<p style=\"text-align: justify\">Il est tout juste 8\u2009h, \u00e0 l&rsquo;entr\u00e9e de la Coop Atlantique. D\u00e9j\u00e0, un camion est bloqu\u00e9 par le piquet de gr\u00e8ve. Une demi-heure plus tard, \u00e0 la fin du d\u00e9brayage, ils seront une dizaine de poids lourds stationn\u00e9s en file indienne \u00e0 prendre leur mal en patience.<\/p>\n<p style=\"text-align: justify\">De la patience, les salari\u00e9s de la Coop Atlantique n&rsquo;en ont plus beaucoup, eux. Depuis qu&rsquo;ils ont appris les lourdes menaces qui p\u00e8sent sur le d\u00e9p\u00f4t d&rsquo;Ingrandes o\u00f9 ils travaillent, la tension est palpable. Leur crainte\u2009: voir les d\u00e9p\u00f4ts de Saintes, Limoges et Ingrandes fermer pour \u00eatre remplac\u00e9s par une plateforme beaucoup plus moderne \u00e0 Ruffec.<\/p>\n<p style=\"text-align: justify\"><strong>\u00ab\u00a0\u2009On veut le d\u00e9part du P.-D.G.\u2009\u00a0\u00bb <\/strong><\/p>\n<p style=\"text-align: justify\"><em>\u00ab Maintenant, on veut savoir,<\/em> assure Christian Triphose, le secr\u00e9taire du comit\u00e9 d&rsquo;entreprise. <em>Et pour cela, nous exigeons de pouvoir prendre connaissance du contrat qui a \u00e9t\u00e9 pass\u00e9 entre la Coop Atlantique et Syst\u00e8me U \u00e0 la signature du partenariat entre les deux groupes. Car nous sommes persuad\u00e9s que tout ce qui concerne l&rsquo;avenir des d\u00e9p\u00f4ts y est pr\u00e9cis\u00e9. \u00bb<\/em> Alors, d\u00e9sormais, \u00e0 chaque venue du directeur de la logistique de la Coop Atlantique \u00e0 Ingrandes, les salari\u00e9s entameront un d\u00e9brayage\u2026 Jusqu&rsquo;\u00e0 obtenir satisfaction. <em>\u00ab Aujourd&rsquo;hui, le directeur de la logistique vient pour nous fixer des quotas de productivit\u00e9 irr\u00e9alisables. Dans le m\u00eame temps, la direction a engag\u00e9 une action pour supprimer notre prime d&rsquo;anciennet\u00e9 et \u00e0 chacune de nos demandes, on r\u00e9pond que si nous \u00e9tions aussi productifs que les salari\u00e9s de Syst\u00e8me U, tout irait beaucoup mieux. Mais un chef d&rsquo;\u00e9quipe de Syst\u00e8me U, il a 300\u2009\u20ac de plus chaque mois qu&rsquo;un chef d&rsquo;\u00e9quipe ici, c&rsquo;est une sacr\u00e9e motivation, non\u2009? \u00bb<\/em> Alors, les salari\u00e9s de la Coop qui ont lanc\u00e9 une p\u00e9tition et ont d\u00e9j\u00e0 recueilli plus de 5.000 signatures, envisagent d&rsquo;en appeler au Conseil de surveillance de l&rsquo;entreprise. <em>\u00ab En nous adressant aux coop\u00e9rateurs, on sera peut-\u00eatre entendu. Et parmi nos demandes, d\u00e9sormais, figurent le d\u00e9part de notre P.-D.G et celui du directeur de la logistique. Ils n&rsquo;ont fait qu&rsquo;accumuler les erreurs et mettent l&rsquo;entreprise en danger \u00bb.<\/em> Ambiance.<\/p>\n<p style=\"text-align: justify\"><em>Nouvelle R\u00e9publique, Laurent Pinot, 22 juin 2012<\/em><\/p>\n","protected":false},"excerpt":{"rendered":"<p>Le ton est encore mont\u00e9 \u00e0 la Coop Atlantique Les salari\u00e9s de la Coop Atlantique, \u00e0 Ingrandes, craignent pour leur travail. Ils veulent en appeler aux coop\u00e9rateurs. Nouvelle action de d\u00e9brayage, hier matin \u00e0 la Coop Atlantique d&rsquo;Ingrandes Il est tout juste 8\u2009h, \u00e0 l&rsquo;entr\u00e9e de la Coop Atlantique. D\u00e9j\u00e0, un camion est bloqu\u00e9 par &hellip; <a href=\"https:\/\/fa86.noblogs.org\/?p=6062\" class=\"more-link\">Continuer la lecture de <span class=\"screen-reader-text\">[Ingrandes] Les salari\u00e9-e-s de la Coop Atlantique en lutte<\/span> <span class=\"meta-nav\">&rarr;<\/span><\/a><\/p>\n","protected":false},"author":2691,"featured_media":0,"comment_status":"open","ping_status":"open","sticky":false,"template":"","format":"standard","meta":{"footnotes":""},"categories":[9,22],"tags":[],"class_list":["post-6062","post","type-post","status-publish","format-standard","hentry","category-la-rue-grogne","category-le-travail-tue"],"_links":{"self":[{"href":"https:\/\/fa86.noblogs.org\/index.php?rest_route=\/wp\/v2\/posts\/6062","targetHints":{"allow":["GET"]}}],"collection":[{"href":"https:\/\/fa86.noblogs.org\/index.php?rest_route=\/wp\/v2\/posts"}],"about":[{"href":"https:\/\/fa86.noblogs.org\/index.php?rest_route=\/wp\/v2\/types\/post"}],"author":[{"embeddable":true,"href":"https:\/\/fa86.noblogs.org\/index.php?rest_route=\/wp\/v2\/users\/2691"}],"replies":[{"embeddable":true,"href":"https:\/\/fa86.noblogs.org\/index.php?rest_route=%2Fwp%2Fv2%2Fcomments&post=6062"}],"version-history":[{"count":3,"href":"https:\/\/fa86.noblogs.org\/index.php?rest_route=\/wp\/v2\/posts\/6062\/revisions"}],"predecessor-version":[{"id":6066,"href":"https:\/\/fa86.noblogs.org\/index.php?rest_route=\/wp\/v2\/posts\/6062\/revisions\/6066"}],"wp:attachment":[{"href":"https:\/\/fa86.noblogs.org\/index.php?rest_route=%2Fwp%2Fv2%2Fmedia&parent=6062"}],"wp:term":[{"taxonomy":"category","embeddable":true,"href":"https:\/\/fa86.noblogs.org\/index.php?rest_route=%2Fwp%2Fv2%2Fcategories&post=6062"},{"taxonomy":"post_tag","embeddable":true,"href":"https:\/\/fa86.noblogs.org\/index.php?rest_route=%2Fwp%2Fv2%2Ftags&post=6062"}],"curies":[{"name":"wp","href":"https:\/\/api.w.org\/{rel}","templated":true}]}}