{"id":6095,"date":"2012-06-26T11:07:13","date_gmt":"2012-06-26T09:07:13","guid":{"rendered":"http:\/\/fa86.noblogs.org\/?p=6095"},"modified":"2012-06-26T11:07:13","modified_gmt":"2012-06-26T09:07:13","slug":"notre-dame-des-landes-7-11-juillet-forum-europeen-contre-les-grands-projets-inutiles","status":"publish","type":"post","link":"https:\/\/fa86.noblogs.org\/?p=6095","title":{"rendered":"[Notre-Dame des Landes] 7-11 juillet : forum europ\u00e9en contre les grands projets inutiles"},"content":{"rendered":"<p style=\"text-align: justify\"><strong><a href=\"http:\/\/www.npa86.org\/spip.php?article2488\" target=\"_blank\">L\u2019antinucl\u00e9aire, une lutte globale contre la soci\u00e9t\u00e9 capitaliste<\/a><\/strong><\/p>\n<p style=\"text-align: justify\">Ainsi donc, gr\u00e2ce \u00e0 la victoire des socialistes et au combat acharn\u00e9 men\u00e9 par EELV contre le nucl\u00e9aire, nous avons obtenu l\u2019annonce de la fermeture de la centrale de Fessenheim d\u2019ici \u00e0 la fin du quinquennat et la promesse de ramener \u00e0 50 % la part du nucl\u00e9aire dans la production d\u2019\u00e9lectricit\u00e9 (qui est actuellement de 75 %) d\u2019ici \u00e0\u2026 2025 ! Bravo !<\/p>\n<p style=\"text-align: justify\">Ces quelques \u00ab m\u00eame pas miettes \u00bb jet\u00e9es aux \u00e9colos en \u00e9change de bons et loyaux services au syst\u00e8me capitaliste nous montrent \u00e0 quel point les tergiversations pour \u00e9carter l\u2019orientation d\u2019\u00ab arr\u00eat imm\u00e9diat du nucl\u00e9aire \u00bb ont \u00e9t\u00e9 improductives. Entre la d\u00e9cision imm\u00e9diate de sortie dans 25 ans, dans 10 ans ou dans 5 ans et la diminution partielle et progressive en 15 ans, il ne s\u2019agit finalement que de prendre en compte le fait que la fin du nucl\u00e9aire ne doit pas nuire au syst\u00e8me \u00e9conomique qui nous r\u00e9git et \u00e0 ceux qui le dirigent. Les sommes investies dans cette industrie depuis des d\u00e9cennies sont telles qu\u2019il faut le temps de les rentabiliser largement avant de songer \u00e0 investir et \u00e0 explorer d\u2019autres terrains et d\u2019autres march\u00e9s \u00e0 conqu\u00e9rir. 20, 30, 50 ans, c\u2019est le d\u00e9lai qu\u2019il leur faut pour faire du solaire, de l\u2019\u00e9olien, de la g\u00e9othermie, un gisement de profit aussi juteux que le nucl\u00e9aire. Laissons-leur le temps de se reconvertir, disent de fait nos \u00e9colos de minist\u00e8re et leurs soutiens, en laissant croire que ce d\u00e9lai est incompressible et n\u00e9cessaire \u00e0 nous tous, \u00e0 notre soci\u00e9t\u00e9 \u00ab citoyenne \u00bb comme si nous avions les m\u00eames int\u00e9r\u00eats que ceux qui nous dirigent.<\/p>\n<p style=\"text-align: justify\">Si les membres du COPAIN (COllectif Poitevin pour l\u2019Arr\u00eat Imm\u00e9diat du Nucl\u00e9aire) combattent le nucl\u00e9aire et affirment que l\u2019on peut arr\u00eater imm\u00e9diatement les centrales, c\u2019est bien s\u00fbr parce qu\u2019il repr\u00e9sente une menace imm\u00e9diate et quotidienne sur nos vies mais aussi parce qu\u2019il est indissociablement li\u00e9 \u00e0 un mode de production que nous rejetons, et qu\u2019il ent\u00e9rine une production \u00e9nerg\u00e9tique centralis\u00e9e qui ne laisse aucune place \u00e0 la question \u00ab Quoi produire, pour qui et comment ? \u00bb.<\/p>\n<p style=\"text-align: justify\">Capitalisme et soci\u00e9t\u00e9 nucl\u00e9aire sont intimement li\u00e9s, et on ne peut combattre l\u2019un sans combattre l\u2019autre.<\/p>\n<p style=\"text-align: justify\">La strat\u00e9gie nucl\u00e9ariste s\u2019est par ailleurs toujours accompagn\u00e9e d\u2019une volont\u00e9 de d\u00e9veloppement de grands travaux, qui prennent aujourd\u2019hui d\u2019autant plus d\u2019ampleur que, comme le dit Hollande, ils devraient \u00eatre un vecteur essentiel du retour de la croissance. Trains \u00e0 grande vitesse (TGV-TAV), m\u00e9ga-a\u00e9roports, lignes \u00e0 tr\u00e8s haute tension (THT), autoroutes (terriennes et de la mer), b\u00e9tonnage g\u00e9n\u00e9ralis\u00e9, etc., apparaissent d\u2019autant plus\u00a0 \u00ab inutiles \u00bb au plus grand nombre qu\u2019ils serviront essentiellement aux \u00e9lites, aux industriels du tourisme et du transport, et aux projets visant \u00e0 redessiner et marchandiser un peu plus encore nos espaces et nos vies en fonction des profits \u00e0 r\u00e9aliser.<\/p>\n<p style=\"text-align: justify\">Les luttes qui se m\u00e8nent actuellement dans le Val Susa, au Pays Basque, \u00e0 Notre-Dame-des-Landes, en Normandie, dans le Nord-Pas-de-Calais, contre les a\u00e9roports, les lignes \u00e0 grande vitesse (LGV), les lignes THT, l\u2019extraction de gaz de schiste et les trac\u00e9s autoroutiers sont les N\u00d4TRES.<\/p>\n<p style=\"text-align: justify\">C\u2019est pourquoi le COPAIN ne saurait dissocier et individualiser ces luttes, et consid\u00e8re qu\u2019\u00eatre antinucl\u00e9aire c\u2019est lier ces combats entre eux et en \u00eatre partie prenante.<\/p>\n<p style=\"text-align: justify\">Dans les jours qui viennent, des \u00e9ch\u00e9ances importantes vont avoir lieu.<\/p>\n<p style=\"text-align: justify\">Au Chefresne dans la Manche, Normandie. Du vendredi 22 au dimanche 24 juin, week-end de r\u00e9sistance \u00e0 la ligne THT \u2013 ateliers, animation, discussions, actions le 24.<\/p>\n<p style=\"text-align: justify\">A Notre-Dame-des Landes (pr\u00e8s de Nantes), deuxi\u00e8me forum europ\u00e9en contre les grands projets inutiles, du 7 au 11 juillet.<\/p>\n<p style=\"text-align: justify\">Nous appelons tous les antinucl\u00e9aires de la r\u00e9gion \u00e0 se rendre \u00e0 ces manifestations d\u2019opposition concr\u00e8te au nucl\u00e9aire et au monde qu\u2019il sous-tend.<\/p>\n<p style=\"text-align: justify\">A Poitiers pour organiser un covoiturage, contactez un membre du copain ou \u00e9crivez\u00a0 \u00e0 copain@riseup.net<\/p>\n<p style=\"text-align: justify\">Le COPAIN (COllectif Poitevin pour l\u2019Arr\u00eat Imm\u00e9diat du Nucl\u00e9aire)<\/p>\n<p style=\"text-align: justify\">copain@riseup.net<\/p>\n","protected":false},"excerpt":{"rendered":"<p>L\u2019antinucl\u00e9aire, une lutte globale contre la soci\u00e9t\u00e9 capitaliste Ainsi donc, gr\u00e2ce \u00e0 la victoire des socialistes et au combat acharn\u00e9 men\u00e9 par EELV contre le nucl\u00e9aire, nous avons obtenu l\u2019annonce de la fermeture de la centrale de Fessenheim d\u2019ici \u00e0 la fin du quinquennat et la promesse de ramener \u00e0 50 % la part du &hellip; <a href=\"https:\/\/fa86.noblogs.org\/?p=6095\" class=\"more-link\">Continuer la lecture de <span class=\"screen-reader-text\">[Notre-Dame des Landes] 7-11 juillet : forum europ\u00e9en contre les grands projets inutiles<\/span> <span class=\"meta-nav\">&rarr;<\/span><\/a><\/p>\n","protected":false},"author":2691,"featured_media":0,"comment_status":"open","ping_status":"open","sticky":false,"template":"","format":"standard","meta":{"footnotes":""},"categories":[25,12,4],"tags":[],"class_list":["post-6095","post","type-post","status-publish","format-standard","hentry","category-antinucleaire","category-okupa-y-resiste","category-se-trouver"],"_links":{"self":[{"href":"https:\/\/fa86.noblogs.org\/index.php?rest_route=\/wp\/v2\/posts\/6095","targetHints":{"allow":["GET"]}}],"collection":[{"href":"https:\/\/fa86.noblogs.org\/index.php?rest_route=\/wp\/v2\/posts"}],"about":[{"href":"https:\/\/fa86.noblogs.org\/index.php?rest_route=\/wp\/v2\/types\/post"}],"author":[{"embeddable":true,"href":"https:\/\/fa86.noblogs.org\/index.php?rest_route=\/wp\/v2\/users\/2691"}],"replies":[{"embeddable":true,"href":"https:\/\/fa86.noblogs.org\/index.php?rest_route=%2Fwp%2Fv2%2Fcomments&post=6095"}],"version-history":[{"count":1,"href":"https:\/\/fa86.noblogs.org\/index.php?rest_route=\/wp\/v2\/posts\/6095\/revisions"}],"predecessor-version":[{"id":6096,"href":"https:\/\/fa86.noblogs.org\/index.php?rest_route=\/wp\/v2\/posts\/6095\/revisions\/6096"}],"wp:attachment":[{"href":"https:\/\/fa86.noblogs.org\/index.php?rest_route=%2Fwp%2Fv2%2Fmedia&parent=6095"}],"wp:term":[{"taxonomy":"category","embeddable":true,"href":"https:\/\/fa86.noblogs.org\/index.php?rest_route=%2Fwp%2Fv2%2Fcategories&post=6095"},{"taxonomy":"post_tag","embeddable":true,"href":"https:\/\/fa86.noblogs.org\/index.php?rest_route=%2Fwp%2Fv2%2Ftags&post=6095"}],"curies":[{"name":"wp","href":"https:\/\/api.w.org\/{rel}","templated":true}]}}