{"id":6271,"date":"2012-08-22T10:56:57","date_gmt":"2012-08-22T08:56:57","guid":{"rendered":"http:\/\/fa86.noblogs.org\/?p=6271"},"modified":"2012-08-22T10:57:51","modified_gmt":"2012-08-22T08:57:51","slug":"poitiers-greve-des-vitalis-a-la-rentree","status":"publish","type":"post","link":"https:\/\/fa86.noblogs.org\/?p=6271","title":{"rendered":"[Poitiers] Gr\u00e8ve des Vitalis \u00e0 la rentr\u00e9e"},"content":{"rendered":"<p><strong><a href=\"http:\/\/www.lanouvellerepublique.fr\/Vienne\/Services\/Toutes-les-DMAs\/n\/Contenus\/DMAs\/2012\/08\/21\/Poitiers-preavis-de-greve-chez-Vitalis-pour-le-jour-de-la-rentree-scolaire\" target=\"_blank\">86 &#8211;\u00a0 Poitiers : pr\u00e9avis de gr\u00e8ve chez Vitalis pour le jour de la rentr\u00e9e scolaire<\/a><\/strong><\/p>\n<div style=\"text-align: justify;\">Chez Vitalis, une gr\u00e8ve unitaire se profile pour le jour de la rentr\u00e9e scolaire, un choix strat\u00e9gique qui semble d\u00e9montrer un profond malaise. C&rsquo;est le syndicat \u00ab Solidaire transport Vitalis \u00bb qui, le premier, a annonc\u00e9 hier le pr\u00e9avis de gr\u00e8ve de 55 minutes pr\u00e9vu pour le mardi 4 septembre, de 7 h 45 \u00e0 8 h 40. Reconductible, ce mouvement r\u00e9pond \u00e0 quatre revendications : le climat social, les conditions de travail dans tous les services (conducteurs, administratifs, atelier), les salaires et les accords pour les plus de 55 ans. Une demande de rendez-vous avec Alain Claeys, pr\u00e9sident de Vitalis, a par ailleurs \u00e9t\u00e9 envoy\u00e9e.<\/div>\n<div style=\"text-align: justify;\"><\/div>\n<div style=\"text-align: justify;\"><em>Nouvelle R\u00e9publique, 22 ao\u00fbt 2012<\/em><\/div>\n","protected":false},"excerpt":{"rendered":"<p>86 &#8211;\u00a0 Poitiers : pr\u00e9avis de gr\u00e8ve chez Vitalis pour le jour de la rentr\u00e9e scolaire Chez Vitalis, une gr\u00e8ve unitaire se profile pour le jour de la rentr\u00e9e scolaire, un choix strat\u00e9gique qui semble d\u00e9montrer un profond malaise. C&rsquo;est le syndicat \u00ab Solidaire transport Vitalis \u00bb qui, le premier, a annonc\u00e9 hier le pr\u00e9avis &hellip; <a href=\"https:\/\/fa86.noblogs.org\/?p=6271\" class=\"more-link\">Continuer la lecture de <span class=\"screen-reader-text\">[Poitiers] Gr\u00e8ve des Vitalis \u00e0 la rentr\u00e9e<\/span> <span class=\"meta-nav\">&rarr;<\/span><\/a><\/p>\n","protected":false},"author":2691,"featured_media":0,"comment_status":"open","ping_status":"open","sticky":false,"template":"","format":"standard","meta":{"footnotes":""},"categories":[9,22],"tags":[],"class_list":["post-6271","post","type-post","status-publish","format-standard","hentry","category-la-rue-grogne","category-le-travail-tue"],"_links":{"self":[{"href":"https:\/\/fa86.noblogs.org\/index.php?rest_route=\/wp\/v2\/posts\/6271","targetHints":{"allow":["GET"]}}],"collection":[{"href":"https:\/\/fa86.noblogs.org\/index.php?rest_route=\/wp\/v2\/posts"}],"about":[{"href":"https:\/\/fa86.noblogs.org\/index.php?rest_route=\/wp\/v2\/types\/post"}],"author":[{"embeddable":true,"href":"https:\/\/fa86.noblogs.org\/index.php?rest_route=\/wp\/v2\/users\/2691"}],"replies":[{"embeddable":true,"href":"https:\/\/fa86.noblogs.org\/index.php?rest_route=%2Fwp%2Fv2%2Fcomments&post=6271"}],"version-history":[{"count":4,"href":"https:\/\/fa86.noblogs.org\/index.php?rest_route=\/wp\/v2\/posts\/6271\/revisions"}],"predecessor-version":[{"id":6275,"href":"https:\/\/fa86.noblogs.org\/index.php?rest_route=\/wp\/v2\/posts\/6271\/revisions\/6275"}],"wp:attachment":[{"href":"https:\/\/fa86.noblogs.org\/index.php?rest_route=%2Fwp%2Fv2%2Fmedia&parent=6271"}],"wp:term":[{"taxonomy":"category","embeddable":true,"href":"https:\/\/fa86.noblogs.org\/index.php?rest_route=%2Fwp%2Fv2%2Fcategories&post=6271"},{"taxonomy":"post_tag","embeddable":true,"href":"https:\/\/fa86.noblogs.org\/index.php?rest_route=%2Fwp%2Fv2%2Ftags&post=6271"}],"curies":[{"name":"wp","href":"https:\/\/api.w.org\/{rel}","templated":true}]}}