{"id":6380,"date":"2012-09-13T19:13:11","date_gmt":"2012-09-13T17:13:11","guid":{"rendered":"http:\/\/fa86.noblogs.org\/?p=6380"},"modified":"2012-09-30T13:00:58","modified_gmt":"2012-09-30T11:00:58","slug":"lgv-poitiers-limoges-vinci-jubile-sur-labsence-de-debat-public","status":"publish","type":"post","link":"https:\/\/fa86.noblogs.org\/?p=6380","title":{"rendered":"[LGV Poitiers-Limoges] Les amis du projet LGV jubilent de l&rsquo;absence de d\u00e9bat public"},"content":{"rendered":"<p style=\"text-align: justify;\"><strong><a href=\"\/Vienne\/Services\/Toutes-les-DMAs\/n\/Contenus\/DMAs\/2012\/09\/13\/Pas-de-nouveau-debat-public-pour-la-LGV-Poitiers-Limoges\">Pas de nouveau d\u00e9bat public pour la LGV Poitiers-Limoges<\/a><\/strong><\/p>\n<p style=\"text-align: justify;\">Bonne nouvelle pour les d\u00e9fenseurs du projet de ligne ferroviaire \u00e0 grande vitesse entre Poitiers et Limoges : la commission nationale du d\u00e9bat public qui s&rsquo;est r\u00e9unie le 5 septembre a d\u00e9cid\u00e9 qu&rsquo; <strong>il n&rsquo;y avait pas lieu d&rsquo;organiser de nouveau d\u00e9bat public<\/strong> malgr\u00e9 l&rsquo;expiration du d\u00e9lai de cinq ans depuis l&rsquo;ouverture de l&rsquo;enqu\u00eate publique en janvier 2007. Interrog\u00e9e par nos confr\u00e8res du <em>Populaire<\/em>, <strong>l&rsquo;association de promotion de la ligne grande vitesse Limoges-Poitiers (1) estime que<\/strong> <strong>\u00ab<\/strong><em><strong> la pol\u00e9mique<\/strong> lanc\u00e9e au printemps dernier par les d\u00e9tracteurs du projet sur un pr\u00e9tendu non respect de la proc\u00e9dure l\u00e9gale de r\u00e9alisation de la LGV Poitiers- Limoges <strong>et la r\u00e9ouverture du d\u00e9bat public n&rsquo;ont donc plus lieu d&rsquo;\u00eatre<\/strong><\/em><strong> \u00bb.<\/strong> Le lancement de l&rsquo;enqu\u00eate publique est attendu avant la fin de l&rsquo;ann\u00e9e.<\/p>\n<p style=\"text-align: justify;\"><em>D\u00e9p\u00eache Nouvelle R\u00e9publique, 13 septembre 2012<\/em><\/p>\n<p style=\"text-align: justify;\"><em>(1) <strong>NDPN<\/strong> : il s&rsquo;agit d&rsquo;une association \u00ab\u00a0n\u00e9e de la volont\u00e9 d&rsquo;acteurs locaux\u00a0\u00bb, dont <a href=\"http:\/\/tgv-plb.asso.fr\/lassociation\/\" target=\"_blank\"><strong>le site<\/strong><\/a> nous r\u00e9v\u00e8le l&rsquo;identit\u00e9 : <strong>Conseil R\u00e9gional du Limousin, Conseil G\u00e9n\u00e9ral de la Haute-Vienne, Communaut\u00e9 d\u2019Agglom\u00e9ration de Limoges M\u00e9tropole, Ville de Limoges, Chambre de Commerce et d\u2019Industrie de la Haute-Vienne, Universit\u00e9 de Limoges, CGPME, M\u00e9def, Union Patronale des artisans, groupe LEGRAND\u2026\u00a0<\/strong>autant d'\u00a0\u00bbacteurs\u00a0\u00bb dont nous retenons les noms, nous \u00e0 qui l&rsquo;on d\u00e9daigne tout droit d&rsquo;agir.<\/em><\/p>\n<p style=\"text-align: justify;\"><em>Ce qui est, on s&rsquo;en doute, une \u00ab\u00a0bonne nouvelle\u00a0\u00bb pour les capitalistes,\u00a0aura au moins le m\u00e9rite de couper leur sifflet \u00e0 tous les pro-\u00ab\u00a0concertation\u00a0\u00bb et autres adeptes des voies de recours \u00ab\u00a0d\u00e9mocratiques\u00a0\u00bb ; d&rsquo;achever de ridiculiser des institutions comme la \u00ab\u00a0commission nationale pour le d\u00e9bat public\u00a0\u00bb (dont le nom recelait d\u00e9j\u00e0 un fort potentiel comique).<\/em><\/p>\n<p style=\"text-align: justify;\"><em>Il arrive, au milieu du spectacle \u00ab\u00a0d\u00e9mocratique\u00a0\u00bb,\u00a0que les acteurs bouffis de l&rsquo;arrogance des dominants, croyant pouvoir se passer des d\u00e9cors pourris de leur mauvaise pi\u00e8ce occupant la place publique, rencontrent des m\u00e9contents. I<\/em><em>l arrive que les \u00ab\u00a0acteurs\u00a0\u00bb soient hu\u00e9s et malmen\u00e9s par un public peu reconnaissant. Il arrive m\u00eame que ceux qui n&rsquo;\u00e9taient jusque l\u00e0 que des spectateurs quittent leurs places assises pour\u00a0occuper la place.<\/em><\/p>\n","protected":false},"excerpt":{"rendered":"<p>Pas de nouveau d\u00e9bat public pour la LGV Poitiers-Limoges Bonne nouvelle pour les d\u00e9fenseurs du projet de ligne ferroviaire \u00e0 grande vitesse entre Poitiers et Limoges : la commission nationale du d\u00e9bat public qui s&rsquo;est r\u00e9unie le 5 septembre a d\u00e9cid\u00e9 qu&rsquo; il n&rsquo;y avait pas lieu d&rsquo;organiser de nouveau d\u00e9bat public malgr\u00e9 l&rsquo;expiration du &hellip; <a href=\"https:\/\/fa86.noblogs.org\/?p=6380\" class=\"more-link\">Continuer la lecture de <span class=\"screen-reader-text\">[LGV Poitiers-Limoges] Les amis du projet LGV jubilent de l&rsquo;absence de d\u00e9bat public<\/span> <span class=\"meta-nav\">&rarr;<\/span><\/a><\/p>\n","protected":false},"author":2691,"featured_media":0,"comment_status":"open","ping_status":"open","sticky":false,"template":"","format":"standard","meta":{"footnotes":""},"categories":[26,8],"tags":[],"class_list":["post-6380","post","type-post","status-publish","format-standard","hentry","category-construction-du-desert","category-ecrits"],"_links":{"self":[{"href":"https:\/\/fa86.noblogs.org\/index.php?rest_route=\/wp\/v2\/posts\/6380","targetHints":{"allow":["GET"]}}],"collection":[{"href":"https:\/\/fa86.noblogs.org\/index.php?rest_route=\/wp\/v2\/posts"}],"about":[{"href":"https:\/\/fa86.noblogs.org\/index.php?rest_route=\/wp\/v2\/types\/post"}],"author":[{"embeddable":true,"href":"https:\/\/fa86.noblogs.org\/index.php?rest_route=\/wp\/v2\/users\/2691"}],"replies":[{"embeddable":true,"href":"https:\/\/fa86.noblogs.org\/index.php?rest_route=%2Fwp%2Fv2%2Fcomments&post=6380"}],"version-history":[{"count":9,"href":"https:\/\/fa86.noblogs.org\/index.php?rest_route=\/wp\/v2\/posts\/6380\/revisions"}],"predecessor-version":[{"id":6386,"href":"https:\/\/fa86.noblogs.org\/index.php?rest_route=\/wp\/v2\/posts\/6380\/revisions\/6386"}],"wp:attachment":[{"href":"https:\/\/fa86.noblogs.org\/index.php?rest_route=%2Fwp%2Fv2%2Fmedia&parent=6380"}],"wp:term":[{"taxonomy":"category","embeddable":true,"href":"https:\/\/fa86.noblogs.org\/index.php?rest_route=%2Fwp%2Fv2%2Fcategories&post=6380"},{"taxonomy":"post_tag","embeddable":true,"href":"https:\/\/fa86.noblogs.org\/index.php?rest_route=%2Fwp%2Fv2%2Ftags&post=6380"}],"curies":[{"name":"wp","href":"https:\/\/api.w.org\/{rel}","templated":true}]}}