{"id":6393,"date":"2012-09-14T09:17:31","date_gmt":"2012-09-14T07:17:31","guid":{"rendered":"http:\/\/fa86.noblogs.org\/?p=6393"},"modified":"2012-09-14T09:17:31","modified_gmt":"2012-09-14T07:17:31","slug":"une-nouvelle-conference-environnementale-bidon","status":"publish","type":"post","link":"https:\/\/fa86.noblogs.org\/?p=6393","title":{"rendered":"Une nouvelle conf\u00e9rence environnementale bidon"},"content":{"rendered":"<p style=\"text-align: justify;\"><a href=\"http:\/\/fabrice-nicolino.com\/index.php\/?p=1377\" target=\"_blank\"><strong>Et une con-fait-rance environnementale, une !<\/strong><\/a><\/p>\n<p style=\"text-align: justify;\">La bouffonnerie est reine. Rions donc comme \u00e0 Carnaval. Pleurons de m\u00eame, puisque, de toute fa\u00e7on, notre impuissance est totale. Pour ce qui me concerne, je regarde avec stup\u00e9faction la pantomime qui se pr\u00e9pare. Comment ? Vous n\u2019\u00eates pas au courant ? Je r\u00e9sume pour les sourds et mal-entendants : M.Hollande r\u00e9unit vendredi 14 et samedi 15 septembre, au palais d\u2019I\u00e9na de Paris, une Conf\u00e9rence environnementale. Sur le mod\u00e8le, mais en parodie, du Grenelle de l\u2019Environnement voulu par Sarkozy en septembre 2007. Je vous glisse sous forme de PDF deux documents que l\u2019on a le droit de juger hilarants. Un sur le d\u00e9roulement (<a title=\"organisation-du-deroulement-des-debats.pdf\" href=\"http:\/\/fabrice-nicolino.com\/wp-content\/uploads\/2012\/09\/organisation-du-deroulement-des-debats.pdf\">organisation des d\u00e9bats.pdf<\/a>), l\u2019autre qui donne la liste des participants (<a title=\"participants-experts-invites.pdf\" href=\"http:\/\/fabrice-nicolino.com\/wp-content\/uploads\/2012\/09\/participants-experts-invites.pdf\">invit\u00e9s.pdf<\/a>).<\/p>\n<div style=\"text-align: justify;\">\n<p>Mon premier commentaire sera \u00e9vident : le simple fait que se tienne pareil conclave marque une d\u00e9faite du mouvement \u00e9cologiste. En effet, le cadre impos\u00e9 par les socialistes est digne de l\u2019\u00e9mission t\u00e9l\u00e9vis\u00e9e des ann\u00e9es 70 qui s\u2019appelait <em>Chefs-d\u2019\u0153uvre en p\u00e9ril<\/em>. On y consid\u00e9rait la France des villages et l\u2019affreuse atteinte du temps sur les nobles monuments l\u00e9gu\u00e9s par l\u2019Histoire. Il s\u2019agissait de d\u00e9penser quelques picaillons pour sauvegarder un clocher ou l\u2019aile d\u2019un ch\u00e2teau. Ma foi, cela ne mangeait pas de pain. Refaire le coup pr\u00e8s de cinquante ans plus tard n\u2019est pas seulement ridicule : il s\u2019agit d\u2019une insulte jet\u00e9e au visage des centaines de millions &#8211; qui seront bient\u00f4t des milliards &#8211; de victimes de la crise \u00e9cologique plan\u00e9taire.<\/p>\n<p>Hollande <em>and co<\/em>, qui se moquent tant de l\u2019\u00e9cologie qu\u2019ils ne savent pas ce que c\u2019est, pr\u00e9tendent donc, avec l\u2019aval des \u00e9cologistes officiels qui participent, incarner une vision nationale des \u00e9cosyst\u00e8mes. C\u2019est baroque, inutile de s\u2019appesantir, mais comme il faut entrer dans les d\u00e9tails, allons-y. La question de l\u2019\u00e9nergie ? Les pauvres \u00e2mes qui nous gouvernent ne pensent qu\u2019\u00e0 une chose : gagner un point de croissance pour \u00e9viter d\u2019\u00eatre jet\u00e9s au prochain scrutin. Le d\u00e9r\u00e8glement climatique ? Plus tard, un jour, peut-\u00eatre. Je sais que Hollande a vu \u00e0 plusieurs reprises Christophe de Margerie, patron de Total, par l\u2019entremise de Jean-Pierre Jouyet, cousin de ce dernier et patron de la Caisse des d\u00e9p\u00f4ts et consignations (<a href=\"http:\/\/fabrice-nicolino.com\/index.php\/?p=1338\" target=\"_blank\">ici<\/a>).<\/p>\n<p>C\u2019est on ne peut plus normal compte tenu de leurs r\u00f4les respectifs, mais que se sont-ils dit ? Selon ce que j\u2019ai glan\u00e9 &#8211; je ne suis pas certain -, ils ont abord\u00e9 la question des gaz et p\u00e9troles de schiste. C\u00f4t\u00e9 cour, Hollande et ses amis refusent toute exploitation en France, o\u00f9 la technique de fracturation hydraulique est interdite par une loi vot\u00e9e la gauche et la droite l\u2019an pass\u00e9. C\u00f4t\u00e9 jardin, les m\u00eames misent sur un retournement de l\u2019opinion, qui sur fond d\u2019augmentation continue du prix du gaz domestique, pourrait accepter des forages en France. \u00c0 la condition, par exemple, que les p\u00e9troliers bidouillent une technique pr\u00e9sent\u00e9e comme diff\u00e9rente de la fracturation hydraulique. En fa\u00e7ade, donc, intransigeance gouvernementale face aux gaz de schiste. Et en priv\u00e9, encouragements donn\u00e9s \u00e0 Total pour malaxer l\u2019opinion publique. L\u2019affaire Bezat montre que nous sommes face \u00e0 un plan concert\u00e9. En deux mots, Jean-Michel Bezat, journaliste au <em>Monde<\/em>, y publie le 26 juillet un reportage r\u00e9alis\u00e9 aux \u00c9tats-Unis &#8211; 700 000 puits en activit\u00e9, des r\u00e9gions enti\u00e8res transform\u00e9es en Lune aride &#8211; sur les gaz de schiste. Surprise relative &#8211; Bezat est un grand admirateur de l\u2019industrie -, ce reportage est tr\u00e8s favorable au point de vue des p\u00e9troliers. Et puis plus rien.<\/p>\n<p>Et puis on apprend que le voyage de Bezat a \u00e9t\u00e9 pay\u00e9 par Total (<a href=\"http:\/\/www.rue89.com\/rue89-planete\/2012\/08\/20\/gaz-de-schiste-comment-total-co-travaillent-lopinion-234689\" target=\"_blank\">ici<\/a>). On, mais pas les lecteurs du <em>si d\u00e9ontologique<\/em> quotidien du soir, qui n\u2019ont \u00e9videmment pas le droit de p\u00e9n\u00e9trer dans l\u2019arri\u00e8re-boutique. En r\u00e9sum\u00e9 : Total pr\u00e9pare le terrain, en accord avec Hollande, pour qui l\u2019exploitation des gaz de schiste en France serait une b\u00e9n\u00e9diction \u00e9lectorale. Et une violation grossi\u00e8re de la loi \u00c9nergie de juillet 2005, qui pr\u00e9voit une division par quatre des \u00e9missions de gaz \u00e0 effet de serre en France \u00e0 l\u2019horizon 2050. Mais que repr\u00e9sente la loi au regard d\u2019une possible r\u00e9\u00e9lection ?<\/p>\n<p>Revenons \u00e0 la Conf\u00e9rence qui commence demain. Si j\u2019ai abord\u00e9 en commen\u00e7ant le dossier des gaz de schiste, c\u2019est parce qu\u2019il est embl\u00e9matique. Comme l\u2019est le nucl\u00e9aire, d\u00e9fendu sans \u00e9tat d\u2019\u00e2me par ce gouvernement, ainsi que par le pr\u00e9c\u00e9dent. Reportez-vous plus haut au d\u00e9roulement des festivit\u00e9s. La table-ronde num\u00e9ro 1 s\u2019appelle : <em>\u00ab Pr\u00e9parer le d\u00e9bat national sur la transition \u00e9nerg\u00e9tique \u00bb<\/em>. On devrait mettre au centre de toute discussion la crise climatique et les extr\u00eames dangers d\u2019une industrie sans contr\u00f4le, le nucl\u00e9aire. Or non. On va comme \u00e0 l\u2019habitude blablater, de fa\u00e7on \u00e0 <em>\u00ab d\u00e9finir les enjeux du d\u00e9bat national \u00bb<\/em>, puis <em>\u00ab d\u00e9finir les grandes r\u00e8gles du d\u00e9bat national \u00bb<\/em>. En 2012, apr\u00e8s tant de centaines de rapports, tant d\u2019alertes et de mises en garde, d\u2019engagements pass\u00e9s &#8211; le r\u00e9f\u00e9rendum sur le nucl\u00e9aire promis par Mitterrand en janvier 1981 -, nous en sommes encore au point mort.<\/p>\n<p>Et nous le resterons, je vous en fiche mon billet. Deux ministres en exercice participent \u00e0 cette table-ronde truqu\u00e9e : Delphine Batho, ministre de l\u2019\u00e9cologie, et Arnaud Montebourg, ministre du redressement productif. Les deux sont en faveur du nucl\u00e9aire. Le second clairement en faveur de l\u2019exploitation des gaz de schiste. Et de m\u00eame madame Batho, qui, en hypocrite accomplie, fait semblant de croire que le dossier ne bouge pas. La fracturation hydraulique n\u2019est-elle pas interdite par la loi ? \u00c0 c\u00f4t\u00e9 des deux ministres, une <em>\u00ab facilitatrice \u00bb<\/em> du nom de Laurence Tubiana. J\u2019ai \u00e9crit sur elle en 2008, si cela vous int\u00e9resse : <a href=\"http:\/\/fabrice-nicolino.com\/index.php\/?p=234\" target=\"_blank\">c\u2019est ici<\/a>.<\/p>\n<p>Ceux qui acceptent de si\u00e9ger dans ces conditions sont des dupes ou des manipulateurs. Peut-\u00eatre les deux. Il n\u2019y a pas de d\u00e9bat sur l\u2019\u00e9nergie, car les d\u00e9cisions ont <em>d\u00e9j\u00e0<\/em> \u00e9t\u00e9 prises. Ce que le pouvoir veut, c\u2019est une caution. Il l\u2019aura. Les \u00e9cologistes officiels qui ont servi la soupe \u00e0 Sarkozy il y a cinq ans peuvent bien aujourd\u2019hui feindre qu\u2019on ne les y reprendra plus. Si, on les y reprendra, aussi longtemps que les structures d\u00e9g\u00e9n\u00e9r\u00e9es qu\u2019ils conduisent existeront. Voulez-vous qu\u2019on parle des autres tables-rondes ? Bon, soit. L\u2019intitul\u00e9 de la deuxi\u00e8me est saisissant. La biodiversit\u00e9 s\u2019effondre partout, mais, <em>cocorico,<\/em> on va s\u2019atteler \u00e0 la mise en \u0153uvre de <em>\u00ab la strat\u00e9gie nationale pour la biodiversit\u00e9 \u00bb<\/em> de mani\u00e8re \u00e0 <em>\u00ab favoriser la prise de conscience citoyenne \u00bb<\/em>. C\u2019est tellement con que ce n\u2019est m\u00eame plus dr\u00f4le. On trouve ceci sur le site de notre minist\u00e8re de l\u2019Agriculture : \u00ab <em>Gr\u00e2ce \u00e0 l\u2019Outre-mer, avec 11 millions de km2 de zone \u00e9conomique exclusive (ZEE), la France dispose du deuxi\u00e8me espace maritime\u00a0 mondial, apr\u00e8s celui des USA. Dans l\u2019Oc\u00e9an Indien, les zones sous\u00a0 juridiction fran\u00e7aise s\u2019\u00e9talent sur une surface huit fois plus grande\u00a0 que celle de la m\u00e9tropole. Cet immense espace maritime, r\u00e9parti dans tous les oc\u00e9ans, dote la France d\u2019une grande richesse en mati\u00e8re de biodiversit\u00e9 marine, ce qui constitue \u00e0 la fois un atout et une responsabilit\u00e9. \u00bb<\/em><\/p>\n<p>Formidable, hein ? Alors que l\u2019Europe, pour une fois inspir\u00e9e, souhaite interdire progressivement le chalutage profond, notre France vertueuse s\u2019y oppose. S\u2019y oppose, \u00e0 nouveau pour de sordides int\u00e9r\u00eats politiciens. Or le chalutage profond est une catastrophe \u00e9cologique plan\u00e9taire (<a href=\"http:\/\/www.lemonde.fr\/planete\/article\/2012\/09\/10\/bataille-scientifique-autour-de-la-peche-profonde_1757919_3244.html\" target=\"_blank\">ici<\/a>). Autre menu exemple : le nickel est en train de tuer \u00e0 jamais des esp\u00e8ces end\u00e9miques de Nouvelle-Cal\u00e9donie, venues en droite ligne du\u00a0 Gondwana, supercontinent cr\u00e9\u00e9 il y a 600 millions d\u2019ann\u00e9es et dont la Nouvelle-Cal\u00e9donie est l\u2019un des ultimes morceaux, \u00e0 la d\u00e9rive depuis bien avant l\u2019arriv\u00e9e des hommes sur terre. Non, bien s\u00fbr que non, on ne parlera pas de biodiversit\u00e9. Et pas m\u00eame chez nous, dans notre vieille France o\u00f9 l\u2019agriculture industrielle est reine. Le Foll, ministre de l\u2019Agriculture, a <em>deal\u00e9<\/em> depuis des semaines avec la FNSEA, puissance dominante, au point de ne pas m\u00eame inviter \u00e0 la Conf\u00e9rence de demain la Conf\u00e9d\u00e9ration paysanne, pourtant proche de la gauche. Au point d\u2019aller visiter le 3 septembre les industriels fran\u00e7ais des biocarburants, fiers d\u00e9fenseurs d\u2019une fili\u00e8re criminelle (<a href=\"http:\/\/www.lunion.presse.fr\/article\/marne\/stephane-le-foll-garantir-lexistant-preparer-lavenir-des-biocarburants\" target=\"_blank\">ici<\/a>). Je dois bien reconna\u00eetre que ces gens me d\u00e9go\u00fbtent.<\/p>\n<p>Le reste ? Quel reste ? Table-ronde 3 : <em>\u00ab Pr\u00e9venir les risques sanitaires environnementaux \u00bb<\/em>. Ministre pr\u00e9sente : Genevi\u00e8ve Fioraso, militante d\u00e9cha\u00een\u00e9e du nucl\u00e9aire, des nanotechnologies, de la biologie de synth\u00e8se (<a href=\"http:\/\/fabrice-nicolino.com\/index.php\/?p=1314\" target=\"_blank\">ici<\/a>). Les deux derni\u00e8res tables-rondes, chiantes comme la mort d\u00e8s leur \u00e9nonc\u00e9, devraient causer <em>fiscalit\u00e9 <\/em>et <em>gouvernance<\/em>. Tout cela est \u00e0 chialer. Mais comme je n\u2019\u00e9coute que mon grand c\u0153ur, je n\u2019entends pas vous quitter sans <em>positiver<\/em> un peu. Attention ! ce qui suit est \u00e0 prendre au premier degr\u00e9, malgr\u00e9 ce qui pr\u00e9c\u00e8de. Un certain nombre d\u2019\u00e9cologistes officiels, qui se rendront demain au palais d\u2019I\u00e9na, gardent ma sympathie. Notamment ceux du tout nouveau Rassemblement pour la plan\u00e8te (<a href=\"http:\/\/www.generations-futures.fr\/pdf\/Propositions_RPP_100912_V5.pdf\" target=\"_blank\"><em><cite>ici<\/cite><\/em><\/a>), comme Andr\u00e9 Cicolella, Nadine Lauverjat, Franck Laval ou Fran\u00e7ois Veillerette. Ils vont tenter d\u2019arracher quelques mesures dans le domaine de la sant\u00e9, et m\u00eame si je crois qu\u2019ils se trompent sur le fond, ils ont mon estime et mon affection. Ceux-l\u00e0 du moins pensent \u00e0 l\u2019avenir.<\/p>\n<p><em>Plan\u00e8te sans visa (blog de Fabrice Nicolino), 13 septembre 2012<\/em><\/p>\n<p><a href=\"http:\/\/paris.indymedia.org\/spip.php?article11638\" target=\"_blank\"><strong>URGENT : tracteur et moutons de NDDL \u00e0 Paris<\/strong><\/a><\/p>\n<p>une vingtaine de militant.e.s contre l\u2019a\u00e9roport de Notre Dame des Landes (ACIPA &amp; occupant.e.s de la ZAD) viennent d\u2019arriver sur la Champs de Mars \u00e0 la veille de la Conf\u00e9rence environnementale.<\/p>\n<p><img loading=\"lazy\" decoding=\"async\" src=\"local\/cache-vignettes\/L8xH11\/puce-32883.gif\" alt=\"-\" width=\"8\" height=\"11\" \/> La Conf\u00e9rence environnementale des 14 et 15 septembre a censur\u00e9 les sujets tabous, dont le projet de Notre Dame des Landes.<\/p>\n<p>Bient\u00f4t expuls\u00e9s, nous venons avec tracteur et animaux pour p\u00e2turer le Champs de Mars, le 13 septembre\u00a0 \u00e0 16 h 00<\/p>\n<p>Solidarit\u00e9 avec la lutte contre l\u2019a\u00e9roport de NDDL et son monde !<\/p>\n<p><em>Vu sur Indymedia Paris-IDF, 13 septembre 2012<\/em><\/p>\n<\/div>\n","protected":false},"excerpt":{"rendered":"<p>Et une con-fait-rance environnementale, une ! La bouffonnerie est reine. Rions donc comme \u00e0 Carnaval. Pleurons de m\u00eame, puisque, de toute fa\u00e7on, notre impuissance est totale. Pour ce qui me concerne, je regarde avec stup\u00e9faction la pantomime qui se pr\u00e9pare. Comment ? Vous n\u2019\u00eates pas au courant ? Je r\u00e9sume pour les sourds et mal-entendants &hellip; <a href=\"https:\/\/fa86.noblogs.org\/?p=6393\" class=\"more-link\">Continuer la lecture de <span class=\"screen-reader-text\">Une nouvelle conf\u00e9rence environnementale bidon<\/span> <span class=\"meta-nav\">&rarr;<\/span><\/a><\/p>\n","protected":false},"author":2691,"featured_media":0,"comment_status":"open","ping_status":"open","sticky":false,"template":"","format":"standard","meta":{"footnotes":""},"categories":[25,26,18,21,12,7],"tags":[],"class_list":["post-6393","post","type-post","status-publish","format-standard","hentry","category-antinucleaire","category-construction-du-desert","category-decroissance-libertaire","category-desinformation-bourgeoise","category-okupa-y-resiste","category-propagande-marchande"],"_links":{"self":[{"href":"https:\/\/fa86.noblogs.org\/index.php?rest_route=\/wp\/v2\/posts\/6393","targetHints":{"allow":["GET"]}}],"collection":[{"href":"https:\/\/fa86.noblogs.org\/index.php?rest_route=\/wp\/v2\/posts"}],"about":[{"href":"https:\/\/fa86.noblogs.org\/index.php?rest_route=\/wp\/v2\/types\/post"}],"author":[{"embeddable":true,"href":"https:\/\/fa86.noblogs.org\/index.php?rest_route=\/wp\/v2\/users\/2691"}],"replies":[{"embeddable":true,"href":"https:\/\/fa86.noblogs.org\/index.php?rest_route=%2Fwp%2Fv2%2Fcomments&post=6393"}],"version-history":[{"count":1,"href":"https:\/\/fa86.noblogs.org\/index.php?rest_route=\/wp\/v2\/posts\/6393\/revisions"}],"predecessor-version":[{"id":6394,"href":"https:\/\/fa86.noblogs.org\/index.php?rest_route=\/wp\/v2\/posts\/6393\/revisions\/6394"}],"wp:attachment":[{"href":"https:\/\/fa86.noblogs.org\/index.php?rest_route=%2Fwp%2Fv2%2Fmedia&parent=6393"}],"wp:term":[{"taxonomy":"category","embeddable":true,"href":"https:\/\/fa86.noblogs.org\/index.php?rest_route=%2Fwp%2Fv2%2Fcategories&post=6393"},{"taxonomy":"post_tag","embeddable":true,"href":"https:\/\/fa86.noblogs.org\/index.php?rest_route=%2Fwp%2Fv2%2Ftags&post=6393"}],"curies":[{"name":"wp","href":"https:\/\/api.w.org\/{rel}","templated":true}]}}