{"id":6405,"date":"2012-09-16T10:40:59","date_gmt":"2012-09-16T08:40:59","guid":{"rendered":"http:\/\/fa86.noblogs.org\/?p=6405"},"modified":"2012-09-30T13:00:43","modified_gmt":"2012-09-30T11:00:43","slug":"homophobie-de-leglise-catho-complaisance-du-gouvernement","status":"publish","type":"post","link":"https:\/\/fa86.noblogs.org\/?p=6405","title":{"rendered":"Homophobie de l&rsquo;Eglise catho, complaisance du gouvernement"},"content":{"rendered":"<p style=\"text-align: justify;\"><a href=\"http:\/\/www.noirgazier.lautre.net\/?p=2085\" target=\"_blank\"><strong>Le cardinal Barbarin s\u2019oppose violemment au mariage gay<\/strong><\/a><\/p>\n<p style=\"text-align: justify;\">Le cardinal Philippe Barbarin exprime sa farouche opposition au mariage gay. Dans une interview r\u00e9alis\u00e9e ce vendredi \u00e0 des m\u00e9dias locaux, l\u2019archev\u00eaque de Lyon y voit une \u00ab rupture de soci\u00e9t\u00e9 \u00bb qui ouvrirait la voie \u00e0 <strong>la polygamie et \u00e0 l\u2019inceste<\/strong>.<\/p>\n<div style=\"text-align: justify;\">\n<p>Pour le cardinal Barbarin, le mariage gay ne serait qu\u2019une \u00e9tape. Ensuite ? \u00ab Apr\u00e8s, ils vont vouloir faire des couples \u00e0 trois ou \u00e0 quatre. Apr\u00e8s, un jour peut-\u00eatre, l\u2019interdiction de l\u2019inceste tombera \u00bb, explique l\u2019archev\u00eaque de Lyon \u00e0 la radio RCF et \u00e0 la cha\u00eene TLM. Vive la connerie humaine non ??? Un point de vue qui rejoint celui exprim\u00e9 en d\u00e9but de semaine par plusieurs maires de communes qui ont annonc\u00e9 qu\u2019ils ne c\u00e9l\u00e8breraient pas ces mariages \u00ab <strong>non-conformes aux lois de la nature<\/strong> \u00bb.<\/p>\n<p>Dans un entretien publi\u00e9 mardi dans le quotidien catholique La Croix, la ministre de la Justice a pr\u00e9sent\u00e9 son projet de loi ouvrant le mariage aux couples homosexuels. Il leur permettra d\u2019adopter \u00ab dans les m\u00eames conditions que les h\u00e9t\u00e9rosexuels \u00bb.<\/p>\n<p><em>Blog de Noir Gazier (F\u00e9d\u00e9ration Anarchiste B\u00e9thune-Arras), 15 septembre 2012<\/em><\/p>\n<p><em><strong>NdPN <\/strong>: les propos insupportables de Barbarin (<a href=\"http:\/\/www.youtube.com\/watch?v=SKEFnImg-nc\" target=\"_blank\"><strong>vid\u00e9o ici<\/strong><\/a>) sont dans la continuit\u00e9 d&rsquo;une offensive de l&rsquo;Eglise catholique \u00e0 l&rsquo;encontre du mariage gay et de l&rsquo;homoparentalit\u00e9, avec notamment une pri\u00e8re nationale contre le mariage gay le 15 ao\u00fbt dernier.<\/em><\/p>\n<p><em>Est-il possible de consid\u00e9rer comme une participation \u00e0 un\u00a0\u00ab\u00a0dialogue\u00a0\u00bb tout \u00e0 fait \u00ab\u00a0normal\u00a0\u00bb les propos d&rsquo;un cureton amalgamant insidieusement les homos \u00e0 des pervers incestueux ?<\/em><\/p>\n<p><em>Les r\u00e9actions du gouvernement semblent montrer que oui !\u00a0Au lieu de condamner et de poursuivre\u00a0ce repr\u00e9sentant de l&rsquo;Eglise pour \u00e9vidents propos\u00a0 discriminatoires envers les homosexuel-le-s (ledit curetin disant bien \u00ab\u00a0apr\u00e8s, <strong>ils<\/strong> voudront faire des couples \u00e0 trois ou \u00e0 quatre\u00a0\u00bb), on est parti dans la bonne vieille alliance du sabre et du goupillon !<\/em><\/p>\n<p><em>&#8211; <strong>celle du sinistre de l&rsquo;int\u00e9rieur Valls<\/strong>, <a href=\"http:\/\/www.liberation.fr\/societe\/2012\/09\/14\/avec-le-mariage-gay-le-cardinal-barbarin-craint-polygamie-et-inceste_846416\" target=\"_blank\">relay\u00e9e par Lib\u00e9 <\/a>:<\/em><\/p>\n<p>Manuel Valls, interrog\u00e9 sur les propos de l\u2019archev\u00eaque de Lyon, a estim\u00e9 qu\u2019il \u00e9tait <strong>de <em>\u00abson droit\u00bb<\/em>,<em> \u00abpeut-\u00eatre de son devoir\u00bb<\/em>, de donner son opinion, jugeant <em>\u00abnormale\u00bb<\/em> la confrontation d\u2019id\u00e9es sur ce sujet.<\/strong><\/p>\n<p><strong>&#8211; celle de la porte-parole du gouvernement et sinistre du droit des femmes (!), Najat Vallaud-Belkacem<\/strong>, <a href=\"http:\/\/www.lyonmag.com\/article\/44129\/pour-najat-vallaud-belkacem-les-propos-du-cardinal-barbarin-ont-ete-caricatures\" target=\"_blank\">relay\u00e9e par Lyon Mag\u00a0<\/a>:<strong> <\/strong><\/p>\n<p><strong><em>\u00ab\u00a0Il semble que les propos de Mgr Barbarin aient \u00e9t\u00e9 pour une large part caricatur\u00e9s\u00a0\u00bb.<\/em> <\/strong>Selon elle, le cardinal Barbarin est un <strong><em>\u00ab\u00a0homme de dialogue\u00a0\u00bb.<\/em><\/strong><\/p>\n<p>D&rsquo;ailleurs, une discrimination demeure puisque, selon les propos (cit\u00e9s dans <a href=\"http:\/\/www.la-croix.com\/Actualite\/S-informer\/France\/Christiane-Taubira-Le-mariage-pour-tous-repond-a-une-exigence-d-egalite-_NG_-2012-09-10-851585\" target=\"_blank\">La Croix<\/a>) de la garde des Sceaux Christiane Taubira, <strong><em>\u00ab\u00a0Notre projet de loi ne pr\u00e9voit pas d\u2019\u00e9largir l\u2019acc\u00e8s \u00e0 la procr\u00e9ation m\u00e9dicalement assist\u00e9e\u00a0\u00bb<\/em><\/strong> pour les couples de lesbiennes.<\/p>\n<p>M\u00eames droits donc&#8230; tout en continuant \u00e0 dialoguer <em>normalement\u00a0<\/em>avec les ennemis de l&rsquo;\u00e9galit\u00e9 des droits d&rsquo;une part, et en n&rsquo;accordant pas <em>tous les m\u00eames droits<\/em>.<\/p>\n<p>En attendant \u00e0 Poitiers, SOS tout-petits continue de faire chaque ann\u00e9e en novembre ses pri\u00e8res de rue anti-IVG. Alors que les pri\u00e8res de rues de musulmans sont poursuivies,\u00a0celles des cathos int\u00e9gristes (disposant pourtant de lieux de pri\u00e8re)\u00a0sont permises, \u00e0 Poitiers devant le parvis de Notre-Dame, comme dans de nombreuses autres villes fran\u00e7aises, <a href=\"https:\/\/fa86.noblogs.org\/?p=913\" target=\"_blank\">avec la protection bienveillante des forces de l&rsquo;ordre<\/a>.<\/p>\n<p>Luttons contre l&rsquo;obscurantisme\u00a0sexiste et homophobe.<\/p>\n<\/div>\n","protected":false},"excerpt":{"rendered":"<p>Le cardinal Barbarin s\u2019oppose violemment au mariage gay Le cardinal Philippe Barbarin exprime sa farouche opposition au mariage gay. Dans une interview r\u00e9alis\u00e9e ce vendredi \u00e0 des m\u00e9dias locaux, l\u2019archev\u00eaque de Lyon y voit une \u00ab rupture de soci\u00e9t\u00e9 \u00bb qui ouvrirait la voie \u00e0 la polygamie et \u00e0 l\u2019inceste. Pour le cardinal Barbarin, le &hellip; <a href=\"https:\/\/fa86.noblogs.org\/?p=6405\" class=\"more-link\">Continuer la lecture de <span class=\"screen-reader-text\">Homophobie de l&rsquo;Eglise catho, complaisance du gouvernement<\/span> <span class=\"meta-nav\">&rarr;<\/span><\/a><\/p>\n","protected":false},"author":2691,"featured_media":0,"comment_status":"open","ping_status":"open","sticky":false,"template":"","format":"standard","meta":{"footnotes":""},"categories":[8,14,24],"tags":[],"class_list":["post-6405","post","type-post","status-publish","format-standard","hentry","category-ecrits","category-questions-de-genres","category-riposte-athee"],"_links":{"self":[{"href":"https:\/\/fa86.noblogs.org\/index.php?rest_route=\/wp\/v2\/posts\/6405","targetHints":{"allow":["GET"]}}],"collection":[{"href":"https:\/\/fa86.noblogs.org\/index.php?rest_route=\/wp\/v2\/posts"}],"about":[{"href":"https:\/\/fa86.noblogs.org\/index.php?rest_route=\/wp\/v2\/types\/post"}],"author":[{"embeddable":true,"href":"https:\/\/fa86.noblogs.org\/index.php?rest_route=\/wp\/v2\/users\/2691"}],"replies":[{"embeddable":true,"href":"https:\/\/fa86.noblogs.org\/index.php?rest_route=%2Fwp%2Fv2%2Fcomments&post=6405"}],"version-history":[{"count":4,"href":"https:\/\/fa86.noblogs.org\/index.php?rest_route=\/wp\/v2\/posts\/6405\/revisions"}],"predecessor-version":[{"id":6558,"href":"https:\/\/fa86.noblogs.org\/index.php?rest_route=\/wp\/v2\/posts\/6405\/revisions\/6558"}],"wp:attachment":[{"href":"https:\/\/fa86.noblogs.org\/index.php?rest_route=%2Fwp%2Fv2%2Fmedia&parent=6405"}],"wp:term":[{"taxonomy":"category","embeddable":true,"href":"https:\/\/fa86.noblogs.org\/index.php?rest_route=%2Fwp%2Fv2%2Fcategories&post=6405"},{"taxonomy":"post_tag","embeddable":true,"href":"https:\/\/fa86.noblogs.org\/index.php?rest_route=%2Fwp%2Fv2%2Ftags&post=6405"}],"curies":[{"name":"wp","href":"https:\/\/api.w.org\/{rel}","templated":true}]}}