{"id":6412,"date":"2012-09-17T12:36:10","date_gmt":"2012-09-17T10:36:10","guid":{"rendered":"http:\/\/fa86.noblogs.org\/?p=6412"},"modified":"2012-09-17T12:36:48","modified_gmt":"2012-09-17T10:36:48","slug":"poitiers-un-comm-du-dal-en-soutien-a-une-famille-en-butte-a-un-bailleur-prive","status":"publish","type":"post","link":"https:\/\/fa86.noblogs.org\/?p=6412","title":{"rendered":"[Poitiers] Un comm du DAL en soutien \u00e0 une famille"},"content":{"rendered":"<p style=\"text-align: justify;\"><a href=\"http:\/\/dal86.fr\/2012\/09\/17\/674\/\" target=\"_blank\"><strong>Halte \u00e0 la politique discriminatoire des bailleurs sociaux<\/strong> <\/a><\/p>\n<p style=\"text-align: justify;\" align=\"JUSTIFY\">Jean-Claude Servouze le pr\u00e9sident de l\u2019entraide sociale poitevine et administrateur de Logiparc affirmait dans <a href=\"http:\/\/dal86.fr\/2012\/04\/05\/logement-social-il-y-a-des-solutions-pour-chacun-centre-presse-05042012\/\" target=\"_blank\">Centre Presse le 05\/04\/2012<\/a> \u00ab <em>Le logement social n\u2019est pas en tension sur la ville. Il y a des solutions pour chacun <\/em>\u00bb. Dans la <em>Nouvelle R\u00e9publique <\/em>le 07\/09\/2012, c\u2019est Dominique Cl\u00e9ment, le maire de Saint Beno\u00eet, qui affirme dans l\u2019article <a href=\"http:\/\/www.lanouvellerepublique.fr\/Vienne\/communes\/Poitiers\/n\/Contenus\/Articles\/2012\/09\/07\/Logements-sociaux-les-elus-veulent-plus-de-temps\" target=\"_blank\">Logements sociaux les \u00e9lus veulent plus de temps<\/a> : qu\u2019\u00ab il<em> n\u2019y a pas de tension sur le logement social sur Grand-Poitiers \u00bb.<\/em> Pour lui, il suffit de faire une demande de logement social pour obtenir ce que l\u2019on souhaite dans la \u00ab <em>semaine [\u2026] sur Grand Poitiers \u00bb et \u00ab si l\u2019on est press\u00e9, [&#8230;] \u00e0 Saint-Eloi, [&#8230;] dans la journ\u00e9e \u00bb.<\/em><\/p>\n<p style=\"text-align: justify;\" align=\"CENTER\"><strong>Pour le Dal86, si ces \u00e9lus peuvent dire cela, c\u2019est entre autres, parce que les bailleurs sociaux trient ceux qui d\u00e9posent des dossiers selon des crit\u00e8res discriminants.<\/strong><\/p>\n<p style=\"text-align: justify;\" align=\"JUSTIFY\">Par exemple, une famille avec 4 enfants, qui est actuellement escroqu\u00e9e chez un bailleur priv\u00e9, a demand\u00e9 un logement social. Les bailleurs sociaux ont \u00e9cart\u00e9 ou mis en attente leur dossier explicitement parce qu\u2019ils ont des dettes.<\/p>\n<p style=\"text-align: justify;\" align=\"JUSTIFY\">A l\u2019heure o\u00f9 la mairie de Poitiers se vante de la lutte contre les discriminations, qu\u2019elle m\u00e8ne depuis 2007 en faisant un <a href=\"http:\/\/www.poitiers.fr\/c__142_513__La_Ville_de_Poitiers_contre_les_discriminations.html\" target=\"_blank\">appel \u00e0<\/a><a href=\"http:\/\/www.poitiers.fr\/c__142_513__La_Ville_de_Poitiers_contre_les_discriminations.html\" target=\"_blank\"> projets<\/a> aupr\u00e8s des associations, les bailleurs sociaux qui manquent de moyens financiers, discriminent \u00e0 qui mieux mieux en \u00e9cartant les dossiers selon des crit\u00e8res ill\u00e9gaux.<\/p>\n<p style=\"text-align: justify;\" align=\"CENTER\"><strong>Venez avec nous jeudi 20 septembre \u00e0 partir de 16h30 au si\u00e8ge d\u2019Habitat<\/strong> <strong>86, 107 rue des Couronneries \u00e0 Poitiers,<\/strong> <strong>pour d\u00e9noncer ces pratiques honteuses et exiger que ce bailleur social attribue un logement \u00e0 cette famille.<\/strong><\/p>\n<p style=\"text-align: justify;\" align=\"CENTER\"><strong><em><strong><a href=\"http:\/\/dal86.fr\/\" target=\"_blank\">DAL86<\/a> \u2013 <a href=\"mailto:dal86@free.fr\" target=\"_blank\">dal86@free.fr<\/a> \u2013 06 52 93 54 44 \/ 05 49 88 94 56 Permanences : tous les samedis matin de 11h \u00e0 12h Maison de la Solidarit\u00e9 22 rue du Pigeon Blanc Poitiers <\/strong><\/em><\/strong><\/p>\n<p style=\"text-align: justify;\" align=\"CENTER\"><em><span style=\"color: #000000;\">DAL 86, 17 septembre 2012<\/span><\/em><\/p>\n","protected":false},"excerpt":{"rendered":"<p>Halte \u00e0 la politique discriminatoire des bailleurs sociaux Jean-Claude Servouze le pr\u00e9sident de l\u2019entraide sociale poitevine et administrateur de Logiparc affirmait dans Centre Presse le 05\/04\/2012 \u00ab Le logement social n\u2019est pas en tension sur la ville. Il y a des solutions pour chacun \u00bb. Dans la Nouvelle R\u00e9publique le 07\/09\/2012, c\u2019est Dominique Cl\u00e9ment, le &hellip; <a href=\"https:\/\/fa86.noblogs.org\/?p=6412\" class=\"more-link\">Continuer la lecture de <span class=\"screen-reader-text\">[Poitiers] Un comm du DAL en soutien \u00e0 une famille<\/span> <span class=\"meta-nav\">&rarr;<\/span><\/a><\/p>\n","protected":false},"author":2691,"featured_media":0,"comment_status":"open","ping_status":"open","sticky":false,"template":"","format":"standard","meta":{"footnotes":""},"categories":[9,12,16,4],"tags":[],"class_list":["post-6412","post","type-post","status-publish","format-standard","hentry","category-la-rue-grogne","category-okupa-y-resiste","category-repression","category-se-trouver"],"_links":{"self":[{"href":"https:\/\/fa86.noblogs.org\/index.php?rest_route=\/wp\/v2\/posts\/6412","targetHints":{"allow":["GET"]}}],"collection":[{"href":"https:\/\/fa86.noblogs.org\/index.php?rest_route=\/wp\/v2\/posts"}],"about":[{"href":"https:\/\/fa86.noblogs.org\/index.php?rest_route=\/wp\/v2\/types\/post"}],"author":[{"embeddable":true,"href":"https:\/\/fa86.noblogs.org\/index.php?rest_route=\/wp\/v2\/users\/2691"}],"replies":[{"embeddable":true,"href":"https:\/\/fa86.noblogs.org\/index.php?rest_route=%2Fwp%2Fv2%2Fcomments&post=6412"}],"version-history":[{"count":2,"href":"https:\/\/fa86.noblogs.org\/index.php?rest_route=\/wp\/v2\/posts\/6412\/revisions"}],"predecessor-version":[{"id":6414,"href":"https:\/\/fa86.noblogs.org\/index.php?rest_route=\/wp\/v2\/posts\/6412\/revisions\/6414"}],"wp:attachment":[{"href":"https:\/\/fa86.noblogs.org\/index.php?rest_route=%2Fwp%2Fv2%2Fmedia&parent=6412"}],"wp:term":[{"taxonomy":"category","embeddable":true,"href":"https:\/\/fa86.noblogs.org\/index.php?rest_route=%2Fwp%2Fv2%2Fcategories&post=6412"},{"taxonomy":"post_tag","embeddable":true,"href":"https:\/\/fa86.noblogs.org\/index.php?rest_route=%2Fwp%2Fv2%2Ftags&post=6412"}],"curies":[{"name":"wp","href":"https:\/\/api.w.org\/{rel}","templated":true}]}}