{"id":6496,"date":"2012-09-26T10:28:05","date_gmt":"2012-09-26T08:28:05","guid":{"rendered":"http:\/\/fa86.noblogs.org\/?p=6496"},"modified":"2012-09-30T12:57:55","modified_gmt":"2012-09-30T10:57:55","slug":"poitiers-le-cirque-des-elus","status":"publish","type":"post","link":"https:\/\/fa86.noblogs.org\/?p=6496","title":{"rendered":"[Poitiers] Le cirque des \u00e9lus"},"content":{"rendered":"<p style=\"text-align: justify;\">On s&rsquo;amuse bien au conseil municipal de Poitiers, apprend-on dans <a href=\"http:\/\/www.lanouvellerepublique.fr\/Vienne\/Actualite\/Politique\/n\/Contenus\/Articles\/2012\/09\/26\/En-seance-crochet-a-droite-et-direct-de-gauche\" target=\"_blank\">cet article de la Nouvelle R\u00e9publique<\/a>.<\/p>\n<p style=\"text-align: justify;\">Engueulades \u00e0 gauche : sur le mode de d\u00e9signation des conseillers communautaires pour le moins discutable, le d\u00e9put\u00e9-maire-pr\u00e9sident de la communaut\u00e9 d&rsquo;agglom\u00e9ration (Alain Claeys)\u00a0r\u00e9plique \u00e0 ses troupes\u00a0: <em>\u00ab Si vous contestez la d\u00e9mocratie repr\u00e9sentative, cela finira tr\u00e8s mal \u00bb.<\/em><\/p>\n<p style=\"text-align: justify;\">Engueulade aussi sur le pacte budg\u00e9taire europ\u00e9en (TSCG), instaurant l&rsquo;aust\u00e9rit\u00e9 dans le marbre. Avec le d\u00e9put\u00e9-maire-pr\u00e9sident de la communaut\u00e9 d&rsquo;agglom\u00e9ration,\u00a0pro-trait\u00e9, tan\u00e7ant les \u00e9lus PCF-EELV-NPA\u00a0: <em>\u00ab Qu&rsquo;ont-ils tous \u00e0 vouloir l\u00e9gif\u00e9rer, ils n&rsquo;ont qu&rsquo;\u00e0 se faire \u00e9lire au Parlement pour cela\u2026 \u00bb<\/em>.<\/p>\n<p style=\"text-align: justify;\">Clash enfin quand le \u00a0d\u00e9put\u00e9-maire-pr\u00e9sident de la communaut\u00e9 d&rsquo;agglom\u00e9ration se plaint du d\u00e9part de nombreux conseillers PS (\u00ab\u00a0<em>Ce n&rsquo;est pas normal quand on est un \u00e9lu<\/em>\u00ab\u00a0), avant de se faire rappeler par l&rsquo;un de ses camarades&#8230; qu&rsquo;une r\u00e9union PS a lieu \u00e0 la f\u00e9d\u00e9ration socialiste.<\/p>\n<p style=\"text-align: justify;\">On n&rsquo;est pas en reste \u00e0 droite, avec une belle engueulade sur la subvention de 90.000 euros conc\u00e9d\u00e9e au stade poitevin volley beach :\u00a0entre St\u00e9phane Braconnier \u00ab\u00a0le leader de l&rsquo;opposition\u00a0\u00bb, et Odile Chauvet \u00ab\u00a0la secr\u00e9taire permanente du groupe UMP\u00a0\u00bb&#8230; et pr\u00e9sidente du stade poitevin Omnisports. Un d\u00e9bat fort d\u00e9sint\u00e9ress\u00e9 !<\/p>\n<p style=\"text-align: justify;\">Au-del\u00e0 de tout ce cirque pitoyable,\u00a0la question essentielle\u00a0est celle du mode de prise de d\u00e9cision, au sein d&rsquo;une \u00ab\u00a0d\u00e9mocratie repr\u00e9sentative\u00a0\u00bb d\u00e9connect\u00e9e des inqui\u00e9tudes des populations, et qui\u00a0leur confisque la capacit\u00e9 \u00e0 d\u00e9battre et \u00e0 d\u00e9cider par elles-m\u00eames. Ces \u00e9lus n&rsquo;h\u00e9sitent pas \u00e0 imposer des d\u00e9cisions\u00a0qui ne \u00ab\u00a0repr\u00e9sentent\u00a0\u00bb qu&rsquo;eux-m\u00eames, y compris lorsque ces d\u00e9cisions portent sur des sujets graves et\u00a0peu consensuels,\u00a0comme le TSCG.<\/p>\n<p style=\"text-align: justify;\">La d\u00e9mocratie \u00ab\u00a0repr\u00e9sentative\u00a0\u00bb, c&rsquo;est le pouvoir sur les populations, le contraire du pouvoir de faire des populations. Les anarchistes sont les seuls \u00e0 revendiquer la libre f\u00e9d\u00e9ration, des mandats \u00e9labor\u00e9s en assembl\u00e9es populaires, qui soient imp\u00e9ratifs pour les mandat\u00e9s, eux-m\u00eames r\u00e9vocables par leurs mandataires.<\/p>\n<p style=\"text-align: justify;\"><em>Pavillon Noir, 26 septembre 2012<\/em><\/p>\n","protected":false},"excerpt":{"rendered":"<p>On s&rsquo;amuse bien au conseil municipal de Poitiers, apprend-on dans cet article de la Nouvelle R\u00e9publique. Engueulades \u00e0 gauche : sur le mode de d\u00e9signation des conseillers communautaires pour le moins discutable, le d\u00e9put\u00e9-maire-pr\u00e9sident de la communaut\u00e9 d&rsquo;agglom\u00e9ration (Alain Claeys)\u00a0r\u00e9plique \u00e0 ses troupes\u00a0: \u00ab Si vous contestez la d\u00e9mocratie repr\u00e9sentative, cela finira tr\u00e8s mal \u00bb. &hellip; <a href=\"https:\/\/fa86.noblogs.org\/?p=6496\" class=\"more-link\">Continuer la lecture de <span class=\"screen-reader-text\">[Poitiers] Le cirque des \u00e9lus<\/span> <span class=\"meta-nav\">&rarr;<\/span><\/a><\/p>\n","protected":false},"author":2691,"featured_media":0,"comment_status":"open","ping_status":"open","sticky":false,"template":"","format":"standard","meta":{"footnotes":""},"categories":[8,1],"tags":[],"class_list":["post-6496","post","type-post","status-publish","format-standard","hentry","category-ecrits","category-general"],"_links":{"self":[{"href":"https:\/\/fa86.noblogs.org\/index.php?rest_route=\/wp\/v2\/posts\/6496","targetHints":{"allow":["GET"]}}],"collection":[{"href":"https:\/\/fa86.noblogs.org\/index.php?rest_route=\/wp\/v2\/posts"}],"about":[{"href":"https:\/\/fa86.noblogs.org\/index.php?rest_route=\/wp\/v2\/types\/post"}],"author":[{"embeddable":true,"href":"https:\/\/fa86.noblogs.org\/index.php?rest_route=\/wp\/v2\/users\/2691"}],"replies":[{"embeddable":true,"href":"https:\/\/fa86.noblogs.org\/index.php?rest_route=%2Fwp%2Fv2%2Fcomments&post=6496"}],"version-history":[{"count":4,"href":"https:\/\/fa86.noblogs.org\/index.php?rest_route=\/wp\/v2\/posts\/6496\/revisions"}],"predecessor-version":[{"id":6498,"href":"https:\/\/fa86.noblogs.org\/index.php?rest_route=\/wp\/v2\/posts\/6496\/revisions\/6498"}],"wp:attachment":[{"href":"https:\/\/fa86.noblogs.org\/index.php?rest_route=%2Fwp%2Fv2%2Fmedia&parent=6496"}],"wp:term":[{"taxonomy":"category","embeddable":true,"href":"https:\/\/fa86.noblogs.org\/index.php?rest_route=%2Fwp%2Fv2%2Fcategories&post=6496"},{"taxonomy":"post_tag","embeddable":true,"href":"https:\/\/fa86.noblogs.org\/index.php?rest_route=%2Fwp%2Fv2%2Ftags&post=6496"}],"curies":[{"name":"wp","href":"https:\/\/api.w.org\/{rel}","templated":true}]}}