{"id":6565,"date":"2012-10-01T09:55:28","date_gmt":"2012-10-01T07:55:28","guid":{"rendered":"http:\/\/fa86.noblogs.org\/?p=6565"},"modified":"2012-10-01T10:07:46","modified_gmt":"2012-10-01T08:07:46","slug":"poitiers-les-petits-capitalos-contre-les-marginaux","status":"publish","type":"post","link":"https:\/\/fa86.noblogs.org\/?p=6565","title":{"rendered":"[Poitiers] Les petits capitalos contre les \u00ab\u00a0marginaux\u00a0\u00bb"},"content":{"rendered":"<p style=\"text-align: justify;\">On apprend dans <a href=\"http:\/\/www.lanouvellerepublique.fr\/Vienne\/communes\/Poitiers\/n\/Contenus\/Articles\/2012\/09\/28\/Marginaux-en-centre-ville-la-reunion-une-nouvelle-fois-reportee\" target=\"_blank\">un article de la Nouvelle R\u00e9publique du 28 septembre 2012 <\/a>que la F\u00e9d\u00e9ration des agents \u00e9conomiques (FAE), une association de commer\u00e7ants de l&rsquo;hypercentre poitevin, demande depuis plusieurs mois une r\u00e9union tripartite avec le maire et le pr\u00e9fet, pour discuter du \u00ab\u00a0<strong>\u00ab\u00a0probl\u00e8me\u00a0\u00bb pos\u00e9 par la pr\u00e9sence de marginaux en centre-ville<\/strong>\u00ab\u00a0. Claude Lafond, pr\u00e9sident de l&rsquo;association (et patron d&rsquo;une boutique traiteur\/cave\/vente \u00e0 emporter nomm\u00e9 \u00ab\u00a0La Petite France\u00a0\u00bb, \u00e7a ne s&rsquo;invente pas), se d\u00e9clare ainsi\u00a0\u00ab\u00a0agac\u00e9\u00a0\u00bb du nouveau report de cette r\u00e9union qu&rsquo;il sollicite.<\/p>\n<p style=\"text-align: justify;\">Quelques mots\u00a0r\u00e9sument bien la probl\u00e9matique de la colonisation marchande du centre-ville : \u00ab\u00a0<strong>pr\u00e9sence<\/strong>\u00a0\u00bb de \u00ab\u00a0<strong>marginaux<\/strong>\u00a0\u00bb en \u00ab\u00a0<strong>centre<\/strong>\u00ab\u00a0-ville. Bref, si tu es \u00e0 la \u00ab\u00a0MARGE\u00a0\u00bb,\u00a0tu es\u00a0EXCLU\u00a0de l&rsquo;activit\u00e9 \u00e9conomique et de son CENTRE\u00a0; si tu n&rsquo;as\u00a0rien \u00e0 vendre, pas m\u00eame TOI pour un salaire de mis\u00e8re,\u00a0parce que tu es au ch\u00f4mage par exemple :\u00a0tu es INDESIRABLE.<\/p>\n<p style=\"text-align: justify;\">Exclus de fait par le cynisme in\u00e9galitaire d&rsquo;une soci\u00e9t\u00e9 de marchands qui se targuent de \u00ab\u00a0<a href=\"http:\/\/www.commerces-poitiers.fr\/charte-qualite\" target=\"_blank\">sourire, disponibilit\u00e9, conseil, convivialit\u00e9, \u00e9coute<\/a>&#8230;\u00a0\u00bb, les pauvres devraient ainsi \u00eatre priv\u00e9s du dernier espace commun, la rue. Voil\u00e0 donc l&rsquo;avis de ces philanthropes commer\u00e7ants, et de leurs <a href=\"http:\/\/www.commerces-poitiers.fr\/les-partenaires-de-la-fae\" target=\"_blank\">partenaires financiers <\/a>(ville de Poitiers, communaut\u00e9 d&rsquo;agglom\u00e9ration de Poitiers, entre autres). Leurs propos immondes sont relay\u00e9s par la presse locale depuis des ann\u00e9es, qui fait une v\u00e9ritable campagne anti-\u00ab\u00a0marginaux\u00a0\u00bb depuis que les pauvres s&rsquo;organisent, qu&rsquo;ils occupent le parvis de notre-dame pour revendiquer leur droit \u00e0 un toit, avant de se faire virer par les flics (et de passer en proc\u00e8s le 9 novembre).<\/p>\n<p style=\"text-align: justify;\">Si tu poss\u00e8des un chien,\u00a0si tu ach\u00e8tes aux commer\u00e7ants du centre-ville un peu d&rsquo;alcool, si tu parles un peu trop fort\u00a0: tu n&rsquo;as rien \u00e0 faire en centre-ville, reste chez toi, ici on n&rsquo;aime pas les t\u00e9moignages de mis\u00e8re, on n&rsquo;aime pas les pauvres qu&rsquo;on a fabriqu\u00e9s. Ah, tu n&rsquo;as pas de chez-toi ? Apelle le 115,\u00a0comme dit la mairie, \u00ab\u00a0il n&rsquo;y a pas de probl\u00e8mes de logement sur Poitiers\u00a0\u00bb. \u00a0C&rsquo;est toujours plein ? Va te faire voir ailleurs qu&rsquo;en centre-ville, va zoner dans la \u00ab\u00a0marge\u00a0\u00bb, ou tu finiras la nuit au poste.<\/p>\n<p style=\"text-align: justify;\">Le centre-ville est r\u00e9serv\u00e9 aux citoyens, aux gens\u00a0d\u00e9cents.\u00a0Dans \u00ab\u00a0coeur d&rsquo;agglo\u00a0\u00bb, on file droit \u00e0 l&rsquo;ombre des monuments restaur\u00e9s du pouvoir municipal, des cam\u00e9ras de surveillance des Cordeliers, \u00e0 l&rsquo;ombre des enseignes et des sucettes publicitaires. On ob\u00e9it, on\u00a0consomme, on vend\u00a0et on se vend. Et quand on fait la f\u00eate, c&rsquo;est lors des temps culturels organis\u00e9s par la mairie, avec des spectacles pr\u00e9m\u00e2ch\u00e9s.\u00a0Toujours sous la bienveillante protection des flics, qui contr\u00f4lent, arr\u00eatent, harc\u00e8lent tous ceux qui ne correspondent pas aux canons de l&rsquo;int\u00e9gration, de la soumission.<\/p>\n<p style=\"text-align: justify;\">Les marchands et les politicards ne veulent pas seulement nous soumettre au travail, dans les urnes, ou chez nous devant la t\u00e9l\u00e9. Non, nous devons \u00eatre leurs moutons aussi dans le peu d&rsquo;espace commun de libert\u00e9 qui nous reste, la rue, lieu de toutes les rencontres et de tous les possibles. Nous ne devons pas nous rassembler pour porter un message politique de solidarit\u00e9, sous peine d&rsquo;\u00eatre film\u00e9s par la police. Ne pas diffuser de journaux ou de tracts alternatifs, sous peine d&rsquo;\u00eatre contr\u00f4l\u00e9s. Ne pas revendiquer nos droits \u00e0 un toit, sous peine d&rsquo;\u00eatre embarqu\u00e9s et jug\u00e9s.<\/p>\n<p style=\"text-align: justify;\">Pour notre part, nous n&rsquo;attendons pas une r\u00e9union officielle avec les chefs de la police nationale ou municipale pour \u00e9voquer le probl\u00e8me pos\u00e9 par la pr\u00e9sence d&rsquo;exploiteurs dans l&rsquo;espace commun. Nous tissons des liens de solidarit\u00e9 entre exploit\u00e9-e-s, et nous nous organisons. Solidarit\u00e9, voil\u00e0 bien un mot \u00e9tranger au raisonnement des marchands, qui ne con\u00e7oivent le \u00ab\u00a0dialogue social\u00a0\u00bb qu&rsquo;avec des bureaucrates et des flics.<\/p>\n<p style=\"text-align: justify;\">Et en mati\u00e8re de solidarit\u00e9, nous avons d\u00e9j\u00e0 des pistes : le prol\u00e9tariat sait lui aussi \u00eatre inventif. Les bourges derri\u00e8re leur vitrine, pr\u00e9tendant faire la loi sur l&rsquo;espace commun, le doigt\u00a0prompt \u00e0 taper 17 sur le clavier de leur t\u00e9l\u00e9phone, devraient faire attention lorsqu&rsquo;ils affichent publiquement leur haine de classe. Il se pourrait bien que parmi les prol\u00e9taires, des m\u00e9thodes \u00e9prouv\u00e9es depuis longtemps reviennent \u00e0 la mode. Occupations, piquets de gr\u00e8ve, r\u00e9appropriations, sabotage (refus de produire des produits de qualit\u00e9), boycott (refus d&rsquo;acheter certains produits)&#8230; Avis aux colonisateurs de nos vies individuelles, de nos solidarit\u00e9s sociales : la rue ne vous appartient pas, nous l&rsquo;occupons. Et les mauvais coups se rendent, parce qu&rsquo;on est peut-\u00eatre pauvres, mais contrairement \u00e0 vous, on a encore une fiert\u00e9 et une dignit\u00e9.<\/p>\n<p style=\"text-align: justify;\"><em>Pavillon Noir, 1er octobre 2012<\/em><\/p>\n<p style=\"text-align: justify;\"><em><strong>NdPN<\/strong> : nous joignons \u00e0 cet article un\u00a0communiqu\u00e9 du DAL 86 :<\/em><\/p>\n<p style=\"text-align: justify;\"><strong>Communiqu\u00e9 du DAL 86<\/strong><\/p>\n<p style=\"text-align: justify;\">A l&rsquo;heure o\u00f9 Matignon a d\u00e9cid\u00e9, en collaboration avec la ministre du Logement EELV, C\u00e9cile Duflot, de mettre en \u0153uvre sans tarder un plan d\u2019urgence pour les sans-abri, \u00e0 l&rsquo;heure o\u00f9 les d\u00e9put\u00e9s, sous l&rsquo;impulsion du Front de gauche, durcissent la loi sur la r\u00e9quisition des logements vacants, \u00e0 Poitiers il\u00a0est programm\u00e9 le proc\u00e8s en appel des sans logis et mal log\u00e9s qui avaient \u00e9tabli un campement place du march\u00e9 Notre Dame \u00e0 partir du 30 mars dernier et qui ont \u00e9t\u00e9 \u00e9vacu\u00e9s brutalement par la police du gouvernement sarkoziste sur la demande de la mairie socialiste.<\/p>\n<p style=\"text-align: justify;\">La justice n&rsquo;a pas \u00e9t\u00e9 en reste concernant cette criminalisation de la mis\u00e8re. C&rsquo;est une premi\u00e8re nationale concernant les luttes soutenues par le DAL\u00a0: deux personnes ont \u00e9t\u00e9 condamn\u00e9es \u00e0 deux mois de prison ferme.<\/p>\n<p style=\"text-align: justify;\">&#8211; <a href=\"http:\/\/dal86.fr\/2012\/07\/17\/breves-rendu-du-proces-du-campement-des-sans-logis-et-mal-loges-de-poitiers\/\" rel=\"nofollow\" target=\"_blank\">Rendu du proc\u00e8s du campement des sans logis et mal log\u00e9s de Poitiers <\/a><br \/>\n&#8211; <a href=\"http:\/\/dal86.fr\/2012\/07\/19\/criminaliser-la-misere\/\" rel=\"nofollow\" target=\"_blank\">Criminaliser la mis\u00e8re ! <\/a><br \/>\n&#8211; <a href=\"http:\/\/dal86.fr\/2012\/07\/20\/communique-federation-dal-prison-ferme-pour-2-militants-de-dal-poitiers\/\" rel=\"nofollow\" target=\"_blank\">Communiqu\u00e9 F\u00e9d\u00e9ration DAL : Prison ferme pour 2 militants de DAL Poitiers ! <\/a><\/p>\n<p style=\"text-align: justify;\" align=\"center\">\u00a0<strong>L&rsquo;appel de cette d\u00e9cision indigne aura lieu le 9 novembre 2012 \u00e0 9h au palais de Justice de Poitiers.<\/strong><\/p>\n<p style=\"text-align: justify;\">Un tract de la f\u00e9d\u00e9ration du Parti socialiste de la Vienne qui circule actuellement pr\u00e9tend que \u00ab\u00a0<em>l&rsquo;\u00e8re Sarkozy est bien finie\u00a0<\/em>\u00bb et que \u00ab\u00a0<em>le changement voulu par les Fran\u00e7ais commence \u00e0 prendre forme\u00a0<\/em>\u00bb. Cela sera-t-il v\u00e9rifi\u00e9 \u00e0 l&rsquo;issue du proc\u00e8s ?<\/p>\n<p style=\"text-align: justify;\">R\u00e9servez d\u00e8s \u00e0 pr\u00e9sent cette date pour exiger la relaxe des militants. Jean-Baptiste Eyraud, porte parole de la F\u00e9d\u00e9ration Droit au logement a d\u00e9j\u00e0 r\u00e9pondu pr\u00e9sent.<\/p>\n<p style=\"text-align: justify;\">Nous appelons tous ceux qui veulent d\u00e9fendre le droit au logement et en particulier le droit \u00e0 un logement pour tous \u00e0 apporter leur soutien.<\/p>\n<p style=\"text-align: justify;\"><strong><em><strong><a href=\"http:\/\/dal86.fr\/\" rel=\"nofollow\" target=\"_blank\">DAL86<\/a> \u2013 <a href=\"http:\/\/fr.mc1321.mail.yahoo.com\/mc\/compose?to=dal86@free.fr\" rel=\"nofollow\" target=\"_blank\">dal86@free.fr<\/a> \u2013 06 52 93 54 44 \/ 05 49 88 94 56<br \/>\nPermanences : tous les samedis matin de 11h \u00e0 12h Maison de la Solidarit\u00e9 22 rue du Pigeon Blanc Poitiers<\/strong><\/em><\/strong><\/p>\n<p style=\"text-align: justify;\"><em><span style=\"color: #000000;\">Mail du DAL 86, 30 septembre 2012<\/span><\/em><\/p>\n","protected":false},"excerpt":{"rendered":"<p>On apprend dans un article de la Nouvelle R\u00e9publique du 28 septembre 2012 que la F\u00e9d\u00e9ration des agents \u00e9conomiques (FAE), une association de commer\u00e7ants de l&rsquo;hypercentre poitevin, demande depuis plusieurs mois une r\u00e9union tripartite avec le maire et le pr\u00e9fet, pour discuter du \u00ab\u00a0\u00ab\u00a0probl\u00e8me\u00a0\u00bb pos\u00e9 par la pr\u00e9sence de marginaux en centre-ville\u00ab\u00a0. Claude Lafond, pr\u00e9sident &hellip; <a href=\"https:\/\/fa86.noblogs.org\/?p=6565\" class=\"more-link\">Continuer la lecture de <span class=\"screen-reader-text\">[Poitiers] Les petits capitalos contre les \u00ab\u00a0marginaux\u00a0\u00bb<\/span> <span class=\"meta-nav\">&rarr;<\/span><\/a><\/p>\n","protected":false},"author":2691,"featured_media":0,"comment_status":"open","ping_status":"open","sticky":false,"template":"","format":"standard","meta":{"footnotes":""},"categories":[26,8,9,12,7,16,4],"tags":[],"class_list":["post-6565","post","type-post","status-publish","format-standard","hentry","category-construction-du-desert","category-ecrits","category-la-rue-grogne","category-okupa-y-resiste","category-propagande-marchande","category-repression","category-se-trouver"],"_links":{"self":[{"href":"https:\/\/fa86.noblogs.org\/index.php?rest_route=\/wp\/v2\/posts\/6565","targetHints":{"allow":["GET"]}}],"collection":[{"href":"https:\/\/fa86.noblogs.org\/index.php?rest_route=\/wp\/v2\/posts"}],"about":[{"href":"https:\/\/fa86.noblogs.org\/index.php?rest_route=\/wp\/v2\/types\/post"}],"author":[{"embeddable":true,"href":"https:\/\/fa86.noblogs.org\/index.php?rest_route=\/wp\/v2\/users\/2691"}],"replies":[{"embeddable":true,"href":"https:\/\/fa86.noblogs.org\/index.php?rest_route=%2Fwp%2Fv2%2Fcomments&post=6565"}],"version-history":[{"count":10,"href":"https:\/\/fa86.noblogs.org\/index.php?rest_route=\/wp\/v2\/posts\/6565\/revisions"}],"predecessor-version":[{"id":6569,"href":"https:\/\/fa86.noblogs.org\/index.php?rest_route=\/wp\/v2\/posts\/6565\/revisions\/6569"}],"wp:attachment":[{"href":"https:\/\/fa86.noblogs.org\/index.php?rest_route=%2Fwp%2Fv2%2Fmedia&parent=6565"}],"wp:term":[{"taxonomy":"category","embeddable":true,"href":"https:\/\/fa86.noblogs.org\/index.php?rest_route=%2Fwp%2Fv2%2Fcategories&post=6565"},{"taxonomy":"post_tag","embeddable":true,"href":"https:\/\/fa86.noblogs.org\/index.php?rest_route=%2Fwp%2Fv2%2Ftags&post=6565"}],"curies":[{"name":"wp","href":"https:\/\/api.w.org\/{rel}","templated":true}]}}