{"id":6618,"date":"2012-10-04T10:52:29","date_gmt":"2012-10-04T08:52:29","guid":{"rendered":"http:\/\/fa86.noblogs.org\/?p=6618"},"modified":"2012-10-04T10:53:33","modified_gmt":"2012-10-04T08:53:33","slug":"poitiers-rassemblement-de-soutien-aux-sans-papiers","status":"publish","type":"post","link":"https:\/\/fa86.noblogs.org\/?p=6618","title":{"rendered":"[Poitiers] Rassemblement de soutien aux sans-papiers"},"content":{"rendered":"<p style=\"text-align: justify;\"><em><strong>NdPN<\/strong> : petit compte-rendu par la presse locale du rassemblement mensuel tous les premiers mercredis du mois, en soutien aux migrant-e-s menac\u00e9-e-s d&rsquo;expulsion par la police et la justice. Et comme d&rsquo;habitude, flics post\u00e9s bien en \u00e9vidence devant nous. Les m\u00eames qui arr\u00eatent et envoient en centre de r\u00e9tention administrative. Le changement, c&rsquo;est pas pour maintenant. La lutte continue.<\/em><\/p>\n<p style=\"text-align: justify;\"><a href=\"http:\/\/www.lanouvellerepublique.fr\/Vienne\/Actualite\/Economie-social\/n\/Contenus\/Articles\/2012\/10\/04\/Sans-papiers-en-attendant-le-changement\" target=\"_blank\"><strong>Sans-papiers : en attendant le changement<\/strong><\/a><\/p>\n<p style=\"text-align: justify;\"><em><img loading=\"lazy\" decoding=\"async\" class=\"alignnone\" title=\"rassemblement\" src=\"http:\/\/www.lanouvellerepublique.fr\/var\/nrv2\/storage\/images\/contenus\/articles\/2012\/10\/04\/sans-papiers-en-attendant-le-changement\/21719433-1-fre-FR\/Sans-papiers-en-attendant-le-changement_reference.jpg\" alt=\"\" width=\"600\" height=\"454\" \/><\/em><\/p>\n<p style=\"text-align: justify;\"><em>Rassemblement hier soir devant le palais de justice en soutien aux sans-papiers.<\/em><\/p>\n<p style=\"text-align: justify;\"><a href=\"http:\/\/memorix.sdv.fr\/5c\/www.lanouvellerepublique.fr\/actualite\/economie-social_articles\/86\/poitiers\/86194\/1401215538\/Position1\/default\/empty.gif\/5575556e555642744e51734141576931\" target=\"_blank\"><img loading=\"lazy\" decoding=\"async\" src=\"http:\/\/memorix.sdv.fr\/0\/default\/empty.gif\" alt=\"\" width=\"1\" height=\"1\" border=\"0\" \/><\/a>A l&rsquo;appel du collectif poitevin \u00ab D&rsquo;ailleurs nous sommes d&rsquo;ici \u00bb, qui regroupe une quinzaine d&rsquo;associations, syndicats et partis politiques (*) une quarantaine de personnes s&rsquo;est rassembl\u00e9e hier soir devant le palais de justice pour demander<em> \u00ab une autre politique d&rsquo;immigration \u00bb.<\/em> Selon ces organisations, qui se r\u00e9unissent traditionnellement chaque premier mercredi du mois, le compte n&rsquo;y est pas. <em>\u00ab Rien n&rsquo;a chang\u00e9 sur le fond,<\/em> s&rsquo;exclame ainsi Yves Judde pour la Cimade,<em> ici \u00e0 Poitiers et dans la Vienne la pr\u00e9fecture fait comme avant. \u00bb <\/em>Selon les manifestants, le nombre d&rsquo;obligations de quitter le territoire fran\u00e7ais (OQTF) d\u00e9livr\u00e9es par les services de l&rsquo;\u00c9tat n&rsquo;aurait pas diminu\u00e9. Et cela en d\u00e9pit des d\u00e9clarations faites au printemps dernier par Fran\u00e7ois Hollande, alors candidat \u00e0 l&rsquo;\u00e9lection pr\u00e9sidentielle\u2009:<em> \u00ab L&rsquo;une des premi\u00e8res mesures l\u00e9gislatives propos\u00e9e par le gouvernement en mati\u00e8re d&rsquo;immigration est la cr\u00e9ation d&rsquo;un dispositif l\u00e9gal suppl\u00e9mentaire de privation de libert\u00e9 pour permettre \u00e0 nouveau d&rsquo;enfermer massivement les \u00e9trangers en r\u00e9tention \u00bb<\/em> d\u00e9plore notamment le collectif.<\/p>\n<div id=\"text\" style=\"text-align: justify;\">\n<p><em>(*) Le collectif regroupe La Cimade, la ligue des droits de l&rsquo;homme, Amnesty international, le r\u00e9seau \u00c9ducation sans fronti\u00e8res, Europe \u00c9cologie les Verts, le parti de gauche, les Alternatifs\u2026<\/em><\/p>\n<p><em>Nouvelle R\u00e9publique, J.-M.G., 4 octobre 2012<\/em><\/p>\n<\/div>\n","protected":false},"excerpt":{"rendered":"<p>NdPN : petit compte-rendu par la presse locale du rassemblement mensuel tous les premiers mercredis du mois, en soutien aux migrant-e-s menac\u00e9-e-s d&rsquo;expulsion par la police et la justice. Et comme d&rsquo;habitude, flics post\u00e9s bien en \u00e9vidence devant nous. Les m\u00eames qui arr\u00eatent et envoient en centre de r\u00e9tention administrative. Le changement, c&rsquo;est pas pour &hellip; <a href=\"https:\/\/fa86.noblogs.org\/?p=6618\" class=\"more-link\">Continuer la lecture de <span class=\"screen-reader-text\">[Poitiers] Rassemblement de soutien aux sans-papiers<\/span> <span class=\"meta-nav\">&rarr;<\/span><\/a><\/p>\n","protected":false},"author":2691,"featured_media":0,"comment_status":"open","ping_status":"open","sticky":false,"template":"","format":"standard","meta":{"footnotes":""},"categories":[11],"tags":[],"class_list":["post-6618","post","type-post","status-publish","format-standard","hentry","category-ni-patrie-ni-frontiere"],"_links":{"self":[{"href":"https:\/\/fa86.noblogs.org\/index.php?rest_route=\/wp\/v2\/posts\/6618","targetHints":{"allow":["GET"]}}],"collection":[{"href":"https:\/\/fa86.noblogs.org\/index.php?rest_route=\/wp\/v2\/posts"}],"about":[{"href":"https:\/\/fa86.noblogs.org\/index.php?rest_route=\/wp\/v2\/types\/post"}],"author":[{"embeddable":true,"href":"https:\/\/fa86.noblogs.org\/index.php?rest_route=\/wp\/v2\/users\/2691"}],"replies":[{"embeddable":true,"href":"https:\/\/fa86.noblogs.org\/index.php?rest_route=%2Fwp%2Fv2%2Fcomments&post=6618"}],"version-history":[{"count":3,"href":"https:\/\/fa86.noblogs.org\/index.php?rest_route=\/wp\/v2\/posts\/6618\/revisions"}],"predecessor-version":[{"id":6621,"href":"https:\/\/fa86.noblogs.org\/index.php?rest_route=\/wp\/v2\/posts\/6618\/revisions\/6621"}],"wp:attachment":[{"href":"https:\/\/fa86.noblogs.org\/index.php?rest_route=%2Fwp%2Fv2%2Fmedia&parent=6618"}],"wp:term":[{"taxonomy":"category","embeddable":true,"href":"https:\/\/fa86.noblogs.org\/index.php?rest_route=%2Fwp%2Fv2%2Fcategories&post=6618"},{"taxonomy":"post_tag","embeddable":true,"href":"https:\/\/fa86.noblogs.org\/index.php?rest_route=%2Fwp%2Fv2%2Ftags&post=6618"}],"curies":[{"name":"wp","href":"https:\/\/api.w.org\/{rel}","templated":true}]}}