{"id":6650,"date":"2012-10-09T09:05:17","date_gmt":"2012-10-09T07:05:17","guid":{"rendered":"http:\/\/fa86.noblogs.org\/?p=6650"},"modified":"2012-10-09T09:07:01","modified_gmt":"2012-10-09T07:07:01","slug":"un-facho-repenti-temoigne","status":"publish","type":"post","link":"https:\/\/fa86.noblogs.org\/?p=6650","title":{"rendered":"Un facho repenti t\u00e9moigne"},"content":{"rendered":"<p style=\"text-align: justify\"><a href=\"http:\/\/www.midilibre.fr\/2012\/10\/08\/un-militant-repenti-balance-les-secrets-de-l-ultra-droite,574771.php\" target=\"_blank\"><strong>Languedoc-Roussillon &#8211;\u00a0Un militant repenti balance les secrets de l&rsquo;ultra-droite<\/strong><\/a><\/p>\n<p style=\"text-align: justify\"><em>Damien (1) a \u00e9t\u00e9, pendant quatre ans, membre d&rsquo;une petite organisation politique d&rsquo;extr\u00eame-droite proche du Bloc Identitaire. Originaire d&rsquo;un petit village dans l&rsquo;Aude, il a c\u00f4toy\u00e9 pendant une dizaine d&rsquo;ann\u00e9es un groupe de militants de la r\u00e9gion dont le but \u00e9tait de \u00ab r\u00e9veiller les consciences nationales \u00bb comme il le dit, en agissant principalement sur internet. Rang\u00e9 des voitures, il a souhait\u00e9 t\u00e9moigner de cette p\u00e9riode de sa vie et de ses d\u00e9rives.<\/em><\/p>\n<p style=\"text-align: justify\"><strong>Comment \u00eates-vous entr\u00e9 en politique ?<\/strong><\/p>\n<p style=\"text-align: justify\">Au d\u00e9part c&rsquo;\u00e9tait par le rock. On \u00e9tait plusieurs jeunes du village \u00e0 \u00e9couter Vae Victis, Insurrection, tout \u00e7a. Les paroles nous touchaient et en cherchant on a rencontr\u00e9 des militants d&rsquo;Unit\u00e9 Radicale (UR) qui \u00e9taient \u00e0 B\u00e9darieux. Ca a tout de suite coll\u00e9. Dire enfin tout haut que les \u00e9trangers venaient coloniser le pays, que les vrais Fran\u00e7ais des villages comme nous \u00e9taient des citoyens de seconde zone, tout ce qu&rsquo;ils disaient semblait \u00e9vident \u00e0 l&rsquo;\u00e9poque.<\/p>\n<p style=\"text-align: justify\"><strong>Vous dites \u00ab semblez \u00bb. Vous n&rsquo;\u00eates plus aussi certain d&rsquo;avoir raison ?<\/strong><\/p>\n<p style=\"text-align: justify\">Ma vie a chang\u00e9. Je suis en train de terminer un master II \u00e0 Montpellier et j&rsquo;ai mis de l&rsquo;eau dans mon vin. La fa\u00e7on de penser des identitaires m&rsquo;a emp\u00each\u00e9 d&rsquo;avancer, si j&rsquo;avais continu\u00e9 comme \u00e7a je serais rest\u00e9 dans mon bled \u00e0 d\u00e9tester la terre enti\u00e8re.<\/p>\n<p style=\"text-align: justify\"><strong>Combien \u00e9tiez-vous ?<\/strong><\/p>\n<p style=\"text-align: justify\">Il y a eu pas mal de changement \u00e0 UR, et le petit groupe auquel j&rsquo;ai appartenu apr\u00e8s sa dissolution revendiquait une cinquantaine de membres dans toute la France. Et sept dans l&rsquo;Aude, plusieurs d&rsquo;Olonzac, de Narbonne et un de Coursan. Nous nous r\u00e9unissions une fois par semaine chez l&rsquo;un ou chez l&rsquo;autre, mais l&rsquo;essentiel des messages passait par internet.<\/p>\n<p style=\"text-align: justify\"><strong>Quels \u00e9taient vos buts ?<\/strong><\/p>\n<p style=\"text-align: justify\">On partait du principe que notre r\u00f4le \u00e9tait de \u00ab r\u00e9veiller les consciences nationales \u00bb, de dire la v\u00e9rit\u00e9 aux Fran\u00e7ais, qui \u00e9taient anesth\u00e9si\u00e9s par les politiques et les m\u00e9dias. Nous consid\u00e9rions que les m\u00e9dias mentaient tous, que nous vivions dans un Etat \u00ab ripoublicain \u00bb, corrompu par des \u00e9lites mondialistes, que la race blanche \u00e9tait en danger, tout \u00e7a. Et comme on \u00e9tait peu nombreux, on a surtout utilis\u00e9 internet. C&rsquo;\u00e9tait pratique pour faire passer nos messages, et \u00e7a ne co\u00fbtait pas d&rsquo;argent.<\/p>\n<p style=\"text-align: justify\">Je sais qu&rsquo;au Bloc (<a href=\"http:\/\/fr.wikipedia.org\/wiki\/Bloc_identitaire\" target=\"_blank\">Bloc identitaire<\/a>, NDLR) et au FN ils ont des m\u00e9thodes analogues, l&rsquo;essentiel de celles que nous utilisions venaient d&rsquo;ailleurs de leur fascicules de formation des militants.<\/p>\n<p style=\"text-align: justify\"><strong>Comment proc\u00e9diez-vous ?<\/strong><\/p>\n<p style=\"text-align: justify\">Tout \u00e9tait assez codifi\u00e9. Il fallait en priorit\u00e9 \u00ab squatter \u00bb les sites d&rsquo;information g\u00e9n\u00e9rale \u00e0 la recherche de toutes les informations \u00ab raciales \u00bb possibles. Monter en \u00e9pingle les fais divers lorsqu&rsquo;ils concernaient des \u00e9trangers, quitte \u00e0 les faire \u00ab mousser \u00bb sur Facebook ou sur les forums. Les r\u00e9seaux sociaux et les commentaires dans les articles de presse \u00e9taient l&rsquo;id\u00e9al pour \u00e7a.<\/p>\n<p style=\"text-align: justify\">Nous avions clairement identifi\u00e9 l&rsquo;id\u00e9e qu&rsquo;il fallait que nous ayons des pseudonymes \u00ab r\u00e9guliers \u00bb de mani\u00e8re \u00e0 recruter \u00e0 nos id\u00e9es, de mani\u00e8re \u00e0 ce que les gens, \u00e0 force de lire notre nom se disent : \u00ab Il a raison ce gars-l\u00e0 \u00bb et se rapprochent de nous. Il fallait aussi cr\u00e9er des profils \u00ab ponctuels \u00bb juste pour donner l&rsquo;effet de masse, donner l&rsquo;impression que c&rsquo;\u00e9tait la \u00ab base \u00bb des gens qui pensait comme nous. Ca, c&rsquo;\u00e9tait facile, parce que globalement les gens partagent nos id\u00e9es sur les d\u00e9linquants.<\/p>\n<p style=\"text-align: justify\">Mais il fallait agir subtilement. Ne jamais parler des Arabes et des Blancs en tant que tel, mais reprendre des th\u00e8mes \u00ab humanistes \u00bb en parlant par exemple des \u00ab nantis antiracistes et mondialistes qui cherchent \u00e0 \u00e9craser les pauvres qui supportent le racisme antiblanc \u00bb.<\/p>\n<p style=\"text-align: justify\"><strong>Quel \u00e9tait votre r\u00f4le pr\u00e9cis\u00e9ment ?<\/strong><\/p>\n<p style=\"text-align: justify\">Mon travail consistait aussi \u00e0 faire des revues de presse sur plusieurs blogs, et en ne prenant que les histoires qui mettent en sc\u00e8ne des \u00e9trangers pour ensuite de d\u00e9montrer que tout les probl\u00e8mes venaient d&rsquo;eux. Mais \u00e9videmment, on ne se limitait pas aux faits divers. Il \u00e9tait super-important aussi de prendre les articles parlant des initiatives sur la \u00ab diversit\u00e9 \u00bb. Ce mot est parfait pour d\u00e9tecter les articles de presse o\u00f9 il va \u00eatre question d&rsquo;argent public donn\u00e9 aux associations \u00e9trang\u00e8res.<\/p>\n<p style=\"text-align: justify\">En publiant souvent des articles sur ces sujets on pouvait ensuite facilement s&rsquo;y r\u00e9f\u00e9rer pour donner l&rsquo;impression que les pouvoirs publics se soucient plus du bien-\u00eatre des immigr\u00e9s que des \u00ab Blancs\u00bb (le mot que nous employions \u00e0 l&rsquo;\u00e9poque pour parler de nous).<\/p>\n<p style=\"text-align: justify\"><strong>Pourtant ce genre de discours tombe facilement sous le coup de la loi contre l&rsquo;incitation \u00e0 la haine raciale&#8230;<\/strong><\/p>\n<p style=\"text-align: justify\">Bien s\u00fbr. C&rsquo;est la raison pour laquelle nous avons d\u00e9velopp\u00e9 notre terminologie, en disant les choses d&rsquo;une certaine mani\u00e8re: \u00ab \u00eatre positif \u00bb. Ne pas dire \u00ab c&rsquo;est la guerre civile, les Arabes ne veulent pas \u00eatre int\u00e9gr\u00e9 \u00bb. Une telle phrase fait fuir les gens qui ne sont pas engag\u00e9s \u00e0 nos c\u00f4t\u00e9, mais dire \u00ab la plus grande fermet\u00e9 est n\u00e9cessaire pour retrouver la paix civile \u00bb. Ca veut dire la m\u00eame chose, parce que \u00e7a donne \u00e0 penser qu&rsquo;on est en guerre, mais \u00e7a donne l&rsquo;impression qu&rsquo;on est plein de sagesse.<\/p>\n<p style=\"text-align: justify\">Les gens \u00ab mordent \u00bb beaucoup plus facilement \u00e0 tout \u00e7a, et finalement, ce sont eux-m\u00eames qui dans les commentaires vont dire ce que nous, on ne peut pas \u00e9crire.<\/p>\n<p style=\"text-align: justify\">Apr\u00e8s tout s&rsquo;encha\u00eene. Comme les gens r\u00e9p\u00e9tent le m\u00eame discours que nous, mais sans pr\u00e9cautions oratoires, leurs commentaires sont censur\u00e9s par les journaux \u00ab s\u00e9rieux \u00bb (la loi interdit ce genre de discours et les journaux se prot\u00e8gent en ne les publiant pas). Il est alors extr\u00eamement facile de les \u00e9pauler en critiquant la scandaleuse censure dont font l&rsquo;objet ceux qui pensent comme nous, et \u00e0 parler d&rsquo;une collusion entre les m\u00e9dias et les \u00ab antifran\u00e7ais \u00bb.<\/p>\n<p style=\"text-align: justify\"><strong>Vous avez d&rsquo;autres exemples ?<\/strong><\/p>\n<p style=\"text-align: justify\">Je pourrais en donner pendant des heures, mais par exemple il suffit de prendre un pseudo \u00e0 consonance musulmane et lancer des insultes aux Fran\u00e7ais, en pr\u00f4nant une R\u00e9publique islamiste \u00e0 Paris ou ce genre de choses. C&rsquo;est tr\u00e8s gros mais \u00e7a marche \u00e0 chaque fois.<\/p>\n<p style=\"text-align: justify\"><strong>Vous n&rsquo;aviez pas l&rsquo;impression, avec ces m\u00e9thodes, d&rsquo;\u00eatre vous m\u00eame \u00e0 l&rsquo;origine d&rsquo;une manipulation politique ?<\/strong><\/p>\n<p style=\"text-align: justify\">Bien s\u00fbr que non. Puisqu&rsquo;on \u00e9tait s\u00fbrs d&rsquo;avoir raison, que les mondialistes voulaient notre peau, tout les moyens \u00e9taient bons. De toute fa\u00e7on, sans creuser vraiment l&rsquo;actualit\u00e9, c&rsquo;est toujours ce qui \u00e9mergeait, alors c&rsquo;\u00e9tait facile de le mettre en avant. D\u00e9fendre la \u00ab race \u00bb nous paraissait \u00eatre une mission sacr\u00e9e.<\/p>\n<p style=\"text-align: justify\">Bien s\u00fbr maintenant, je me rends compte que les \u00ab flots d&rsquo;argent \u00bb d\u00e9vers\u00e9s sur les associations d&rsquo;immigr\u00e9s sont surtout l\u00e0 pour gagner la paix sociale, qu&rsquo;il s&rsquo;agit d&rsquo;initiatives bidon pour \u00e9viter une explosion des banlieues, et que souvent m\u00eame l&rsquo;argent annonc\u00e9 n&rsquo;arrive pas jusque l\u00e0. Sans compter qu&rsquo;il s&rsquo;agit en r\u00e9alit\u00e9 de petites sommes.<\/p>\n<p style=\"text-align: justify\">J&rsquo;ai compris aussi qu&rsquo;on parlait surtout de d\u00e9linquance quotidienne, des petits trucs comme des vols de sac \u00e0 main ou des voitures incendi\u00e9es, mais qu&rsquo;on ne parlait pas de certaines \u00ab grosses affaires \u00bb, parce qu&rsquo;elle ne concernait pas des \u00e9trangers. Et que les gros d\u00e9linquants, les banquiers et les hommes d&rsquo;affaires v\u00e9reux, on n&rsquo;en parlait jamais, sauf lorsque \u00ab par bonheur \u00bb ils \u00e9taient juifs, franc-ma\u00e7on ou ce genre de chose et que donc on pouvait en tirer le fil du complot des \u00ab riches antiracistes \u00bb.<\/p>\n<p style=\"text-align: justify\">Avec le recul, je sais maintenant que le probl\u00e8me de la d\u00e9linquance est li\u00e9 \u00e0 la pauvret\u00e9 de certaines populations, et pas \u00e0 leur origine ethnique, mais pour un rural comme je l&rsquo;\u00e9tais \u00e0 l&rsquo;\u00e9poque les choses \u00e9taient diff\u00e9rentes. Je r\u00e9agissais avec mes tripes pas avec ma t\u00eate.<\/p>\n<p style=\"text-align: justify\"><strong>Avez-vous particip\u00e9 \u00e0 la compagne pour la pr\u00e9sidentielle du FN en 2012 ?<\/strong><\/p>\n<p style=\"text-align: justify\">Non, j&rsquo;avais d\u00e9j\u00e0 arr\u00eat\u00e9 de militer depuis un bon moment. Mais j&rsquo;ai coll\u00e9 les affiches de Le Pen en 2007.<\/p>\n<p style=\"text-align: justify\"><strong>Comment regardez-vous le discours politique de l&rsquo;extr\u00eame-droite actuelle ?<\/strong><\/p>\n<p style=\"text-align: justify\">J&rsquo;ai \u00e9norm\u00e9ment \u00e9tudi\u00e9 tout \u00e7a depuis quelques ann\u00e9es et je vois maintenant une grande confusion des genres entre un discours qui pr\u00e9tend d\u00e9fendre les petites gens, les bons Fran\u00e7ais qui travaillent honn\u00eatement, et le fait qu&rsquo;on ne parle que d&rsquo;ins\u00e9curit\u00e9, de mont\u00e9e de l&rsquo;islamisme etc. au moment o\u00f9 il faudrait surtout parler d&rsquo;\u00e9conomie et de salaire, qui est le noeud du probl\u00e8me. Pour moi, pendant des ann\u00e9es, j&rsquo;ai contribu\u00e9 \u00e0 cr\u00e9er l&rsquo;\u00e9cran de fum\u00e9e qui prot\u00e8ge ceux contre lesquels je me battais vraiment au fond de mon coeur : les profiteurs.<\/p>\n<p style=\"text-align: justify\"><strong>Comment regardez-vous, aujourd&rsquo;hui, le militant que vous \u00e9tiez ?<\/strong><\/p>\n<p style=\"text-align: justify\">Moi et les autres on s&rsquo;est laiss\u00e9 avoir. Il n&rsquo;y avait pas de travail dans le village, on \u00e9tait d\u00e9soeuvr\u00e9, on avait l&rsquo;impression d&rsquo;\u00eatre inutile et rejet\u00e9s par la soci\u00e9t\u00e9. D&rsquo;ailleurs il ne se passait jamais rien chez nous en terme de d\u00e9linquance, et les seuls \u00e9trangers \u00e9taient les fils de r\u00e9fugi\u00e9s espagnols.<\/p>\n<p style=\"text-align: justify\"><strong>Pourquoi avez-vous demand\u00e9 qu&rsquo;on change votre pr\u00e9nom et qu&rsquo;on ne pr\u00e9sente pas votre photo dans cet article ?<\/strong><\/p>\n<p style=\"text-align: justify\">Il est \u00e9vident qu&rsquo;il y aurait des repr\u00e9sailles contre moi.<\/p>\n<p style=\"text-align: justify\">(1) Nom d&#8217;emprunt<\/p>\n<p style=\"text-align: justify\"><em>Midi Libre, 8 octobre 2012<\/em><\/p>\n","protected":false},"excerpt":{"rendered":"<p>Languedoc-Roussillon &#8211;\u00a0Un militant repenti balance les secrets de l&rsquo;ultra-droite Damien (1) a \u00e9t\u00e9, pendant quatre ans, membre d&rsquo;une petite organisation politique d&rsquo;extr\u00eame-droite proche du Bloc Identitaire. Originaire d&rsquo;un petit village dans l&rsquo;Aude, il a c\u00f4toy\u00e9 pendant une dizaine d&rsquo;ann\u00e9es un groupe de militants de la r\u00e9gion dont le but \u00e9tait de \u00ab r\u00e9veiller les consciences &hellip; <a href=\"https:\/\/fa86.noblogs.org\/?p=6650\" class=\"more-link\">Continuer la lecture de <span class=\"screen-reader-text\">Un facho repenti t\u00e9moigne<\/span> <span class=\"meta-nav\">&rarr;<\/span><\/a><\/p>\n","protected":false},"author":2691,"featured_media":0,"comment_status":"open","ping_status":"open","sticky":false,"template":"","format":"standard","meta":{"footnotes":""},"categories":[6],"tags":[],"class_list":["post-6650","post","type-post","status-publish","format-standard","hentry","category-paf-le-faf"],"_links":{"self":[{"href":"https:\/\/fa86.noblogs.org\/index.php?rest_route=\/wp\/v2\/posts\/6650","targetHints":{"allow":["GET"]}}],"collection":[{"href":"https:\/\/fa86.noblogs.org\/index.php?rest_route=\/wp\/v2\/posts"}],"about":[{"href":"https:\/\/fa86.noblogs.org\/index.php?rest_route=\/wp\/v2\/types\/post"}],"author":[{"embeddable":true,"href":"https:\/\/fa86.noblogs.org\/index.php?rest_route=\/wp\/v2\/users\/2691"}],"replies":[{"embeddable":true,"href":"https:\/\/fa86.noblogs.org\/index.php?rest_route=%2Fwp%2Fv2%2Fcomments&post=6650"}],"version-history":[{"count":3,"href":"https:\/\/fa86.noblogs.org\/index.php?rest_route=\/wp\/v2\/posts\/6650\/revisions"}],"predecessor-version":[{"id":6653,"href":"https:\/\/fa86.noblogs.org\/index.php?rest_route=\/wp\/v2\/posts\/6650\/revisions\/6653"}],"wp:attachment":[{"href":"https:\/\/fa86.noblogs.org\/index.php?rest_route=%2Fwp%2Fv2%2Fmedia&parent=6650"}],"wp:term":[{"taxonomy":"category","embeddable":true,"href":"https:\/\/fa86.noblogs.org\/index.php?rest_route=%2Fwp%2Fv2%2Fcategories&post=6650"},{"taxonomy":"post_tag","embeddable":true,"href":"https:\/\/fa86.noblogs.org\/index.php?rest_route=%2Fwp%2Fv2%2Ftags&post=6650"}],"curies":[{"name":"wp","href":"https:\/\/api.w.org\/{rel}","templated":true}]}}