{"id":6662,"date":"2012-10-11T08:55:58","date_gmt":"2012-10-11T06:55:58","guid":{"rendered":"http:\/\/fa86.noblogs.org\/?p=6662"},"modified":"2012-10-11T09:02:03","modified_gmt":"2012-10-11T07:02:03","slug":"tours-week-end-de-lutte-contre-leurs-mega-projets","status":"publish","type":"post","link":"https:\/\/fa86.noblogs.org\/?p=6662","title":{"rendered":"[Tours] Week-end de lutte contre leurs m\u00e9ga-projets"},"content":{"rendered":"<p style=\"text-align: justify\"><a href=\"https:\/\/mediatours.noblogs.org\/2012\/10\/week-end-de-lutte-contre-leurs-mega-projets\/\" target=\"_blank\"><strong>Week-en<\/strong><strong>d de lutte contre leurs m\u00e9ga-projets<\/strong><\/a><\/p>\n<p style=\"text-align: justify\"><a href=\"https:\/\/mediatours.noblogs.org\/files\/2012\/10\/prog-we-lutte-contre-leurs-megaprojets.pdf\">prog we lutte contre leurs megaprojets<\/a> ( fichier PDF)<\/p>\n<p style=\"text-align: justify\"><strong> La modernit\u00e9 est un des principes par lequel, les pouvoirs publics<\/strong> <strong>souhaitent nous faire entendre raison. Les projets de r\u00e9am\u00e9nagements<\/strong> <strong>du territoire, la m\u00e9tropolisation sans fin, les lignes \u00e0 hautes<\/strong> <strong>tensions, autoroutes et autres LGV, sont autant de moyens de<\/strong> <strong>d\u00e9couper, de rentabiliser, mais aussi de neutraliser nos espaces de<\/strong> <strong>vie. Expulser, pour reconstruire. Effacer toutes traces d\u2019histoires<\/strong> <strong>de luttes et de vies collectives, au profit d\u2019infrastructures<\/strong> <strong>toujours plus fonctionnelles et standardis\u00e9es, pour que partout ne<\/strong> <strong>r\u00e8gne qu\u2019un espace sous contr\u00f4le, terne et identique.<\/strong><\/p>\n<p style=\"text-align: justify\">La m\u00e9tropole est ainsi une ligne d\u2019horizon, dans laquelle chaque espace est assign\u00e9 \u00e0 une fonction. Pour laquelle il faut sans cesse faire place nette, mettre de nouveaux projets en chantier. Un processus incessant, qui nous s\u00e9pare et nous isole toujours plus concr\u00e8tement dans des quotidiens respectifs.<\/p>\n<p style=\"text-align: justify\">L\u2019uniformit\u00e9 impos\u00e9e des conditions de vie, nous semble aberrante et bien trop coercitive. Nous avons besoins de lieux pour habiter le monde, de lieux pour vivre pleinement, se rencontrer, s\u2019organiser collectivement contre la pr\u00e9carit\u00e9. Nous pensons que la l\u00e9gitimit\u00e9 \u00e0 vivre et \u00e0 faire vivre un endroit est avant tout une question de n\u00e9cessit\u00e9 et de d\u00e9sir.<\/p>\n<p style=\"text-align: justify\">C\u2019est pourquoi les habitants de la maison \u00ab Thanks for the future \u00bb et leurs soutiens, dans le cadre d\u2019une expulsion qui les menace, ont pris l\u2019initiative d\u2019organiser un week-end de lutte autour des projets de r\u00e9am\u00e9nagement du territoire et des diff\u00e9rents mani\u00e8res de se r\u00e9approprier et de lib\u00e9rer de l\u2019espace. Celui-ci aura lieu \u00e0 Tours, au 244 rue auguste chevalier du 20 au 21 octobre.<\/p>\n<p style=\"text-align: justify\"><em>Programme du<\/em> <em>W.E. :<\/em><\/p>\n<p style=\"text-align: justify\"><strong>Samedi 20 Octobre :<\/strong><\/p>\n<p style=\"text-align: justify\">Accueil d\u00e9s 10 heures avec un petit d\u00e9jeuner<\/p>\n<p style=\"text-align: justify\"><em>11h <img decoding=\"async\" src=\"http:\/\/noblogs.ai-cdn.net\/wp-includes\/images\/smilies\/icon_razz.gif\" alt=\":P\" \/> rojection du film<\/em> \u00ab Ungdomshuset \u00bb suivi de la pr\u00e9sentation des 2 jours et d\u2019un repas collectif<\/p>\n<p style=\"text-align: justify\"><em>14h15 : Atelier au choix<\/em><\/p>\n<p style=\"text-align: justify\"><strong>DANS UN ESPACE ASEPTIS\u00c9 ET<\/strong> <strong>NORMALIS\u00c9, COMMENT R\u00c9SISTER EN CR\u00c9ANT ? :<\/strong> Nous assistons depuis les ann\u00e9e 60 \u00e0 processus de r\u00e9am\u00e9nagement de l\u2019espace urbain en vue d\u2019am\u00e9liorer la gestion de population. Nous tenterons d\u2019analyser les concepts de sp\u00e9cialisation des territoires, de normalisation de l\u2019espace public et les enjeux des politiques de pr\u00e9vention situationnelle. Nous essaierons \u00e0 travers ce d\u00e9bat d\u2019envisager de nouveaux outils en vue de se r\u00e9approprier des espaces de vie.<\/p>\n<p style=\"text-align: justify\"><strong> CONCEPTION D\u2019UN GUIDE D\u2019AUTOD\u00c9FENSE JURIDIQUE FACE AUX<\/strong> <strong>EXPULSIONS ( LOCATION, SQUAT ET HABITAT L\u00c9GER) :<\/strong> R\u00e9flexion et mise en commun des proc\u00e9dures d\u2019expulsion, en vue de la r\u00e9daction d\u2019un outil synth\u00e9tique. Ceci afin d\u2019appr\u00e9hender et de s\u2019opposer au mieux aux diverses formes de r\u00e9pressions qui s\u2019exercent sur ces espaces.<\/p>\n<p style=\"text-align: justify\"><em>16h30 : Atelier au choix<\/em><\/p>\n<p style=\"text-align: justify\"><strong>\u00c9CHOGRAPHIE DE COLLECTIVIT\u00c9 EN<\/strong> <strong>LUTTE :<\/strong> Projection du court-m\u00e9trage \u00ab H\u00e9t\u00e9rotopie \u00bb. R\u00e9flexion autour des diff\u00e9rentes formes que peuvent prendre les collectivit\u00e9s. Que mettent-elles en place pour d\u00e9passer les rapports de pouvoir et leurs devenirs dans la vie quotidienne ? \u00c9change sur les mises en commun mat\u00e9rielles et sur la cr\u00e9ation d\u2019une intelligence collective.<\/p>\n<p style=\"text-align: justify\"><strong>ATELIER COMMUNICATION VISUELLE :<\/strong> Il est des situations o\u00f9 on a besoin de communiquer, vite, et de ne pas \u00eatre entendu ! L\u2019atelier de communication visuelle nous permettra de mettre au point un petit glossaire bas\u00e9 sur la Langue des Signes Fran\u00e7aises, pour communiquer rapidement dans un mode visuo-gestuel uniquement.<\/p>\n<p style=\"text-align: justify\"><em>18h : Projection du<\/em> <em>documentaire \u00ab Les chemins de l\u2019utopie \u00bb suivi d\u2019un<\/em> <em>repas collectif et d\u2019une soir\u00e9e.<\/em><\/p>\n<p style=\"text-align: justify\"><strong>Dimanche 21<\/strong> <strong>Octobre :<\/strong><\/p>\n<p style=\"text-align: justify\">Accueil avec un petit d\u00e9jeuner d\u00e8s 10h<\/p>\n<p style=\"text-align: justify\"><em>11h : Projection d\u2019un film suivi d\u2019un repas collectif<\/em><\/p>\n<p style=\"text-align: justify\"><em>\u00c0 partir de 14h, atelier r\u00e9paration<\/em> <em>de v\u00e9lo avec \u00ab le roulement \u00e0 bill \u00bb.<\/em><\/p>\n<p style=\"text-align: justify\"><em>14h15 : Atelier au choix<\/em><\/p>\n<p style=\"text-align: justify\"><strong>CONC\u00c9PTION D\u2019UN GUIDE D\u2019AUTOD\u00c9FENSE<\/strong> <strong>JURIDIQUE FACE AUX EXPULSIONS ( LOCATION, SQUAT ET HABITAT L\u00c9GER) :<\/strong> Cet atelier fera suite \u00e0 celui du samedi, et aura pour but la mise en r\u00e9seau des personnes souhaitant poursuivre sur un plus long terme cet atelier.<\/p>\n<p style=\"text-align: justify\"><strong> MODE DE VIE NOMADE: MOUVEMENTS ET PERCEPTIONS DU POUVOIR :<\/strong> Analyse des devenirs nomades et de leurs possibilit\u00e9s aujourd\u2019hui. Le \u00ab nomade \u00bb \u00e9tant celui, qui \u00e0 travers ses mouvements, sent sur son corps peser toute la lourdeur des dispositifs de pouvoir et des entreprises de s\u00e9dentarisation. R\u00e9flexions autours de textes, de compte-rendus d\u2019exp\u00e9riences nomades et de mise en perspective \u00e0 travers la question des devenirs minoritaires et des points de ruptures avec l\u2019appareil d\u2019\u00c9tat.<\/p>\n<p style=\"text-align: justify\"><em>16h : Retour sur le w.e. et<\/em> <em>r\u00e9flexions<\/em><\/p>\n<p style=\"text-align: justify\"><strong>H\u00e9bergement sur place ou dans des<\/strong> <strong>lieux amis, n\u2019h\u00e9sitez pas \u00e0 nous contacter par avance\u2026 Cantine<\/strong> <strong>v\u00e9gan et v\u00e9g\u00e9tarienne pr\u00e9vue.<\/strong><\/p>\n<p style=\"text-align: justify\"><strong>THANKS FOR THE FUTURE : 244 rue<\/strong> <strong>Auguste Chevalier, 37000 Tours<\/strong><\/p>\n<p style=\"text-align: justify\"><em> Contact :<\/em> <a href=\"thanksforthefuture@yahoo.fr\">thanksforthefuture@yahoo.fr<\/a> ou au 06 40 89 42 97 <em>Plus d\u2019info sur :<\/em> <a href=\"https:\/\/mediatours.noblogs.org\">mediatours.noblogs.org<\/a><\/p>\n<p style=\"text-align: justify\"><strong>Notre lutte est bien celle de<\/strong> <strong>l\u2019espace, par lequel nous dynamitons et dynamisons de nouvelles<\/strong> <strong>possibilit\u00e9s de communs. Espaces de vie, de perturbation, de<\/strong> <strong>cr\u00e9ation, d\u2019expression des nouveaux devenirs collectifs.<\/strong> <strong>Sous couvert de principes de<\/strong> <strong>fonctionnalit\u00e9 et de neutralit\u00e9 de l\u2019espace commun,<\/strong> <strong>l\u2019autorit\u00e9-publique \u00e9labore et planifie la production de sa<\/strong> <strong>pacification. Les m\u00e9tropoles ne cessent de cro\u00eetre et de s\u2019\u00e9tendre,<\/strong> <strong>jusque dans les profondeurs de l\u2019\u00eatre. Elles s\u2019int\u00e9riorisent dans<\/strong> <strong>l\u2019ensemble des rapports humains et se r\u00e9percute dans le vide social.<\/strong> <strong>Les dispositifs de pouvoir se trouvent dans chaque d\u00e9tail de<\/strong> <strong>l\u2019urbanisme, dans chaque conversation.<\/strong> Brusque d\u00e9c\u00e9l\u00e9ration du quotidien, ralentissement g\u00e9n\u00e9ral de tous les flux, arr\u00eat brutal de la machine\u2026 Rien de pire et de plus inconcevable pour l\u2019Ordre, qu\u2019une grappe de \u00ab sujet-heureux \u00bb qui tombe et prend le temps de s\u2019arr\u00eater. Par leurs intensit\u00e9s collectives, nous vivons et faisons cro\u00eetre les mondes que nous habitons jusqu\u2019\u00e0 leurs rencontres. Notre grand projet, c\u2019est celui de l\u2019\u00e9vasion g\u00e9n\u00e9ralis\u00e9e. Si nous osons penser l\u2019impensable, il nous sera plus facile de faire l\u2019infaisable\u2026<\/p>\n<p style=\"text-align: justify\"><em>Vu sur Mediatours, 7 octobre 2012<\/em><\/p>\n","protected":false},"excerpt":{"rendered":"<p>Week-end de lutte contre leurs m\u00e9ga-projets prog we lutte contre leurs megaprojets ( fichier PDF) La modernit\u00e9 est un des principes par lequel, les pouvoirs publics souhaitent nous faire entendre raison. Les projets de r\u00e9am\u00e9nagements du territoire, la m\u00e9tropolisation sans fin, les lignes \u00e0 hautes tensions, autoroutes et autres LGV, sont autant de moyens de &hellip; <a href=\"https:\/\/fa86.noblogs.org\/?p=6662\" class=\"more-link\">Continuer la lecture de <span class=\"screen-reader-text\">[Tours] Week-end de lutte contre leurs m\u00e9ga-projets<\/span> <span class=\"meta-nav\">&rarr;<\/span><\/a><\/p>\n","protected":false},"author":2691,"featured_media":0,"comment_status":"open","ping_status":"open","sticky":false,"template":"","format":"standard","meta":{"footnotes":""},"categories":[26,18,12,16,4],"tags":[],"class_list":["post-6662","post","type-post","status-publish","format-standard","hentry","category-construction-du-desert","category-decroissance-libertaire","category-okupa-y-resiste","category-repression","category-se-trouver"],"_links":{"self":[{"href":"https:\/\/fa86.noblogs.org\/index.php?rest_route=\/wp\/v2\/posts\/6662","targetHints":{"allow":["GET"]}}],"collection":[{"href":"https:\/\/fa86.noblogs.org\/index.php?rest_route=\/wp\/v2\/posts"}],"about":[{"href":"https:\/\/fa86.noblogs.org\/index.php?rest_route=\/wp\/v2\/types\/post"}],"author":[{"embeddable":true,"href":"https:\/\/fa86.noblogs.org\/index.php?rest_route=\/wp\/v2\/users\/2691"}],"replies":[{"embeddable":true,"href":"https:\/\/fa86.noblogs.org\/index.php?rest_route=%2Fwp%2Fv2%2Fcomments&post=6662"}],"version-history":[{"count":3,"href":"https:\/\/fa86.noblogs.org\/index.php?rest_route=\/wp\/v2\/posts\/6662\/revisions"}],"predecessor-version":[{"id":6664,"href":"https:\/\/fa86.noblogs.org\/index.php?rest_route=\/wp\/v2\/posts\/6662\/revisions\/6664"}],"wp:attachment":[{"href":"https:\/\/fa86.noblogs.org\/index.php?rest_route=%2Fwp%2Fv2%2Fmedia&parent=6662"}],"wp:term":[{"taxonomy":"category","embeddable":true,"href":"https:\/\/fa86.noblogs.org\/index.php?rest_route=%2Fwp%2Fv2%2Fcategories&post=6662"},{"taxonomy":"post_tag","embeddable":true,"href":"https:\/\/fa86.noblogs.org\/index.php?rest_route=%2Fwp%2Fv2%2Ftags&post=6662"}],"curies":[{"name":"wp","href":"https:\/\/api.w.org\/{rel}","templated":true}]}}