{"id":6747,"date":"2012-10-19T09:44:03","date_gmt":"2012-10-19T07:44:03","guid":{"rendered":"http:\/\/fa86.noblogs.org\/?p=6747"},"modified":"2012-10-19T09:44:03","modified_gmt":"2012-10-19T07:44:03","slug":"poitiers-encore-une-couche-sur-les-marginaux","status":"publish","type":"post","link":"https:\/\/fa86.noblogs.org\/?p=6747","title":{"rendered":"[Poitiers] Encore une couche sur les \u00ab\u00a0marginaux\u00a0\u00bb"},"content":{"rendered":"<p style=\"text-align: justify\"><em><strong>NdPN<\/strong> : nous avons \u00e9crit de nombreux articles sur le harc\u00e8lement des plus pauvres par\u00a0la pr\u00e9fecture, la mairie et les boutiquiers. Au lendemain de la journ\u00e9e mondiale de refus de la mis\u00e8re, une r\u00e9union tripartite a eu lieu entre ces d\u00e9fenseurs de l&rsquo;ordre s\u00e9curitaire et marchand&#8230; qui semble plut\u00f4t tourner \u00e0 la caricature du refus des mis\u00e9reux !\u00a0Leurs exquises conclusions\u00a0sont relay\u00e9es comme il se doit par la presse.<\/em><\/p>\n<p style=\"text-align: justify\"><a href=\"http:\/\/www.lanouvellerepublique.fr\/Vienne\/Actualite\/Economie-social\/n\/Contenus\/Articles\/2012\/10\/19\/Marginaux-une-reunion-qui-en-appelle-d-autres\" target=\"_blank\"><strong>Marginaux : une r\u00e9union qui en appelle d&rsquo;autres<\/strong><\/a><\/p>\n<p style=\"text-align: justify\">Les commer\u00e7ants, le maire et le pr\u00e9fet ont fait le point hier soir sur la pr\u00e9sence des marginaux dans le centre de Poitiers. Un \u00e9tat des lieux apr\u00e8s un \u00e9t\u00e9 chaud.<\/p>\n<p style=\"text-align: justify\">Le rendez-vous \u00e9tait demand\u00e9 depuis plusieurs semaines par les commer\u00e7ants de la FAE (f\u00e9d\u00e9ration des agents \u00e9conomiques). Plusieurs fois repouss\u00e9e, la r\u00e9union a enfin pu se tenir hier soir de 18\u2009h\u200930 \u00e0 20 heures pass\u00e9es. En pr\u00e9sence du pr\u00e9fet et du directeur de la s\u00e9curit\u00e9 publique. <strong>La presse n&rsquo;y \u00e9tait pas convi\u00e9e.<\/strong><\/p>\n<div style=\"text-align: justify\">\n<p><strong>\u00ab\u00a0\u2009C&rsquo;est d\u00e9stabilisant pour une ville qui veut \u00eatre belle\u2009\u00a0\u00bb<\/strong><\/p>\n<p>Absent de Poitiers hier, Claude Lafond, pr\u00e9sident de la FAE, s&rsquo;\u00e9tait fait repr\u00e9senter par Suzanne Mathieu-S\u00e9geron, MM. de Bony, Soulard et Vergnaud, vice-pr\u00e9sidents. A la sortie de la r\u00e9union, nous avons pu contacter Mme Mathieux-S\u00e9geron\u2009: <em>\u00ab L&rsquo;\u00e9t\u00e9 a \u00e9t\u00e9 particuli\u00e8rement chaud. Avec des regroupements de marginaux autour des bouteilles d&rsquo;alcool et des bagarres de chiens <strong>qui font peur<\/strong>. \u00bb<\/em> Trois points de fixation ont \u00e9t\u00e9 d\u00e9nombr\u00e9s\u2009: la place Notre-Dame, le square Jeanne-d&rsquo;Arc et l&rsquo;entr\u00e9e des Cordeliers, rue des Grandes-Ecoles. <em>\u00ab <strong>C&rsquo;est d\u00e9stabilisant pour une ville qui veut \u00eatre belle et des commer\u00e7ants qui veulent travailler<\/strong>. \u00bb<\/em> La commer\u00e7ante cite le cas d&rsquo;une famille qui habite au premier \u00e9tage d&rsquo;une maison place du march\u00e9 Notre-Dame\u2009: <em>\u00ab Les enfants sont en bas \u00e2ge. La maman va d\u00e9m\u00e9nager. Elle ne supporte plus. \u00bb <\/em>Mme Mathieu-S\u00e9geron ajoute\u2009: <em>\u00ab Aujourd&rsquo;hui, la tension est retomb\u00e9e. \u00bb<\/em> Alain Claeys, d\u00e9put\u00e9-maire, joint \u00e9galement par t\u00e9l\u00e9phone, donne des chiffres\u2009:<em> \u00ab Les marginaux \u00e9taient 36 en juin avec une trentaine de chiens. On en d\u00e9nombre 22 actuellement. Plus de dix ont un logement. Les autres le refusent. <strong>Ce sont des marginaux, des gens qui vivent en marge de notre soci\u00e9t\u00e9<\/strong>. <strong>Ce ne sont pas des SDF<\/strong>. <strong>Il leur est propos\u00e9 des logements et un accompagnement social que certains refusent<\/strong>. \u00bb<\/em> La r\u00e9union d&rsquo;hier soir, indique le maire, avait pour but de se rencontrer, pas de trouver des solutions imm\u00e9diates. Le pr\u00e9fet a rappel\u00e9 le r\u00f4le de l&rsquo;\u00c9tat. Le directeur de la s\u00e9curit\u00e9 publique a pr\u00e9cis\u00e9 le cadre de l&rsquo;intervention des forces de police. Le CCAS de Poitiers ainsi que les travailleurs sociaux au contact des marginaux ont explicit\u00e9 leur travail. <em>\u00ab Il n&rsquo;y a pas de solution miracle<\/em>, dit Alain Claeys. <em>Nous avons pr\u00e9vu de nous revoir. \u00bb <\/em>Ce que confirme Mme Mathieu-S\u00e9geron\u2009: <em>\u00ab Nous avons d\u00e9battu. Cela fait du bien. Tout le monde doit pouvoir cohabiter dans notre ville. Commer\u00e7ants, clients, passants et marginaux. On se rencontrera \u00e0 nouveau au printemps. Nous ne pourrons pas revivre un \u00e9t\u00e9 comme celui de cette ann\u00e9e. \u00bb<\/em> Le maire\u2009: <em>\u00ab Aujourd&rsquo;hui, nous partageons le m\u00eame constat. \u00bb<\/em><\/p>\n<p><em>Jean-Jacques Boissonneau, Nouvelle R\u00e9publique, 19 octobre 2012<\/em><\/p>\n<\/div>\n","protected":false},"excerpt":{"rendered":"<p>NdPN : nous avons \u00e9crit de nombreux articles sur le harc\u00e8lement des plus pauvres par\u00a0la pr\u00e9fecture, la mairie et les boutiquiers. Au lendemain de la journ\u00e9e mondiale de refus de la mis\u00e8re, une r\u00e9union tripartite a eu lieu entre ces d\u00e9fenseurs de l&rsquo;ordre s\u00e9curitaire et marchand&#8230; qui semble plut\u00f4t tourner \u00e0 la caricature du refus &hellip; <a href=\"https:\/\/fa86.noblogs.org\/?p=6747\" class=\"more-link\">Continuer la lecture de <span class=\"screen-reader-text\">[Poitiers] Encore une couche sur les \u00ab\u00a0marginaux\u00a0\u00bb<\/span> <span class=\"meta-nav\">&rarr;<\/span><\/a><\/p>\n","protected":false},"author":2691,"featured_media":0,"comment_status":"open","ping_status":"open","sticky":false,"template":"","format":"standard","meta":{"footnotes":""},"categories":[16],"tags":[],"class_list":["post-6747","post","type-post","status-publish","format-standard","hentry","category-repression"],"_links":{"self":[{"href":"https:\/\/fa86.noblogs.org\/index.php?rest_route=\/wp\/v2\/posts\/6747","targetHints":{"allow":["GET"]}}],"collection":[{"href":"https:\/\/fa86.noblogs.org\/index.php?rest_route=\/wp\/v2\/posts"}],"about":[{"href":"https:\/\/fa86.noblogs.org\/index.php?rest_route=\/wp\/v2\/types\/post"}],"author":[{"embeddable":true,"href":"https:\/\/fa86.noblogs.org\/index.php?rest_route=\/wp\/v2\/users\/2691"}],"replies":[{"embeddable":true,"href":"https:\/\/fa86.noblogs.org\/index.php?rest_route=%2Fwp%2Fv2%2Fcomments&post=6747"}],"version-history":[{"count":2,"href":"https:\/\/fa86.noblogs.org\/index.php?rest_route=\/wp\/v2\/posts\/6747\/revisions"}],"predecessor-version":[{"id":6749,"href":"https:\/\/fa86.noblogs.org\/index.php?rest_route=\/wp\/v2\/posts\/6747\/revisions\/6749"}],"wp:attachment":[{"href":"https:\/\/fa86.noblogs.org\/index.php?rest_route=%2Fwp%2Fv2%2Fmedia&parent=6747"}],"wp:term":[{"taxonomy":"category","embeddable":true,"href":"https:\/\/fa86.noblogs.org\/index.php?rest_route=%2Fwp%2Fv2%2Fcategories&post=6747"},{"taxonomy":"post_tag","embeddable":true,"href":"https:\/\/fa86.noblogs.org\/index.php?rest_route=%2Fwp%2Fv2%2Ftags&post=6747"}],"curies":[{"name":"wp","href":"https:\/\/api.w.org\/{rel}","templated":true}]}}