{"id":6891,"date":"2012-11-01T10:31:58","date_gmt":"2012-11-01T09:31:58","guid":{"rendered":"http:\/\/fa86.noblogs.org\/?p=6891"},"modified":"2012-11-01T19:53:28","modified_gmt":"2012-11-01T18:53:28","slug":"recapitulatif-des-actions-de-solidarite-avec-les-habitant-e-s-de-la-zad-de-notre-dame-des-landes-communique-de-zadistes","status":"publish","type":"post","link":"https:\/\/fa86.noblogs.org\/?p=6891","title":{"rendered":"R\u00e9capitulatif des actions de solidarit\u00e9 avec les habitant-e-s de la ZAD de Notre-Dame-des-Landes + communiqu\u00e9 de zadistes"},"content":{"rendered":"<p style=\"text-align: justify\"><em><strong>NdPN<\/strong> : pour un r\u00e9capitulatif de cette journ\u00e9e du 1er novembre, <a href=\"http:\/\/zad.nadir.org\/spip.php?article479\" target=\"_blank\"><strong>\u00e7a se passe ici<\/strong>.<\/a><\/em><\/p>\n<p style=\"text-align: justify\"><a href=\"http:\/\/fr.squat.net\/2012\/11\/01\/france-les-actions-de-solidarite-avec-la-zad-continuent\/\" target=\"_blank\"><strong>France: Les actions de solidarit\u00e9 avec la ZAD continuent<\/strong><\/a><\/p>\n<p style=\"text-align: justify\">Les 16, 17 et 18 octobre 2012, une <a href=\"https:\/\/fr.squat.net\/2012\/10\/19\/nddl-zad-solidarite\/\">premi\u00e8re s\u00e9rie d\u2019actions de solidarit\u00e9 avec la ZAD<\/a> a eu lieu dans diff\u00e9rentes villes de France. Depuis, \u00e7a continue\u2026<\/p>\n<p style=\"text-align: justify\"><strong>Jeudi 18 octobre<\/strong><\/p>\n<p style=\"text-align: justify\"><a href=\"http:\/\/cettesemaine.free.fr\/spip\/article.php3?id_article=5405\">Millau<\/a> (12): La permanence du Parti socialiste est attaqu\u00e9e \u00e0 la machette en solidarit\u00e9 avec la ZAD.<\/p>\n<p style=\"text-align: justify\"><strong>Vendredi 19 octobre<\/strong><\/p>\n<p style=\"text-align: justify\"><a href=\"https:\/\/nantes.indymedia.org\/article\/26333\">Rennes<\/a>: manif agit\u00e9e (tags et saccage au purin d\u2019ortie d\u2019un comico local).<\/p>\n<p style=\"text-align: justify\"><strong>Samedi 20 octobre<\/strong><\/p>\n<p style=\"text-align: justify\"><a href=\"https:\/\/nantes.indymedia.org\/article\/26345\">Nantes<\/a>: deux manifs, rassemblant 2000 puis 1000 personnes, en solidarit\u00e9 avec la ZAD et contre les expulsions de logements.<\/p>\n<p style=\"text-align: justify\"><a href=\"https:\/\/juralib.noblogs.org\/2012\/10\/22\/notre-dame-des-landesdijon-vinci-degage-ps-on-toublie-pas\/\">Dijon<\/a>: Graffiti et huile de vidange sur les murs des locaux du Parti socialiste et de Vinci.<\/p>\n<p style=\"text-align: justify\"><a href=\"https:\/\/nantes.indymedia.org\/article\/26347\">Paris<\/a>: Rassemblement devant l\u2019Assembl\u00e9e Nationale.<\/p>\n<p style=\"text-align: justify\"><strong>Dimanche 21 octobre<\/strong><\/p>\n<p style=\"text-align: justify\"><a href=\"http:\/\/cettesemaine.free.fr\/spip\/article.php3?id_article=5414\">Cou\u00ebron<\/a> (44): Tags sur la mairie et la maison du maire.<\/p>\n<p style=\"text-align: justify\"><strong>Lundi 22 octobre<\/strong><\/p>\n<p style=\"text-align: justify\"><a href=\"http:\/\/cettesemaine.free.fr\/spip\/article.php3?id_article=5416\">Paris<\/a>: Vandalisme \u00e0 la permanence du Parti socialiste du XXe arrondissement.<\/p>\n<p style=\"text-align: justify\"><a href=\"https:\/\/nantes.indymedia.org\/article\/26379\">Limoges<\/a>: La fa\u00e7ade du si\u00e8ge de la F\u00e9d\u00e9ration du Parti socialiste de la Haute-Vienne a \u00e9t\u00e9 compl\u00e8tement repeinte en rose. L\u2019inscription b\u00e2ch\u00e9e indique \u00ab Expulsons les socialistes. Pas la ZAD \u00bb. Le Parti socialiste a port\u00e9 plainte et, dans un communiqu\u00e9, l\u2019UMP de la Haute-Vienne \u00ab condamne fermement ces d\u00e9gradations \u00bb.<\/p>\n<p style=\"text-align: justify\"><a href=\"https:\/\/grenoble.indymedia.org\/2012-10-22-Action-de-solidarite-avec-la-ZAD\">Grenoble<\/a>: <em>Des milliers de personnes entrant dans l\u2019agglom\u00e9ration ont pu voir des banderoles d\u00e9roul\u00e9es dans deux des principales entr\u00e9es de ville. Sur l\u2019une \u00e9tait \u00e9crit \u00ab Non \u00e0 Vinci et ses projets pourris \u00bb. Sur l\u2019autre, \u00ab Non \u00e0 l\u2019a\u00e9roport de Notre-Dame-des-Landes \u2013 Contre les expulsions \u00bb.<\/em><\/p>\n<p style=\"text-align: justify\"><a href=\"https:\/\/nantes.indymedia.org\/article\/26369\">Metz<\/a>: P\u00e9age gratuit, place Mazelle.<\/p>\n<p style=\"text-align: justify\"><strong>Mardi 23 octobre<\/strong><\/p>\n<p style=\"text-align: justify\">Redon (35): Rassemblement de solidarit\u00e9 avec la ZAD devant la sous-pr\u00e9fecture.<\/p>\n<p style=\"text-align: justify\"><strong>Mercredi 24 octobre<\/strong><\/p>\n<p style=\"text-align: justify\">Arles (13): La permanence du Parti socialiste a subi des d\u00e9gradations volontaires dans la nuit de mardi \u00e0 mercredi. <a href=\"https:\/\/fr.wikipedia.org\/wiki\/Michel_Vauzelle\">Michel Vauzelle<\/a>, d\u00e9put\u00e9, pr\u00e9sident de la R\u00e9gion Provence-Alpes-C\u00f4te d\u2019Azur, a d\u00e9clar\u00e9: <em>\u00ab Je condamne avec la plus grande fermet\u00e9 cet acte de vandalisme. Dans toute d\u00e9mocratie, le d\u00e9bat public et l\u2019\u00e9change doivent pr\u00e9valoir sur toute forme de violence. Cet acte l\u00e2che et qui aurait pu avoir des cons\u00e9quences plus graves t\u00e9moigne d\u2019un m\u00e9pris pour les \u00e9lus qu\u2019on ne peut admettre. \u00bb<\/em><\/p>\n<p style=\"text-align: justify\">Carcassonne (11): Rassemblement de soutien \u00e0 la ZAD devant le tribunal, en parall\u00e8le de l\u2019audience de Nantes.<\/p>\n<p style=\"text-align: justify\">Saint-Nazaire (44): Manifestation de soutien aux habitants de la ZAD et contre l\u2019a\u00e9roport de Notre-Dame-des-Landes (70 personnes\u2026).<\/p>\n<p style=\"text-align: justify\"><a href=\"https:\/\/paris.indymedia.org\/spip.php?article11996\">Paris<\/a>: Occup\u2019\/intervention sur la radio France-Culture.<\/p>\n<p style=\"text-align: justify\"><a href=\"https:\/\/nantes.indymedia.org\/article\/26384\">Paris<\/a>: Revendication de nombreuses actions directes effectu\u00e9es les jours pr\u00e9c\u00e9dents en solidarit\u00e9 avec la ZAD.<\/p>\n<p style=\"text-align: justify\">Poitiers: Rassemblement de solidarit\u00e9 avec les habitant-e-s de la ZAD et contre le nouvel a\u00e9roport, devant le parvis de Notre-Dame.<\/p>\n<p style=\"text-align: justify\"><strong>Jeudi 25 octobre<\/strong><\/p>\n<p style=\"text-align: justify\">Op\u00e9ration Escargot-Klaxon \u00e0 l\u2019entr\u00e9e de Nantes contre les expulsions \u00e0 Notre-Dame-des-Landes et l\u2019Ayraultport: Des banderoles ont \u00e9t\u00e9 d\u00e9ploy\u00e9es sur les ponts surplombant la N165, d\u00e9clarant \u00ab Ils expulsent, on klaxonne \u2013 Non \u00e0 l\u2019Ayraultport! \u00bb.<\/p>\n<p style=\"text-align: justify\"><strong>Vendredi 26 octobre<\/strong><\/p>\n<p style=\"text-align: justify\"><a href=\"https:\/\/cestdejatoutdesuite.noblogs.org\/2012\/10\/26\/je-vois-clair-dans-tout-ce-brouillard\/\">Beaulieu-sur-Oudon (Mayenne)<\/a>: Sabotage de grue et de pyl\u00f4ne en solidarit\u00e9 avec la ZAD.<\/p>\n<p style=\"text-align: justify\">Ch\u00e2teaubriant (44): Rassemblement devant la mairie.<\/p>\n<p style=\"text-align: justify\">Strasbourg: Manif contre l\u2019a\u00e9roport.<\/p>\n<p style=\"text-align: justify\"><a href=\"https:\/\/nantes.indymedia.org\/article\/26420\">Rennes<\/a>: Manif d\u2019une centaine de personnes, avec quelques traces laiss\u00e9es en ville\u2026<\/p>\n<p style=\"text-align: justify\"><strong>Samedi 27 octobre<\/strong><\/p>\n<p style=\"text-align: justify\"><a href=\"https:\/\/nantes.indymedia.org\/article\/26419\">Nantes<\/a>: Deux manifs, contre l\u2019a\u00e9roport et pour un toit pour tou-te-s, qui convergent et r\u00e9unissent plus d\u2019un millier de personnes.<\/p>\n<p style=\"text-align: justify\">Vannes: Rassemblement devant la Poste, en soutien aux anti-a\u00e9roport de Notre-Dame-des-Landes et contre les expulsions.<\/p>\n<p style=\"text-align: justify\"><a href=\"https:\/\/paris.indymedia.org\/spip.php?article12009\">Paris<\/a>: Rassemblement en solidarit\u00e9 avec la ZAD, \u00e0 la station de m\u00e9tro Notre-Dame-des-Champs.<\/p>\n<p style=\"text-align: justify\"><a href=\"https:\/\/juralib.noblogs.org\/2012\/10\/28\/la-zad-est-partout-preambule\/\">Tours<\/a>: Une banderole de solidarit\u00e9 avec la ZAD est pos\u00e9e sur les grilles de la mairie.<\/p>\n<p style=\"text-align: justify\"><strong>Mardi 30 octobre<\/strong><\/p>\n<p style=\"text-align: justify\"><a href=\"https:\/\/nantes.indymedia.org\/article\/26440\">Brest<\/a>: Banderoles et tags de soutien aux camarades qui luttent contre l\u2019a\u00e9roport et contre l\u2019occupation militaire de la ZAD.<\/p>\n<p style=\"text-align: justify\">Manosque (04): Action symbolique contre Vinci.<\/p>\n<p style=\"text-align: justify\">Redon (35): Rassemblement devant la Communaut\u00e9 de communes du pays de Redon.<\/p>\n<p style=\"text-align: justify\">Lille: Rassemblement, place de la R\u00e9publique.<\/p>\n<p style=\"text-align: justify\"><strong>Mercredi 31 octobre<\/strong><\/p>\n<p style=\"text-align: justify\"><a href=\"https:\/\/nantes.indymedia.org\/article\/26447\">Besan\u00e7on<\/a>: La permanence du PS attaqu\u00e9e en solidarit\u00e9 avec la ZAD. <em>Dans la nuit du mardi 30 au mercredi 31 octobre 2012, nous avons attaqu\u00e9 la permanence du Parti Socialiste situ\u00e9e \u00e0 deux pas du commissariat central de police. Au total, trois tags ont \u00e9t\u00e9 inscrits sur le local : \u00ab ZAD VAINCRA \u00bb, \u00ab Stop AyraultPorc \u00bb et un \u00ab (A) \u00bb. En plus de cela, nous avons \u00e9galement fracass\u00e9 trois vitres de la permanence \u00e0 l\u2019aide de trois gros parpaings : pour l\u2019une, le pav\u00e9 est parti si vite qu\u2019il a travers\u00e9 la vitre et laiss\u00e9 un gros trou au milieu. Les deux autres ont \u00e9t\u00e9 litt\u00e9ralement explos\u00e9es. \u00c0 proximit\u00e9 du local du PS, un autre slogan (\u00ab Solidarit\u00e9 avec la ZAD \u00bb) a \u00e9t\u00e9 tagu\u00e9 sur une palissade.<\/em><\/p>\n<p style=\"text-align: justify\"><a href=\"https:\/\/juralib.noblogs.org\/2012\/10\/31\/notre-dame-des-landescampagne-lyonnaise-a-chaque-flic-son-boulon\/\">Lyon-campagne<\/a>: D\u00e9boulonnage de pyl\u00f4nes contre les expulsions \u00e0 Notre-Dame-des-Landes.<\/p>\n<p style=\"text-align: justify\"><a href=\"https:\/\/mediatours.noblogs.org\/2012\/10\/de-la-zad-a-lazawad-manifestation-a-tours\/\">Tours<\/a>: Rassemblement de soutien aux r\u00e9sistants de Notre-Dame-des-Landes, organis\u00e9 par le collectif \u00ab Vinci D\u00e9gage Touraine \u00bb.<\/p>\n<p style=\"text-align: justify\"><a href=\"https:\/\/nantes.indymedia.org\/article\/26453\">Bruxelles<\/a>: <em>Ce soir, lors d\u2019une manifestation \u00ab festive \u00bb, sur les vitres des entr\u00e9es (2 sur 3) d\u2019un des plus grands parkings Vinci \u00e0 Bruxelles, on pouvait lire: \u00ab Non \u00e0 l\u2019Ayraultporc \u00bb, \u00ab Non aux expulsions \u00bb, \u00ab Vinci d\u00e9gage \u00bb, \u00ab Solidarit\u00e9 \u00bb, \u00ab Ultras Z(A)D \u00bb, \u2026 M\u00eame des jeunes du quartiers ont voulu s\u2019exprimer sur les vitres \u00ab lib\u00e9r\u00e9es \u00bb, et on y voyait des noms de quartiers, des messages anti-flics, des messages en arabe et m\u00eame des pr\u00e9noms\u2026 Solidarit\u00e9 avec les compagnons de la ZAD, ce que vous faites est HISTORIQUE !<\/em><\/p>\n<p style=\"text-align: justify\"><strong>Jeudi 1er novembre<\/strong><\/p>\n<p style=\"text-align: justify\"><a href=\"https:\/\/paris.indymedia.org\/spip.php?article12075\">Paris<\/a>: Rassemblement en solidarit\u00e9 avec la ZAD, m\u00e9tro Solf\u00e9rino.<\/p>\n<p style=\"text-align: justify\"><strong>Samedi 10 novembre<\/strong><\/p>\n<p style=\"text-align: justify\">Rennes: Manifestation \u00e0 pied et en tracteur.<\/p>\n<p style=\"text-align: justify\">Et pour finir, quelques photos des banderoles et graffiti pos\u00e9s devant le local du Parti socialiste lors du rassemblement du <strong>mercredi 17 octobre<\/strong> \u00e0 <a href=\"https:\/\/nantes.indymedia.org\/article\/26335\">La Roche sur Yon<\/a><\/p>\n<p style=\"text-align: justify\"><em>Vu sur Squat.net, 1er novembre 2012<\/em><\/p>\n<p style=\"text-align: justify\"><a href=\"http:\/\/nantes.indymedia.org\/article\/26449\" target=\"_blank\"><strong>D\u00e9fendons les derni\u00e8res cabanes de la ZAD demain, jeudi 01\/11 ! Sus \u00e0 l&rsquo;occupation militaire de NDDL<\/strong><\/a><\/p>\n<p>Venez nombreux\/se-s d\u00e9fendre demain matin de bonne heure (d\u00e8s 5h du matin) la cabane du farouezt et la cabane dans les arbres de la for\u00eat de Rohanne !<br \/>\nIls ont beau avoir d\u00e9truit de nombreux-se-s maisons, cabanes et jardins, leur politique de la terre brul\u00e9e ne continuera pas sans une grande r\u00e9sistance !<\/p>\n<p style=\"text-align: justify\">Aujourd&rsquo;hui, le 31\/10\/2011, les forces militaires\/milices de Vinci, sous ordre du gouvernement socialo\/\u00e9colo, ont une nouvelle fois d\u00e9truit des expaces de vie, de libert\u00e9 et d&rsquo;autonomie ! Ainsi la ferme maraich\u00e8re du sabot n&rsquo;est plus, ce qui ne veut pas dire qu&rsquo;elle ne sera pas reconquise ! lls ont aussi d\u00e9truit des cabanes dans la magnifique for\u00eat de Rohanne !<br \/>\nNous devons les emp\u00eacher de continuer leur travail de fossoyeur, et leur montrer qu&rsquo;ils n&rsquo;ont rien \u00e0 faire sur la ZAD !<br \/>\nD\u00e9fendons notre droit \u00e0 l&rsquo;auto-d\u00e9termination sur ce bocage unique en France !<br \/>\nL&rsquo;occupation militaire de la ZAD ne cessera que si nous restons d\u00e9termin\u00e9-e-s et que votre soutien continue de plus belle !<br \/>\nTous-toutes \u00e0 la ZAD pour reconqu\u00e9rir nos vies !<br \/>\nDes photos de la ZAD, prises par les occupant-e-s de la ZAD, avant les op\u00e9rations militaires de ces deux derni\u00e8res semaines (vous pourrez voir la for\u00eat de Rohanne et le farouezt) :<br \/>\n<a title=\"https:\/\/picasaweb.google.com\/113382718807039752437\" href=\"https:\/\/picasaweb.google.com\/113382718807039752437\">https:\/\/picasaweb.google.com\/113382718807039752437<\/a><br \/>\nSinon, vous pourrez retrouver un fil info en direct sur le site internet de la ZAD de bonne heure demain matin : <a title=\"http:\/\/zad.nadir.org\/\" href=\"http:\/\/zad.nadir.org\/\">http:\/\/zad.nadir.org\/<\/a><\/p>\n<p style=\"text-align: justify\"><em>Vu sur Indymedia Nantes, 31 octobre 2012<\/em><\/p>\n","protected":false},"excerpt":{"rendered":"<p>NdPN : pour un r\u00e9capitulatif de cette journ\u00e9e du 1er novembre, \u00e7a se passe ici. France: Les actions de solidarit\u00e9 avec la ZAD continuent Les 16, 17 et 18 octobre 2012, une premi\u00e8re s\u00e9rie d\u2019actions de solidarit\u00e9 avec la ZAD a eu lieu dans diff\u00e9rentes villes de France. Depuis, \u00e7a continue\u2026 Jeudi 18 octobre Millau &hellip; <a href=\"https:\/\/fa86.noblogs.org\/?p=6891\" class=\"more-link\">Continuer la lecture de <span class=\"screen-reader-text\">R\u00e9capitulatif des actions de solidarit\u00e9 avec les habitant-e-s de la ZAD de Notre-Dame-des-Landes + communiqu\u00e9 de zadistes<\/span> <span class=\"meta-nav\">&rarr;<\/span><\/a><\/p>\n","protected":false},"author":2691,"featured_media":0,"comment_status":"open","ping_status":"open","sticky":false,"template":"","format":"standard","meta":{"footnotes":""},"categories":[18,9,12],"tags":[],"class_list":["post-6891","post","type-post","status-publish","format-standard","hentry","category-decroissance-libertaire","category-la-rue-grogne","category-okupa-y-resiste"],"_links":{"self":[{"href":"https:\/\/fa86.noblogs.org\/index.php?rest_route=\/wp\/v2\/posts\/6891","targetHints":{"allow":["GET"]}}],"collection":[{"href":"https:\/\/fa86.noblogs.org\/index.php?rest_route=\/wp\/v2\/posts"}],"about":[{"href":"https:\/\/fa86.noblogs.org\/index.php?rest_route=\/wp\/v2\/types\/post"}],"author":[{"embeddable":true,"href":"https:\/\/fa86.noblogs.org\/index.php?rest_route=\/wp\/v2\/users\/2691"}],"replies":[{"embeddable":true,"href":"https:\/\/fa86.noblogs.org\/index.php?rest_route=%2Fwp%2Fv2%2Fcomments&post=6891"}],"version-history":[{"count":4,"href":"https:\/\/fa86.noblogs.org\/index.php?rest_route=\/wp\/v2\/posts\/6891\/revisions"}],"predecessor-version":[{"id":6893,"href":"https:\/\/fa86.noblogs.org\/index.php?rest_route=\/wp\/v2\/posts\/6891\/revisions\/6893"}],"wp:attachment":[{"href":"https:\/\/fa86.noblogs.org\/index.php?rest_route=%2Fwp%2Fv2%2Fmedia&parent=6891"}],"wp:term":[{"taxonomy":"category","embeddable":true,"href":"https:\/\/fa86.noblogs.org\/index.php?rest_route=%2Fwp%2Fv2%2Fcategories&post=6891"},{"taxonomy":"post_tag","embeddable":true,"href":"https:\/\/fa86.noblogs.org\/index.php?rest_route=%2Fwp%2Fv2%2Ftags&post=6891"}],"curies":[{"name":"wp","href":"https:\/\/api.w.org\/{rel}","templated":true}]}}