{"id":691,"date":"2011-11-06T22:15:50","date_gmt":"2011-11-06T21:15:50","guid":{"rendered":"http:\/\/fa86.noblogs.org\/?p=691"},"modified":"2011-11-06T22:15:50","modified_gmt":"2011-11-06T21:15:50","slug":"rennes-appel-a-un-rassemblement-antifa-contre-les-integristes-cathos","status":"publish","type":"post","link":"https:\/\/fa86.noblogs.org\/?p=691","title":{"rendered":"[Rennes] Appel \u00e0 un rassemblement antifa contre les int\u00e9gristes cathos"},"content":{"rendered":"<h2 style=\"text-align: justify\"><strong><a href=\"http:\/\/www.antifabzh.lautre.net\/roazhon\/?p=350\" target=\"_blank\">Rassemblement 10 nov. 2011<\/a> \u2013<\/strong><\/h2>\n<h3 style=\"text-align: justify\"><strong>communiqu\u00e9 de presse<\/strong><\/h3>\n<div>\n<p style=\"text-align: justify\"><strong>Le Collectif Antifasciste Rennais appelle \u00e0 un rassemblement le jeudi 10 novembre,<\/strong> de 18h00 \u00e0 21h00, square Kergus, face au TNB, afin de manifester\u00a0 notre opposition au d\u00e9fil\u00e9 organis\u00e9 par l\u2019extr\u00eame-droite catholique et contre la censure qu\u2019elle cherche \u00e0 imposer. En avril dernier, d\u00e9j\u00e0, \u00e0 Avignon, l\u2019extr\u00eame-droite catholique avait d\u00e9truit deux \u0153uvres d\u2019art de l\u2019artiste am\u00e9ricain Andres Serrano qui leur d\u00e9plaisaient.<\/p>\n<p style=\"text-align: justify\">Depuis le 20\u00a0octobre, de nombreux incidents perturbent les repr\u00e9sentations au Th\u00e9\u00e2tre de la Ville \u00e0 Paris de la pi\u00e8ce \u00ab<em>Sur le concept du visage du fils de Dieu<\/em> \u00bb. L\u2019extr\u00eame-droite int\u00e9griste\u00a0 manifeste contre le pr\u00e9tendu caract\u00e8re blasph\u00e9matoire de cette pi\u00e8ce.<\/p>\n<p style=\"text-align: justify\"><strong>Le jeudi 10 novembre, ils tenteront \u00e0 nouveau de perturber le d\u00e9roulement de la pi\u00e8ce de th\u00e9\u00e2tre programm\u00e9e au TNB\u00a0: ce n\u2019est qu\u2019un pr\u00e9texte pour d\u00e9verser sur la place publique leur id\u00e9ologie religieuse fanatique et fasciste.<\/strong><\/p>\n<p style=\"text-align: justify\">\u00a0<strong>Montrons-leur que la rue n\u2019appartient pas\u00a0\u00e0 leurs id\u00e9es\u00a0! Les int\u00e9gristes religieux appartiennent \u00e0 un pass\u00e9 d\u00e9finitivement r\u00e9volu : \u00e0 nous de le leur rappeler !<\/strong><\/p>\n<p style=\"text-align: justify\">Collectif antifa rennais, 5 novembre 2011<\/p>\n<\/div>\n","protected":false},"excerpt":{"rendered":"<p>Rassemblement 10 nov. 2011 \u2013 communiqu\u00e9 de presse Le Collectif Antifasciste Rennais appelle \u00e0 un rassemblement le jeudi 10 novembre, de 18h00 \u00e0 21h00, square Kergus, face au TNB, afin de manifester\u00a0 notre opposition au d\u00e9fil\u00e9 organis\u00e9 par l\u2019extr\u00eame-droite catholique et contre la censure qu\u2019elle cherche \u00e0 imposer. En avril dernier, d\u00e9j\u00e0, \u00e0 Avignon, l\u2019extr\u00eame-droite &hellip; <a href=\"https:\/\/fa86.noblogs.org\/?p=691\" class=\"more-link\">Continuer la lecture de <span class=\"screen-reader-text\">[Rennes] Appel \u00e0 un rassemblement antifa contre les int\u00e9gristes cathos<\/span> <span class=\"meta-nav\">&rarr;<\/span><\/a><\/p>\n","protected":false},"author":2691,"featured_media":0,"comment_status":"open","ping_status":"open","sticky":false,"template":"","format":"standard","meta":{"footnotes":""},"categories":[6],"tags":[],"class_list":["post-691","post","type-post","status-publish","format-standard","hentry","category-paf-le-faf"],"_links":{"self":[{"href":"https:\/\/fa86.noblogs.org\/index.php?rest_route=\/wp\/v2\/posts\/691","targetHints":{"allow":["GET"]}}],"collection":[{"href":"https:\/\/fa86.noblogs.org\/index.php?rest_route=\/wp\/v2\/posts"}],"about":[{"href":"https:\/\/fa86.noblogs.org\/index.php?rest_route=\/wp\/v2\/types\/post"}],"author":[{"embeddable":true,"href":"https:\/\/fa86.noblogs.org\/index.php?rest_route=\/wp\/v2\/users\/2691"}],"replies":[{"embeddable":true,"href":"https:\/\/fa86.noblogs.org\/index.php?rest_route=%2Fwp%2Fv2%2Fcomments&post=691"}],"version-history":[{"count":2,"href":"https:\/\/fa86.noblogs.org\/index.php?rest_route=\/wp\/v2\/posts\/691\/revisions"}],"predecessor-version":[{"id":693,"href":"https:\/\/fa86.noblogs.org\/index.php?rest_route=\/wp\/v2\/posts\/691\/revisions\/693"}],"wp:attachment":[{"href":"https:\/\/fa86.noblogs.org\/index.php?rest_route=%2Fwp%2Fv2%2Fmedia&parent=691"}],"wp:term":[{"taxonomy":"category","embeddable":true,"href":"https:\/\/fa86.noblogs.org\/index.php?rest_route=%2Fwp%2Fv2%2Fcategories&post=691"},{"taxonomy":"post_tag","embeddable":true,"href":"https:\/\/fa86.noblogs.org\/index.php?rest_route=%2Fwp%2Fv2%2Ftags&post=691"}],"curies":[{"name":"wp","href":"https:\/\/api.w.org\/{rel}","templated":true}]}}