{"id":6955,"date":"2012-11-07T09:58:49","date_gmt":"2012-11-07T08:58:49","guid":{"rendered":"http:\/\/fa86.noblogs.org\/?p=6955"},"modified":"2012-11-07T10:00:14","modified_gmt":"2012-11-07T09:00:14","slug":"poitiers-rassemblement-mensuel-de-solidarite-avec-les-migrant-e-s-18h-devant-le-palais-de-justice","status":"publish","type":"post","link":"https:\/\/fa86.noblogs.org\/?p=6955","title":{"rendered":"[Poitiers] Rassemblement mensuel de solidarit\u00e9 avec les migrant-e-s 18H devant le palais de justice"},"content":{"rendered":"<p style=\"text-align: justify\"><em><strong>NdPN<\/strong> : Comme chaque premier mercredi du mois aura lieu ce soir <strong>un rassemblement de solidarit\u00e9 avec les migrant-e-s, \u00e0\u00a018H devant le palais de justice.<\/strong> En effet, rien n&rsquo;a chang\u00e9 avec la gauche dans la Vienne, les expulsions continuent au m\u00eame rythme. A peine m\u00e9nage-t-on un peu les \u00e9tudiants les plus dipl\u00f4m\u00e9s (\u00e9litisme citoyenniste de gauche ?), mais pour mieux faire chier la plupart des \u00e9tudiants \u00e9trangers, d\u00e9sormais oblig\u00e9s de fournir des attestations bancaires mois par mois !\u00a0Les expulsables sont certes davantage assign\u00e9-e-s \u00e0 r\u00e9sidence, mais pour la simple raison que les centres de r\u00e9tention administratives sont bond\u00e9s&#8230; Et pour les Roms au niveau national, les d\u00e9mant\u00e8lements et expulsions brutales de campements ont aggrav\u00e9 la situation. Pour les migrant-e-s comme pour d&rsquo;autres questions sociales, la baudruche du\u00a0\u00ab\u00a0changement\u00a0\u00bb de gauche n&rsquo;en finit pas de se d\u00e9gonfler. Pour les pauvres, m\u00eames matraques, m\u00eames menottes, m\u00eames enfermements, m\u00eames expulsions&#8230; avec \u00ab\u00a0<strong>coeur et rigueur<\/strong>\u00a0\u00bb\u00a0nous annonce monsieur S\u00e9guy. Ouf, les \u00ab\u00a0humanistes\u00a0\u00bb seront\u00a0rassur\u00e9s&#8230;<\/em><\/p>\n<p style=\"text-align: justify\"><a href=\"http:\/\/www.lanouvellerepublique.fr\/Vienne\/Actualite\/24-Heures\/n\/Contenus\/Articles\/2012\/11\/07\/Expulsions-qu-est-ce-qui-a-vraiment-change\" target=\"_blank\"><strong>Expulsions : qu&rsquo;est-ce qui a vraiment chang\u00e9 ?<\/strong><\/a><\/p>\n<p style=\"text-align: justify\">Six mois apr\u00e8s le changement de gouvernement, la situation des sans-papiers est-elle diff\u00e9rente\u2009? \u00c9l\u00e9ments de r\u00e9ponses avec le repr\u00e9sentant de l\u2019\u00c9tat.<\/p>\n<p style=\"text-align: justify\">Selon la plupart des associations de d\u00e9fense des sans-papiers, la situation qui leur \u00e9tait faite sous la pr\u00e9sidence de Nicolas Sarkozy \u00e9tait le plus souvent intenable. Six mois plus tard, avec l&rsquo;arriv\u00e9e de la gauche au pouvoir, qu&rsquo;est-ce qui a chang\u00e9\u2009?. <em>\u00abDes circulaires ont \u00e9t\u00e9 prises qui modifient les proc\u00e9dures,<\/em> note Yves S\u00e9guy, le nouveau secr\u00e9taire g\u00e9n\u00e9ral de la pr\u00e9fecture, <em>la premi\u00e8re de mai 2012 qui assouplit la situation des \u00e9tudiants titulaires d&rsquo;un dipl\u00f4me au moins \u00e9quivalent au Master, la seconde du 6 juillet qui modifie les modalit\u00e9s li\u00e9es \u00e0 l&rsquo;assignation \u00e0 r\u00e9sidence des familles \u00e0 l&rsquo;alternative \u00e0 leur placement en r\u00e9tention administrative.<\/em> <em>Le d\u00e9lai de solidarit\u00e9 qui p\u00e9nalisait une personne qui aidait une personne \u00e9trang\u00e8re est supprim\u00e9. Le travail l\u00e9gislatif se construit et l&rsquo;on annonce un texte sur l&rsquo;application du code des \u00e9trangers en 2013. \u00bb<\/em><\/p>\n<p style=\"text-align: justify\">Voil\u00e0 pour la technique. Sous le pr\u00e9c\u00e9dent quinquennat, les relations entre pr\u00e9fecture et associations de d\u00e9fense des sans-papiers semblaient ex\u00e9crables, les secondes stigmatisant notamment la premi\u00e8re pour son instransigeance et son manque d&rsquo;humanit\u00e9.<\/p>\n<p style=\"text-align: justify\"><strong>C\u0153ur et rigueur<\/strong><\/p>\n<p style=\"text-align: justify\"><em>\u00ab Les services sont respectueux du droit et nous n&rsquo;avons jamais refus\u00e9 de rencontrer quiconque, <\/em>appuie Yves S\u00e9guy, <em>nous ne sommes pas plus s\u00e9v\u00e8res \u00e0 Poitiers qu&rsquo;ailleurs en r\u00e9gion. On est charg\u00e9 d&rsquo;appliquer le droit avec toute l&rsquo;intelligence des situations qu&rsquo;il convient, on peut revoir notre position et \u00e7a nous arrive. <strong>Je crois qu&rsquo;on peut avoir \u00e0 la fois du c\u0153ur et de la rigueur<\/strong>. <\/em> <em>Et puis je rappelle que toute proc\u00e9dure engag\u00e9e par nos services est mise en \u0153uvre sous le contr\u00f4le du juge des libert\u00e9s ou du juge administratif. \u00bb<\/em><\/p>\n<p style=\"text-align: justify\">en chiffres<\/p>\n<p style=\"text-align: justify\">&gt; <strong>En 2011, la pr\u00e9fecture de la Vienne a re\u00e7u 507 personnes \u00e0 ses guichets pour des demandes d&rsquo;asile. Ce chiffre atteignait 414 \u00e0 la fin de ce mois de septembre.<\/strong> &gt; En 2011 encore, 70 mesures d&rsquo;\u00e9loignement ont \u00e9t\u00e9 prises \u00e0 l&rsquo;encontre de personnes en situation irr\u00e9guli\u00e8re, sur 33.000 au niveau national. &gt; Ces 70 cas comprenaient aussi des retours volontaires (ces derniers s&rsquo;accompagnent d&rsquo;aides financi\u00e8res: 2.000 \u20ac pour une personne seule, 3.500 pour un couple) .<\/p>\n<p style=\"text-align: justify\">accueil<\/p>\n<p style=\"text-align: justify\"><strong>Qui a en charge l&rsquo;immigration l\u00e9gale ?<\/strong><\/p>\n<p style=\"text-align: justify\">Cr\u00e9\u00e9 en 2009, l&rsquo;Office fran\u00e7ais de l&rsquo;immigration et de l&rsquo;int\u00e9gration (OFII) est d\u00e9sormais le seul op\u00e9rateur de l&rsquo;Etat en charge de l&rsquo;immigration. Il a pour missions la gestion des proc\u00e9dures de l&rsquo;immigration r\u00e9guli\u00e8re pour le compte des pr\u00e9fectures, l&rsquo;accueil et l&rsquo;int\u00e9gration des immigr\u00e9s autoris\u00e9s \u00e0 s\u00e9journer durablement en France, le premier accueil des demandeurs d&rsquo;asile, l&rsquo;aide au retour et \u00e0 la r\u00e9insertion des \u00e9trangers dans leur pays d&rsquo;origine.<\/p>\n<p style=\"text-align: justify\"><strong>OFII Poitiers\u2009: 86, avenue du 8-Mai-1945. Email\u2009: <a href=\"mailto:poitiers@ofii.fr\" target=\"_self\">poitiers@ofii.fr<\/a><\/strong><\/p>\n<p style=\"text-align: justify\">le chiffre<\/p>\n<p style=\"text-align: justify\"><strong>440<\/strong><\/p>\n<p style=\"text-align: justify\"><strong>C&rsquo;est le nombre de places d&rsquo;h\u00e9bergement disponibles qu&rsquo;offre l&rsquo;\u00c9tat dans la r\u00e9gion<\/strong> \u00e0 travers cinq centres d&rsquo;accueil pour demandeurs d&rsquo;asile (CADA) Il en existe deux dans la Vienne pour 135 places (100 \u00e0 Poitiers et 35 \u00e0 Sommi\u00e8res-du-Clain)<\/p>\n<p style=\"text-align: justify\">solidarit\u00e9<\/p>\n<p style=\"text-align: justify\"><strong>Un besoin de b\u00e9n\u00e9voles<\/strong><\/p>\n<p style=\"text-align: justify\">Resf 86 tient des permanences les premiers et troisi\u00e8mes mercredis de chaque mois au 18, rue de la Brouette-du-Vinaigrier \u00e0 Poitiers. Elle a besoin de b\u00e9n\u00e9voles actifs.<\/p>\n<p style=\"text-align: justify\"><strong>T\u00e9l. 06.62.95.54.17.<\/strong><\/p>\n<p><em>Nouvelle R\u00e9publique, 7 novembre 2012<\/em><\/p>\n<p style=\"text-align: justify\"><a href=\"http:\/\/www.lanouvellerepublique.fr\/Vienne\/Actualite\/24-Heures\/n\/Contenus\/Articles\/2012\/11\/07\/Les-gens-se-sentent-hors-la-loi\" target=\"_blank\"><strong>\u00a0\u00bb Les gens se sentent hors la loi \u00ab\u00a0<\/strong><\/a><\/p>\n<p style=\"text-align: justify\">Depuis plusieurs ann\u00e9es, RESF 86 (R\u00e9seau \u00e9ducation sans fronti\u00e8res) milite pour la d\u00e9fense des enfants scolaris\u00e9s sans-papiers et de leurs familles. Avec d&rsquo;autres, l&rsquo;association d\u00e9nonce une politique \u00ab <em>discriminatoire et r\u00e9pressive \u00bb<\/em> men\u00e9e par les gouvernements successifs\u2009; Ainsi, malgr\u00e9 l&rsquo;arriv\u00e9e de la gauche au pouvoir, RESF consid\u00e8re aujourd&rsquo;hui que <em>\u00ab <strong>rien n&rsquo;a vraiment chang\u00e9.<\/strong> <strong>Certaines familles doivent encore pointer tous les jours au commissariat, <\/strong><\/em><strong>rel\u00e8ve Christine Jacquenod, pr\u00e9sidente de RESF 86, <em>elles <\/em><\/strong><em><strong>ne peuvent pas travailler, ne peuvent plus payer un loyer donc ne peuvent plus se loger.<\/strong> Des comit\u00e9s de quartier prennent parfois en charge ce loyer. C&rsquo;est un peu nouveau dans la vie de RESF, des gens constituent des comit\u00e9s sans pour cela adh\u00e9rer. Nous, on est l\u00e0 pour le juridique et l&rsquo;aide logistique. A la rentr\u00e9e derni\u00e8re, on a par exemple rassembl\u00e9 des kits fournitures pour des familles qui nous sollicitaient\u2026 L\u00e9galement, on se trouve face \u00e0 des gens qui ne sont ni expulsables, ni r\u00e9gularisables\u2026 \u00bb<\/em><\/p>\n<p style=\"text-align: justify\"><strong>Les \u00e9tudiants aussi<\/strong><\/p>\n<p style=\"text-align: justify\">L&rsquo;autre combat de RESF concerne aussi les \u00e9tudiants. L&rsquo;an pass\u00e9, une dizaine d&rsquo;entre eux, parmi lesquels des doctorants, \u00e9tait sous le coup d&rsquo;une obligation de quitter le territoire fran\u00e7ais. <em>\u00ab Ces situations ont \u00e9t\u00e9 prises en charge par l&rsquo;Universit\u00e9 qui informe d\u00e9sormais \u00e9tudiants et enseignants<\/em>, observe Na\u00efk Miret, de l&rsquo;antenne universitaire de Resf, <em>aujourd&rsquo;hui les dossiers sont diff\u00e9rents. Il y a maintenant des probl\u00e8mes avec les demandes de cartes de s\u00e9jour \u00e9tudiant. <strong>Une clause a \u00e9t\u00e9 rajout\u00e9e en ao\u00fbt dernier qui leur demande de fournir une attestation bancaire reprenant mois par mois (pour l&rsquo;int\u00e9gralit\u00e9 de l&rsquo;ann\u00e9e \u00e9coul\u00e9e) le solde de leurs comptes.<\/strong> Nous avons aussi des probl\u00e8mes avec des rendez-vous en pr\u00e9fecture pour le renouvellement ou la fin d&rsquo;un titre de s\u00e9jour. C&rsquo;est pour cela qu&rsquo;on accompagne autant que possible les personnes aux guichets de la pr\u00e9fecture. \u00bb<\/em> Ce climat de d\u00e9fiance, selon l&rsquo;association, p\u00e9nalise le parcours p\u00e9dagogique de ces \u00e9tudiants. <em>\u00ab Beaucoup ont encore honte ou peur, parfois se cachent, <\/em>note Na\u00efk Miret, <em>un \u00e9tudiant, c&rsquo;est aussi une personne jeune et fragile. En tout cas, il est temps qu&rsquo;il y ait une refonte. Quand la loi est injuste, il faut changer la loi. \u00bb<\/em><\/p>\n<p style=\"text-align: justify\"><em>Nouvelle R\u00e9publique, 7 novembre 2012<\/em><\/p>\n","protected":false},"excerpt":{"rendered":"<p>NdPN : Comme chaque premier mercredi du mois aura lieu ce soir un rassemblement de solidarit\u00e9 avec les migrant-e-s, \u00e0\u00a018H devant le palais de justice. En effet, rien n&rsquo;a chang\u00e9 avec la gauche dans la Vienne, les expulsions continuent au m\u00eame rythme. A peine m\u00e9nage-t-on un peu les \u00e9tudiants les plus dipl\u00f4m\u00e9s (\u00e9litisme citoyenniste de &hellip; <a href=\"https:\/\/fa86.noblogs.org\/?p=6955\" class=\"more-link\">Continuer la lecture de <span class=\"screen-reader-text\">[Poitiers] Rassemblement mensuel de solidarit\u00e9 avec les migrant-e-s 18H devant le palais de justice<\/span> <span class=\"meta-nav\">&rarr;<\/span><\/a><\/p>\n","protected":false},"author":2691,"featured_media":0,"comment_status":"open","ping_status":"open","sticky":false,"template":"","format":"standard","meta":{"footnotes":""},"categories":[11,16,4],"tags":[],"class_list":["post-6955","post","type-post","status-publish","format-standard","hentry","category-ni-patrie-ni-frontiere","category-repression","category-se-trouver"],"_links":{"self":[{"href":"https:\/\/fa86.noblogs.org\/index.php?rest_route=\/wp\/v2\/posts\/6955","targetHints":{"allow":["GET"]}}],"collection":[{"href":"https:\/\/fa86.noblogs.org\/index.php?rest_route=\/wp\/v2\/posts"}],"about":[{"href":"https:\/\/fa86.noblogs.org\/index.php?rest_route=\/wp\/v2\/types\/post"}],"author":[{"embeddable":true,"href":"https:\/\/fa86.noblogs.org\/index.php?rest_route=\/wp\/v2\/users\/2691"}],"replies":[{"embeddable":true,"href":"https:\/\/fa86.noblogs.org\/index.php?rest_route=%2Fwp%2Fv2%2Fcomments&post=6955"}],"version-history":[{"count":3,"href":"https:\/\/fa86.noblogs.org\/index.php?rest_route=\/wp\/v2\/posts\/6955\/revisions"}],"predecessor-version":[{"id":6957,"href":"https:\/\/fa86.noblogs.org\/index.php?rest_route=\/wp\/v2\/posts\/6955\/revisions\/6957"}],"wp:attachment":[{"href":"https:\/\/fa86.noblogs.org\/index.php?rest_route=%2Fwp%2Fv2%2Fmedia&parent=6955"}],"wp:term":[{"taxonomy":"category","embeddable":true,"href":"https:\/\/fa86.noblogs.org\/index.php?rest_route=%2Fwp%2Fv2%2Fcategories&post=6955"},{"taxonomy":"post_tag","embeddable":true,"href":"https:\/\/fa86.noblogs.org\/index.php?rest_route=%2Fwp%2Fv2%2Ftags&post=6955"}],"curies":[{"name":"wp","href":"https:\/\/api.w.org\/{rel}","templated":true}]}}