{"id":6962,"date":"2012-11-08T09:12:17","date_gmt":"2012-11-08T08:12:17","guid":{"rendered":"http:\/\/fa86.noblogs.org\/?p=6962"},"modified":"2012-11-08T10:47:35","modified_gmt":"2012-11-08T09:47:35","slug":"a-poitiers-les-inspections-pedagogiques-des-profs-de-philo-se-font-dorenavant-par-la-police","status":"publish","type":"post","link":"https:\/\/fa86.noblogs.org\/?p=6962","title":{"rendered":"A Poitiers les inspections p\u00e9dagogiques des profs de philo se font dor\u00e9navant par la police"},"content":{"rendered":"<p style=\"text-align: justify\"><a href=\"http:\/\/dal86.fr\/2012\/11\/07\/a-poitiers-les-inspections-pedagogiques-des-profs-de-philo-se-font-dorenavant-par-la-police\/\" target=\"_blank\"><strong>Manque de moyens dans l\u2019Education Nationale :\u00a0\u00e0 Poitiers les inspections p\u00e9dagogiques des profs de philo se font dor\u00e9navant par la police.<\/strong><\/a><\/p>\n<p style=\"text-align: justify\" lang=\"fr-FR\" align=\"JUSTIFY\">JF est un prof de philo bien connu des services de police pour ses engagements politiques. Le 10 mai dernier, il a eu l\u2019outrecuidance d\u2019illustrer le propos de l\u2019un de ses cours sur la question de l\u2019\u00c9tat en faisant visionner \u00e0 ses \u00e9l\u00e8ves un document vid\u00e9o sur l\u2019expulsion brutale par la police, le 2 avril dernier, d\u2019un campement de sans logis et mal log\u00e9s mis en place depuis le 30 mars sur le parvis de Notre Dame \u00e0 Poitiers.<\/p>\n<p style=\"text-align: justify\" lang=\"fr-FR\" align=\"JUSTIFY\">Juste apr\u00e8s le bac il a \u00e9t\u00e9 convoqu\u00e9 par son chef d\u2019\u00e9tablissement qui l\u2019a inform\u00e9 qu\u2019il y aurait une plainte de parent(s) d\u2019\u00e9l\u00e8ve(s) aupr\u00e8s du rectorat. Il fut tout \u00e9tonn\u00e9 d\u2019apprendre que lors de la projection du document, il aurait fait des arr\u00eats sur image et donn\u00e9 le nom des policiers qui expulsaient violemment le campement des sans-logis et mal-log\u00e9s. Ses \u00e9l\u00e8ves auraient reconnu le p\u00e8re d\u2019une \u00e9l\u00e8ve et seraient all\u00e9s \u00ab faire des remarques d\u00e9sobligeantes \u00bb \u00e0 cette derni\u00e8re.<\/p>\n<p style=\"text-align: justify\" lang=\"fr-FR\" align=\"JUSTIFY\">Comme il fallait s\u2019y attendre, l\u2019enqu\u00eate administrative a tourn\u00e9 court puisque deux \u00e9l\u00e8ves ont t\u00e9moign\u00e9 que, si le document avait bien \u00e9t\u00e9 diffus\u00e9, c\u2019\u00e9tait dans le cadre du cours et que l\u2019enseignant n\u2019avait ni fait des arr\u00eats sur image ni donn\u00e9 les noms des policiers. D\u2019ailleurs il n\u2019aurait pas eu besoin de le faire puisque, le hasard faisant bien les choses, c\u2019\u00e9taient ces deux \u00e9l\u00e8ves qui avaient reconnu le policier car ils \u00e9taient \u00e0 l\u2019\u00e9poque, pour l\u2019un le petit ami, et pour l\u2019autre, l\u2019ex-petit ami de sa fille. Il lui ont bien s\u00fbr dit qu\u2019ils avaient vu son p\u00e8re sur la vid\u00e9o, ce qu\u2019elle avait d\u00fb lui r\u00e9p\u00e9ter.<\/p>\n<p style=\"text-align: justify\" lang=\"fr-FR\" align=\"JUSTIFY\">Mais l\u2019affaire ne s\u2019arr\u00eate pas l\u00e0. La police visiblement insatisfaite de ce d\u00e9nouement est en train de convoquer pour les auditionner, tous les \u00e9l\u00e8ves de cette classe (soit 32 !). Cerise sur le g\u00e2teau digne des meilleurs polars, comme la proviseur ne voulait pas fournir \u00e0 la police la liste des \u00e9l\u00e8ves et l\u2019adresse de leurs parents, elle a \u00e9t\u00e9 saisie au Lyc\u00e9e lors d\u2019une perquisition.<\/p>\n<p style=\"text-align: justify\" lang=\"fr-FR\" align=\"JUSTIFY\">Les convocations qui se sont encha\u00een\u00e9es n\u2019ont fait appara\u00eetre aucun motif. Ce n\u2019est que quand les \u00e9l\u00e8ves, enfin surtout leurs parents affol\u00e9s, t\u00e9l\u00e9phonaient \u00e0 l\u2019Officier de Police Judiciaire qu\u2019ils ont \u00e9t\u00e9 inform\u00e9s que \u00ab des parents ont \u00e9t\u00e9 choqu\u00e9s que soit projet\u00e9 ce document \u00e0 leurs enfants et ont port\u00e9 plainte \u00bb\u2026 Certes mais pourquoi l\u2019ont-ils fait ? Comment est qualifi\u00e9 le d\u00e9lit ? Personne ne le sait et rien de plus n\u2019est pr\u00e9cis\u00e9 au d\u00e9but des auditions.<\/p>\n<p style=\"text-align: justify\" lang=\"fr-FR\" align=\"JUSTIFY\">Ces derni\u00e8res qui duraient pr\u00e8s d\u2019une heure et demie pour les premiers \u00e9l\u00e8ves convoqu\u00e9s, durent \u00e0 la fin \u00e0 peine 20 minutes. Ce qui t\u00e9moigne peut-\u00eatre de la lassitude des policiers. Les questions portent bien s\u00fbr sur le document incrimin\u00e9. Y a-t-il eu des arr\u00eats sur image ? Le prof a-t-il donn\u00e9 les noms des policiers ? Et sur le cours en question : quelle \u00e9tait sa teneur ? Comment \u00e7a s\u2019est pass\u00e9 ? Mais elles vont bien au del\u00e0 et peuvent figurer une nouvelle forme d\u2019inspection p\u00e9dagogique digne des r\u00e9publiques les plus banani\u00e8res. Comment le prof se comporte-t-il en classe tout au long de l\u2019ann\u00e9e ? Quelle est sa p\u00e9dagogie ? Quels sont ses engagements associatifs ? Une vraie enqu\u00eate de moralit\u00e9 ! Le prof \u00e9valu\u00e9 par la police et not\u00e9 par ses \u00e9l\u00e8ves, c\u2019est dans l\u2019air du temps ! Et puis quel Inspecteur P\u00e9dagogique R\u00e9gional pourrait passer une cinquantaine d\u2019heures (au bas mot) \u00e0 \u00e9valuer un seul prof alors que la moyenne du temps entre deux inspections (qui ne durent que deux ou trois heures, rapport compris) est de 7 longues ann\u00e9es.<\/p>\n<p style=\"text-align: justify\" lang=\"fr-FR\" align=\"JUSTIFY\">Mais il y a plus. Pourquoi une telle d\u00e9bauche de moyens et un tel acharnement ? D\u2019abord, il n\u2019est pas anodin que ce soit un document vid\u00e9o sur l\u2019expulsion du campement de sans-logis et mal-log\u00e9s du 2 avril dernier qui soit \u00e0 l\u2019origine de l\u2019affaire. Car si cette expulsion \u00e9tait l\u00e9gale, elle \u00e9tait loin d\u2019\u00eatre l\u00e9gitime. Comment arriver \u00e0 justifier moralement de s\u2019en prendre si violemment \u00e0 des \u00ab gens en souffrance, au parcours de vie difficile \u00bb, selon les propres mots du maire de Poitiers ? Comment arriver \u00e0 continuer \u00e0 avoir bonne conscience lorsqu\u2019on a fait expulser, ou soi-m\u00eame expuls\u00e9 brutalement et violemment, des sans-logis et mal-log\u00e9s qui avait des revendications, qui \u00e9taient elles, non seulement tr\u00e8s l\u00e9gitimes mais aussi l\u00e9gales, puisqu\u2019ils demandaient un logement d\u00e9cent pour tous, c\u2019est \u00e0 dire le respect de la loi ? Comment arriver \u00e0 continuer de se regarder dans une glace quand on use de violence envers des gens qui r\u00e9sistent passivement, quand on leur arrache et confisque des biens de premi\u00e8re n\u00e9cessit\u00e9 et que l\u2019on conduit six de ces personnes (cinq hommes et une femme) en garde \u00e0 vue, dont cinq (les cinq hommes comme par hasard) ont \u00e9t\u00e9 tra\u00een\u00e9s au tribunal pour outrages et r\u00e9bellion violente ? Et ce n\u2019est pas tout. Peut-on garder sa bonne conscience quand deux de ces cinq personnes ont pris deux mois de prison fermes et qu\u2019en tant que policier on se sont fait payer des dommages et int\u00e9r\u00eat (1200\u20ac. en tout ; 500\u20ac. pour le policier qui s\u2019est offusqu\u00e9 de la diffusion de la vid\u00e9o en cours et qui a port\u00e9 plainte contre JF\u2026) et ce par des personnes notoirement fragiles et d\u00e9munies ? Ne voudrait-on pas que personne ne le sache, surtout pas nos proches, et ne serions-nous pas honteux si un prof de philo diffuse cette forfaiture dans une classe dans laquelle certains \u00e9l\u00e8ves nous connaissent ? Ne serions-nous pas honteux au point de reporter la faute sur lui ?<\/p>\n<p style=\"text-align: justify\" lang=\"fr-FR\" align=\"JUSTIFY\">Ne nous trompons pas de cible ce n\u2019est pas de passer cette vid\u00e9o en classe qui est scandaleux mais bien d\u2019avoir \u00e9vacu\u00e9 de la sorte ce campement de sans-logis et mal-log\u00e9s, d\u2019avoir menti et de les avoir accus\u00e9 injustement et pour finir d\u2019avoir touch\u00e9 des dommages et int\u00e9r\u00eats indus.<\/p>\n<p style=\"text-align: justify\" lang=\"fr-FR\" align=\"JUSTIFY\">Il y a une autre raison qui motive un tel acharnement. Le DAL86 \u00e9crivait en mai dernier, \u00ab la r\u00e9pression \u00e0 Poitiers vient de passer un cap. Ce ne sont plus les personnes qui ont eu le toupet de relever la t\u00eate et qui se se sont engag\u00e9es dans une lutte politique en particulier pour la d\u00e9fense de leurs droits, mais les militants de terrain qui les soutiennent, qui subissent dor\u00e9navant la r\u00e9pression. Ce ne sont pas des jeunes, des sans-logis et mal-log\u00e9s, des pauvres qui sont cibl\u00e9s mais des quinquag\u00e9naires, ayant un travail et connus pour leurs engagements associatifs et politiques au sein de la cit\u00e9. \u00bb<\/p>\n<p style=\"text-align: justify\" align=\"JUSTIFY\">Henri Queuille, pr\u00e9sident du conseil entre les deux guerres, n\u2019avait-il pas raison de dire : \u00ab <em>La politique, ce n\u2019est pas de r\u00e9soudre les probl\u00e8mes, c\u2019est de faire taire ceux qui les posent<\/em>. \u00bb ?<\/p>\n<p style=\"text-align: justify\" align=\"JUSTIFY\"><strong>Les Flics (pr\u00e9fecture, police, justice et\u2026 mairie) veulent nous faire taire. Nous ne nous tairons pas ! On continue !<\/strong><\/p>\n<p style=\"text-align: justify\" align=\"JUSTIFY\"><strong>Flics hors de nos vies, hors de nos villes !<\/strong><\/p>\n<p style=\"text-align: justify\"><strong>Rendez-vous vendredi prochain 9 novembre \u00e0 partir de 9h devant le palais de justice pour exiger la relaxe des militants r\u00e9prim\u00e9s. Jean-Baptiste Eyraud, porte parole de la F\u00e9d\u00e9ration Droit au logement, Mgr Jacques Gaillot, diff\u00e9rents comit\u00e9s DAL, ont d\u00e9j\u00e0 r\u00e9pondu pr\u00e9sent.<\/strong><\/p>\n<h3 style=\"text-align: justify\" align=\"CENTER\"><strong><a href=\"http:\/\/dal86.fr\/2012\/10\/29\/relaxe-generale-pour-le-proces-en-appel-du-campement-du-30-mars\/\" target=\"_blank\">Relaxe g\u00e9n\u00e9rale pour le Proc\u00e8s en appel du campement du 30 mars<\/a><\/strong><\/h3>\n<p style=\"text-align: justify\" align=\"JUSTIFY\">____________________<\/p>\n<p style=\"text-align: justify\" align=\"JUSTIFY\"><em><a href=\"http:\/\/dal86.fr\/\" target=\"_blank\">DAL86<\/a> \u2013 <a href=\"mailto:dal86@free.fr\" target=\"_blank\">dal86@free.fr<\/a> \u2013 06 52 93 54 44 \/ 05 49 88 94 56<\/em><\/p>\n<p style=\"text-align: justify\" align=\"JUSTIFY\"><em>Permanences : tous les samedis matin de 11h \u00e0 12h et tous les mardis soirs de 17h \u00e0 18h Maison de la Solidarit\u00e9 22 rue du Pigeon Blanc Poitiers <\/em><\/p>\n<p style=\"text-align: justify\" align=\"JUSTIFY\"><em>DAL 86, 7 novembre 2012<\/em><\/p>\n","protected":false},"excerpt":{"rendered":"<p>Manque de moyens dans l\u2019Education Nationale :\u00a0\u00e0 Poitiers les inspections p\u00e9dagogiques des profs de philo se font dor\u00e9navant par la police. JF est un prof de philo bien connu des services de police pour ses engagements politiques. Le 10 mai dernier, il a eu l\u2019outrecuidance d\u2019illustrer le propos de l\u2019un de ses cours sur la &hellip; <a href=\"https:\/\/fa86.noblogs.org\/?p=6962\" class=\"more-link\">Continuer la lecture de <span class=\"screen-reader-text\">A Poitiers les inspections p\u00e9dagogiques des profs de philo se font dor\u00e9navant par la police<\/span> <span class=\"meta-nav\">&rarr;<\/span><\/a><\/p>\n","protected":false},"author":2691,"featured_media":0,"comment_status":"open","ping_status":"open","sticky":false,"template":"","format":"standard","meta":{"footnotes":""},"categories":[17,16],"tags":[],"class_list":["post-6962","post","type-post","status-publish","format-standard","hentry","category-education-populaire","category-repression"],"_links":{"self":[{"href":"https:\/\/fa86.noblogs.org\/index.php?rest_route=\/wp\/v2\/posts\/6962","targetHints":{"allow":["GET"]}}],"collection":[{"href":"https:\/\/fa86.noblogs.org\/index.php?rest_route=\/wp\/v2\/posts"}],"about":[{"href":"https:\/\/fa86.noblogs.org\/index.php?rest_route=\/wp\/v2\/types\/post"}],"author":[{"embeddable":true,"href":"https:\/\/fa86.noblogs.org\/index.php?rest_route=\/wp\/v2\/users\/2691"}],"replies":[{"embeddable":true,"href":"https:\/\/fa86.noblogs.org\/index.php?rest_route=%2Fwp%2Fv2%2Fcomments&post=6962"}],"version-history":[{"count":4,"href":"https:\/\/fa86.noblogs.org\/index.php?rest_route=\/wp\/v2\/posts\/6962\/revisions"}],"predecessor-version":[{"id":6964,"href":"https:\/\/fa86.noblogs.org\/index.php?rest_route=\/wp\/v2\/posts\/6962\/revisions\/6964"}],"wp:attachment":[{"href":"https:\/\/fa86.noblogs.org\/index.php?rest_route=%2Fwp%2Fv2%2Fmedia&parent=6962"}],"wp:term":[{"taxonomy":"category","embeddable":true,"href":"https:\/\/fa86.noblogs.org\/index.php?rest_route=%2Fwp%2Fv2%2Fcategories&post=6962"},{"taxonomy":"post_tag","embeddable":true,"href":"https:\/\/fa86.noblogs.org\/index.php?rest_route=%2Fwp%2Fv2%2Ftags&post=6962"}],"curies":[{"name":"wp","href":"https:\/\/api.w.org\/{rel}","templated":true}]}}