{"id":6978,"date":"2012-11-09T08:31:45","date_gmt":"2012-11-09T07:31:45","guid":{"rendered":"http:\/\/fa86.noblogs.org\/?p=6978"},"modified":"2012-11-09T08:31:45","modified_gmt":"2012-11-09T07:31:45","slug":"poitiers-manifestation-de-reoccupation-non-a-laeroport-de-notre-dame-des-landes-reunion-publique","status":"publish","type":"post","link":"https:\/\/fa86.noblogs.org\/?p=6978","title":{"rendered":"[Poitiers] Manifestation de r\u00e9occupation Non \u00e0 l&rsquo;a\u00e9roport de Notre-Dame-des-Landes &#8211; R\u00e9union publique"},"content":{"rendered":"<p style=\"text-align: justify\"><strong> Manifestation de r\u00e9occupation Non \u00e0 l&rsquo;a\u00e9roport de Notre-Dame-des-Landes<\/strong><\/p>\n<p style=\"text-align: justify\">Jusqu&rsquo;ici, rien ne semblait pouvoir r\u00e9sister \u00e0 l&rsquo;expansion effr\u00e9n\u00e9e de \u00ab Nantes M\u00e9tropole \u00bb. L&rsquo;opposition au projet d&rsquo;a\u00e9roport du \u00ab Grand Ouest \u00bb \u00e0 Notre-Dame des Landes semblait \u00eatre ma\u00eetris\u00e9e. Il a n\u00e9anmoins fallu l&rsquo;op\u00e9ration militaire \u00ab C\u00e9sar \u00bb, d\u00e9clench\u00e9e le 16 octobre 2012, soit la mobilisation de plus d&rsquo;un millier de Gendarmes Mobiles, CRS et groupes d&rsquo;intervention sp\u00e9cialis\u00e9s, appuy\u00e9s par des h\u00e9licopt\u00e8res, pour engager les expulsions des habitant.e.s de la Zone \u00e0 D\u00e9fendre. Le triomphalisme affich\u00e9 ce jour-l\u00e0 par les autorit\u00e9s, s&rsquo;est rapidement dissip\u00e9 devant la puissance de retournement des opposant.e.s. Cette r\u00e9sistance, faite de pratiques d\u00e9bordantes de vie et des solidarit\u00e9s nouvelles, s&rsquo;amplifie.<\/p>\n<p style=\"text-align: justify\"><strong>Le bocage de Notre-Dame-des-Landes sera le cauchemar de C\u00e9sar !<\/strong><\/p>\n<p style=\"text-align: justify\">Abandonn\u00e9 dans les ann\u00e9es 1970, le funeste projet est d\u00e9terr\u00e9 au d\u00e9but du si\u00e8cle. En 2010 un Partenariat public-priv\u00e9 (PPP) est sign\u00e9 entre l&rsquo;\u00c9tat et le groupe Vinci &#8211; leader mondial du BTP, impliqu\u00e9 par ailleurs dans de louches compromissions. Mais aucun argument suspendu \u00e0 des int\u00e9r\u00eats \u00e9conomiques (ou aux ambitions m\u00e9galomaniaques de J-M Ayrault) ne peut justifier, au regard de la situation \u00e9cologique et sociale, la destruction de cette r\u00e9gion bocag\u00e8re, l&rsquo;expulsion et la r\u00e9pression des habitant.e.s qui r\u00e9sistent. Ce projet d&rsquo;a\u00e9roport \u00e0 Notre-Dame-des-Landes, ainsi que les Lignes \u00e0 Grande Vitesse, dont celle envisag\u00e9e entre Poitiers et Limoges et celle d\u00e9j\u00e0 en chantier entre Tours et Bordeaux, participent d&rsquo;une m\u00eame planification territoriale dict\u00e9e par l&rsquo;\u00c9tat et l&rsquo;Union Europ\u00e9enne. Cette m\u00e9tropolisation redessine les paysages, reconfigure les territoires. Elle d\u00e9vore nos potagers et nos champs, nos haies et nos for\u00eats, nos lieux de vie. Elle cherche \u00e0 nous \u00e9touffer. Combattons ces projets inutiles et mortif\u00e8res !<\/p>\n<p style=\"text-align: justify\"><strong>Une grande manifestation de r\u00e9occupation aura bien lieu<\/strong> pour reconstruire un lieu ouvert d&rsquo;organisation sur les terres menac\u00e9s. D\u00e9montrons notre solidarit\u00e9 en actes. <strong>Convergeons tous vers la ZAD le 17 novembre 2012.<\/strong><\/p>\n<p style=\"text-align: justify\">Vous \u00eates \u00e9galement convi\u00e9.e.s \u00e0 la <strong>r\u00e9union publique<\/strong> d&rsquo;information en vue de cet \u00e9v\u00e9nement qui se tiendra \u00e0 la <strong>Maison du Peuple \u00e0 Poitiers, 21 bis rue Ars\u00e8ne Orillard, le mardi 13 novembre 2012 \u00e0 18h30<\/strong>.<\/p>\n<p style=\"text-align: justify\">Comit\u00e9 poitevin contre l&rsquo;a\u00e9roport de Notre-dame-des-landes<\/p>\n<p style=\"text-align: justify\">Contact: <a href=\"http:\/\/fr.mc1321.mail.yahoo.com\/mc\/compose?to=nonaeroportnddl86@yahoo.com\" rel=\"nofollow\" target=\"_blank\">nonaeroportnddl86@yahoo.com<\/a> et Infos sur la lutte: <a href=\"http:\/\/zad.nadir.org\/\" rel=\"nofollow\" target=\"_blank\">zad.nadir.org<\/a><\/p>\n<p style=\"text-align: justify\"><em>Mail, 8 novembre 2012<\/em><\/p>\n","protected":false},"excerpt":{"rendered":"<p>Manifestation de r\u00e9occupation Non \u00e0 l&rsquo;a\u00e9roport de Notre-Dame-des-Landes Jusqu&rsquo;ici, rien ne semblait pouvoir r\u00e9sister \u00e0 l&rsquo;expansion effr\u00e9n\u00e9e de \u00ab Nantes M\u00e9tropole \u00bb. L&rsquo;opposition au projet d&rsquo;a\u00e9roport du \u00ab Grand Ouest \u00bb \u00e0 Notre-Dame des Landes semblait \u00eatre ma\u00eetris\u00e9e. Il a n\u00e9anmoins fallu l&rsquo;op\u00e9ration militaire \u00ab C\u00e9sar \u00bb, d\u00e9clench\u00e9e le 16 octobre 2012, soit la mobilisation &hellip; <a href=\"https:\/\/fa86.noblogs.org\/?p=6978\" class=\"more-link\">Continuer la lecture de <span class=\"screen-reader-text\">[Poitiers] Manifestation de r\u00e9occupation Non \u00e0 l&rsquo;a\u00e9roport de Notre-Dame-des-Landes &#8211; R\u00e9union publique<\/span> <span class=\"meta-nav\">&rarr;<\/span><\/a><\/p>\n","protected":false},"author":2691,"featured_media":0,"comment_status":"open","ping_status":"open","sticky":false,"template":"","format":"standard","meta":{"footnotes":""},"categories":[26,18,9,12,7,16,4],"tags":[],"class_list":["post-6978","post","type-post","status-publish","format-standard","hentry","category-construction-du-desert","category-decroissance-libertaire","category-la-rue-grogne","category-okupa-y-resiste","category-propagande-marchande","category-repression","category-se-trouver"],"_links":{"self":[{"href":"https:\/\/fa86.noblogs.org\/index.php?rest_route=\/wp\/v2\/posts\/6978","targetHints":{"allow":["GET"]}}],"collection":[{"href":"https:\/\/fa86.noblogs.org\/index.php?rest_route=\/wp\/v2\/posts"}],"about":[{"href":"https:\/\/fa86.noblogs.org\/index.php?rest_route=\/wp\/v2\/types\/post"}],"author":[{"embeddable":true,"href":"https:\/\/fa86.noblogs.org\/index.php?rest_route=\/wp\/v2\/users\/2691"}],"replies":[{"embeddable":true,"href":"https:\/\/fa86.noblogs.org\/index.php?rest_route=%2Fwp%2Fv2%2Fcomments&post=6978"}],"version-history":[{"count":1,"href":"https:\/\/fa86.noblogs.org\/index.php?rest_route=\/wp\/v2\/posts\/6978\/revisions"}],"predecessor-version":[{"id":6979,"href":"https:\/\/fa86.noblogs.org\/index.php?rest_route=\/wp\/v2\/posts\/6978\/revisions\/6979"}],"wp:attachment":[{"href":"https:\/\/fa86.noblogs.org\/index.php?rest_route=%2Fwp%2Fv2%2Fmedia&parent=6978"}],"wp:term":[{"taxonomy":"category","embeddable":true,"href":"https:\/\/fa86.noblogs.org\/index.php?rest_route=%2Fwp%2Fv2%2Fcategories&post=6978"},{"taxonomy":"post_tag","embeddable":true,"href":"https:\/\/fa86.noblogs.org\/index.php?rest_route=%2Fwp%2Fv2%2Ftags&post=6978"}],"curies":[{"name":"wp","href":"https:\/\/api.w.org\/{rel}","templated":true}]}}