{"id":7014,"date":"2012-11-13T09:30:11","date_gmt":"2012-11-13T08:30:11","guid":{"rendered":"http:\/\/fa86.noblogs.org\/?p=7014"},"modified":"2012-11-13T09:30:11","modified_gmt":"2012-11-13T08:30:11","slug":"notre-dame-des-landes-infos-13-novembre-petites-mises-au-point","status":"publish","type":"post","link":"https:\/\/fa86.noblogs.org\/?p=7014","title":{"rendered":"[Notre-Dame-des-Landes] Infos 13 novembre &#8211; petites mises au point"},"content":{"rendered":"<p style=\"text-align: justify\"><em><strong>NdPN<\/strong> : Pour rappel, rendez-vous ce soir \u00e0 Poitiers \u00e0 la maison du peuple (rue Ars\u00e8ne Orillard), \u00e0 18H30,\u00a0pour une r\u00e9union d&rsquo;info !<\/em><\/p>\n<p style=\"text-align: justify\"><em>C&rsquo;est plut\u00f4t tranquille sur la ZAD, une AG de pr\u00e9paration de la manif de r\u00e9occupation\u00a0du 17 novembre propose \u00e0 tout le monde, vues les r\u00e9cup\u00e9rations politicardes, <a href=\"http:\/\/nantes.indymedia.org\/article\/26553\" target=\"_blank\"><strong>d&rsquo;adopter un m\u00eame drapeau<\/strong><\/a>.<\/em><\/p>\n<p style=\"text-align: justify\"><em>Cette d\u00e9marche vient d&rsquo;une mise au point contre pas mal de politicards, participant \u00e0 la dissociation entre bons et mauvais habitant-e-s de la ZAD,\u00a0comptant d\u00e9barquer \u00e0 Notre-Dame-des-Landes. Trois textes parus hier sur zad.nadir :<\/em><\/p>\n<p style=\"text-align: justify\"><a href=\"http:\/\/zad.nadir.org\/spip.php?article576\" target=\"_blank\"><strong>Nous voulons une manif, pas une parade<\/strong><\/a><\/p>\n<p style=\"text-align: justify\">Le 17 novembre aura lieu une manifestation de r\u00e9occupation, pens\u00e9e comme un moment de r\u00e9action collective aux expulsions de squats sur la ZAD.<\/p>\n<p style=\"text-align: justify\">Nous sommes des occupantEs de la ZAD. Nous ne sommes pas dans des logiques de parti. Nous ne croyons pas \u00e0 la pseudo-d\u00e9mocratie et \u00e0 son jeu de repr\u00e9sentation. Ce qui fait la force de ces moments v\u00e9cus depuis le d\u00e9clenchement des expulsions, c\u2019est de se retrouver avec un tas de gens autour de notre refus de ce projet d\u2019a\u00e9roport, et du monde qui va avec. Nous voulons que cette manif soit celle de tou-te-s les opposantEs, et que touTEs celles et ceux qui sont en lutte y trouvent une place.<\/p>\n<p style=\"text-align: justify\">Depuis quelques jours, les stars de la politique politicienne se relaient pour annoncer leur venue. Depuis quelques jours on n\u2019entend plus qu\u2019elles\/eux. Nous ne voulons pas que toute l\u2019attention se braque ce jour l\u00e0 sur quelques t\u00eates d\u2019affiche qui ont d\u00e9j\u00e0 tout l\u2019espace m\u00e9diatique pour s\u2019exprimer, et qui ne fouttront jamais les pieds sur la zone si il n\u2019y a pas 50 cam\u00e9ras pour les accompagner.<\/p>\n<p style=\"text-align: justify\">Nous voulons une manif d\u2019opposant-e-s au projet d\u2019a\u00e9roport, pas un podium pour politicardEs.<\/p>\n<p style=\"text-align: justify\">AmiEs en lutte, bienvenue !<\/p>\n<p style=\"text-align: justify\"><em>Le mouvement d\u2019occupation.<\/em><\/p>\n<p style=\"text-align: justify\"><a href=\"http:\/\/zad.nadir.org\/spip.php?article577\" target=\"_blank\"><strong>Nous ne voulons pas voir les bureaucrates d\u2019Europe Ecologie &#8211; Les Verts<\/strong><\/a><\/p>\n<p style=\"text-align: justify\">Depuis quelques jours, des dirigeant-e-s d\u2019EELV prennent position par rapport aux expulsions en cours sur la ZAD : ils\/elles expriment leur soutien aux habitant-e-s et appellent \u00e0 la manifestation de r\u00e9occupation du 17 novembre. Depuis que le mouvement d\u2019occupation existe, les dirigeant-e-s d\u2019EELV n\u2019ont fait que s\u2019en d\u00e9solidariser par presse interpos\u00e9e. Ils\/elles ont parl\u00e9 d\u2019ultras, de violent-e-s agitateurs\/ices et d\u2019extr\u00e9mistes ; et n\u2019ont cess\u00e9 de d\u00e9noncer des actions men\u00e9es conte l\u2019a\u00e9roport et les porteurs du projet.<\/p>\n<p style=\"text-align: justify\">Aujourd\u2019hui, des responsables d\u2019EELV se d\u00e9solidarisent encore des \u00ab\u00a0minorit\u00e9s violentes\u00a0\u00bb. Au cas ou ils\/elles ne le sauraient pas, la manifestation du 17 est appel\u00e9e notamment \u00e0 l\u2019initiative de ces m\u00eames \u00ab\u00a0minorit\u00e9s violentes\u00a0\u00bb, de celleux qui montent des barricades et lancent des pierres pour d\u00e9fendre leur maison, en l\u2019occurence les occupant-e-s de la ZAD.<\/p>\n<p style=\"text-align: justify\">Comment peut-on autant chier sur la gueule d\u2019un mouvement, le fragiliser, pour ne pas dire essayer de le broyer ; et en m\u00eame temps appeler \u00e0 le soutenir au moment ou il prend de l\u2019ampleur ? Serait-ce l\u2019attrait des cam\u00e9ras ? Si les pr\u00e9tendu-e-s \u00ab\u00a0porte-paroles\u00a0\u00bb d\u2019EELV ont tant envie de parler, ils n\u2019ont qu\u2019\u00e0 s\u2019expliquer d\u2019abord sur 3 ans de declarations odieuses \u00e0 notre sujet.<\/p>\n<p style=\"text-align: justify\">De notre c\u00f4t\u00e9, nous n\u2019acceptons pas que celleux qui se dissocient des actes de r\u00e9sistance aux expulsions viennent \u00e0 cette manifestation. Les responsables et figures m\u00e9diatiques d\u2019EELV ne sont pas les bienvenu-e-s \u00e0 nos yeux.<\/p>\n<p style=\"text-align: justify\">PS : \u00e0 tout-e-s les adh\u00e9rent-e-s et sympathisant-e-s d\u2019EELV qui luttent sinc\u00e8rement contre l\u2019a\u00e9roport, vous \u00eates les bienvenu-e-s. Et c\u2019\u00e9tait chouette de partager des moments autour des barricades avec certain-e-s de vous&#8230;<\/p>\n<p style=\"text-align: justify\"><em>Le mouvement d\u2019occupation<\/em><\/p>\n<p style=\"text-align: justify\"><a href=\"http:\/\/zad.nadir.org\/spip.php?article578\" target=\"_blank\"><strong>VERTS DE COL\u00c8RE ou la manif de r\u00e9cup\u00e9ration ?<\/strong><\/a><\/p>\n<p style=\"text-align: justify\">\u00ab C\u2019est compliqu\u00e9&#8230; On est d\u00e9munis, ces ultras sont totalement autonomes, on ne sait pas comment les virer [<a id=\"nh1\" title=\"JP Magnen, Presse Ocean du 14\/09\/11\" href=\"#nb1\" rel=\"footnote\">1<\/a>] \u00bb. Jean Philippe Magnen, \u00ab patron d\u2019EELV 44 \u00bb, participait dans le Presse Oc\u00e9an du 14 septembre 2011 \u00e0 l\u2019op\u00e9ration de stigmatisation m\u00e9diatico-polici\u00e8re des squatteurs, d\u00e9sign\u00e9.e.s par le qualificatif d\u2019inqui\u00e9tants \u00ab ultras \u00bb \u00e0 \u00ab passer au karcher \u00bb [<a id=\"nh2\" title=\"Jacques Auxiette, apr\u00e8s l\u2019attaque de la caravane PS.\" href=\"#nb2\" rel=\"footnote\">2<\/a>], apr\u00e8s une action men\u00e9e contre la caravane des primaires du PS.<\/p>\n<p style=\"text-align: justify\">Aujourd\u2019hui, EELV ne l\u00e9sine pas sur les moyens pour s\u2019afficher comme \u00ab une figure de proue dans le combat politique contre le projet de nouvel a\u00e9roport \u00bb [<a id=\"nh3\" title=\"Presse Oc\u00e9an du 14\/09\/11, \u00e0 propos de JP Magnen (EELV).\" href=\"#nb3\" rel=\"footnote\">3<\/a>]. EELV se prononce d\u00e9sormais \u00ab pour l\u2019arr\u00eat imm\u00e9diat des op\u00e9rations de destructions en cours \u00bb et \u00ab condamn[e] l\u2019\u00e9vacuation de personnes, la destruction de maisons, la d\u00e9gradation de cultures et les atteintes \u00e0 l\u2019environnement \u00bb [<a id=\"nh4\" title=\"30 octobre 2012. Communiqu\u00e9 d\u2019EELV par la voix de leurs porte parole,  Elise (...)\" href=\"#nb4\" rel=\"footnote\">4<\/a>]. Communiqu\u00e9s indign\u00e9s et prises de positions se succ\u00e8dent. Soudainement, EELV boycotte m\u00eame le magazine r\u00e9gional jug\u00e9 trop partial en faveur de l\u2019a\u00e9roport. On lit dans Ouest France [<a id=\"nh5\" title=\"Ouest france du mercredi 31 octobre.\" href=\"#nb5\" rel=\"footnote\">5<\/a>] qu\u2019une quinzaine d\u2019\u00e9lu-e-s verts seraient en ce moment \u00ab sur le terrain \u00bb [<a id=\"nh6\" title=\"Deuxi\u00e8me semaine d\u2019expulsions\" href=\"#nb6\" rel=\"footnote\">6<\/a>], expression lanc\u00e9e comme une formule magique pour s\u2019acheter une nouvelle l\u00e9gitimit\u00e9.<\/p>\n<p style=\"text-align: justify\">\u00ab Les squats de maisons \u00e0 NDDL ne servent pas la lutte des vrais opposants au projet d\u2019a\u00e9roport que sont les agriculteurs, la population [sic] et les politiques [<a id=\"nh7\" title=\"Fran\u00e7ois de Rugy, d\u00e9put\u00e9 \u00e9cologiste de la premi\u00e8re circonscription de la (...)\" href=\"#nb7\" rel=\"footnote\">7<\/a>] \u00bb d\u00e9clarait il y a quelques mois Fran\u00e7ois de Rugy, d\u00e9put\u00e9 EELV de loire atlantique. Apparemment, les expulsions de squats, elles, sont une belle opportunit\u00e9 pour les vautours de tribunes d\u2019Europe Ecologie qui appellent d\u00e9sormais \u00e0 la mobilisation pour la manifestation de r\u00e9occupation \u00e0 l\u2019initiative d\u2019occupant-e-s et de collectifs solidaires8.\u00a0 Les infr\u00e9quentables \u00ab ultras \u00bb d\u2019hier seraient-ils aujourd\u2019hui devenus de \u00ab vrais opposants \u00bb ? Plus probablement ces \u00e9lites ont-elles flair\u00e9 qu\u2019elles pourraient regagner une cr\u00e9dibilit\u00e9 vis \u00e0 vis de leur base, voire faire leur beurre sur la vague de refus qu\u2019ont provoqu\u00e9 les expulsions de squats \u00e0 NDDL.<\/p>\n<p style=\"text-align: justify\">Barbara Pompili, copr\u00e9sidente du groupe \u00e9cologiste \u00e0 l\u2019Assembl\u00e9e nationale, op\u00e8re tout de m\u00eame la dissociation habituelle et n\u00e9cessaire avec ce qui n\u2019est pas r\u00e9cup\u00e9rable [<a id=\"nh8\" title=\"...et organisation de cars \u00e0 60\u20ac la place pour s\u2019y rendre (si on a (...)\" href=\"#nb8\" rel=\"footnote\">8<\/a>]. Ces \u00ab activistes d\u2019extr\u00eame gauche qui sont dans la lutte pour la lutte \u00bb, sont \u00ab minoritaires \u00bb dans ce combat et bien loin des \u00ab vraies questions \u00bb que soul\u00e8vent \u00ab les agriculteurs et expropri\u00e9s (\u2026) vraiment pas extremistes \u00bb. \u00ab Je ne veux pas qu\u2019on caricature les opposants de Notre Dame des Landes simplement en les r\u00e9duisant \u00e0 ces quelques extr\u00e9mistes \u00bb. Dans l\u2019op\u00e9ration de tri selectif dict\u00e9e par les dirigeants d\u2019EELV, les \u00ab mauvais opposants \u00bb sont donc toutes ces personnes qui ont partout, ces dernieres semaines, exprim\u00e9 leur solidarit\u00e9 en ciblant les porteurs du projet. Probablement, ceux que Jacques Auxiette appelle \u00ab les professionnels de la gu\u00e9rilla urbaine \u00bb sont aussi toutes celles et ceux, d\u2019horizons divers, qui se sont rencontr\u00e9-e-s dans ce moment pour faire face avec col\u00e8re \u00e0 la violence d\u2019Etat, en compliquant pendant plus de trois semaines sa t\u00e2che de destruction sur la ZAD.\u00a0 Apr\u00e8s avoir lanc\u00e9 l\u2019offensive de r\u00e9cup\u00e9ration jusqu\u2019au mouvement d\u2019occupation, il s\u2019agit donc de vider ces moments de rage partag\u00e9e largement de leur contenu subversif (qui va au-del\u00e0 de la question de cet a\u00e9roport) pour pouvoir servir les \u00e9troits int\u00e9r\u00eats des partis politiques.<\/p>\n<p style=\"text-align: justify\">\u00ab Je le dis les yeux dans les yeux, l\u2019accord de 2012 avec le PS, s\u2019ils ne lachent pas sur Notre Dame des Landes, ce sera non. \u00bb fanfaronnait C\u00e9cile Duflot \u00e0 l\u2019Universit\u00e9 d\u2019\u00e9t\u00e9 des Verts en aout 2010. C\u00e9cile Duflot est devenue depuis ministre du logement du gouvernement Ayrault, apr\u00e8s que la direction d\u2019EELV ait enterr\u00e9 les sujets de lutte que sont l\u2019EPR et l\u2019A\u00e9oroport du Grand Ouest en \u00e9change de quelques si\u00e8ges au chaud, probablement pour mieux \u00ab changer les choses de l\u2019int\u00e9rieur \u00bb, c\u2019est plus confortable.<\/p>\n<p style=\"text-align: justify\">Dispara\u00eetre, mais aussi apparaitre au moment opportun est probablement l\u2019art premier de la politique, ainsi les t\u00eates d\u2019EELV esp\u00e8rent faire d\u2019une pierre deux coups. En prenant position in extremis et au cas o\u00f9 le projet s\u2019\u00e9croulerait, cela donne du cr\u00e9dit \u00e0 cette pr\u00e9tention d\u2019\u00eatre une force d\u2019opposition \u00e0 l\u2019int\u00e9rieur m\u00eame des innombrables majorit\u00e9s partag\u00e9es avec le PS, \u00e0 tous les niveaux d\u00e9cisionnels qui g\u00e9n\u00e8rent ce projet d\u2019a\u00e9roport. Mais aussi, en interne, cela permet de calmer et de satisfaire sa base militante et \u00e9lectorale la moins frileuse ou carri\u00e9riste. Comme le veut l\u2019usage d\u00e9mocratique, nous ne doutons pas que la base au sein d\u2019EELV ne soit jamais consult\u00e9e avant chacune de ces prises de positions, opportunistes et r\u00e9versibles selon le rapport de force politique du moment. \u00ab Je ne mets pas tout le monde dans le m\u00eame sac \u00bb a d\u00e9clar\u00e9 Barbara Pompili. Nous non plus.<\/p>\n<p style=\"text-align: justify\">Une \u00e9nergie \u00e9norme a \u00e9t\u00e9 d\u00e9ploy\u00e9e dans cette lutte depuis des ann\u00e9es pour cr\u00e9er des liens larges et forts de complicit\u00e9 hors de la sph\u00e8re politicienne, mais sous ses insultes et ses appels \u00e0 la r\u00e9pression.\u00a0 Sans surprise, la force militaire a frapp\u00e9 dur sur le mouvement d\u2019occupation. Sans surprise aussi, mais avec une col\u00e8re forte, nous voyons les strat\u00e9gies politiciennes qui tournent autour de nos t\u00eates, et qui, apr\u00e8s avoir souhait\u00e9 si souvent nous jeter aux ordures, tentent de nous recycler avec profit.\u00a0 Nous affirmons ici notre volont\u00e9 de construire l\u2019unit\u00e9 d\u2019un mouvement horizontal et populaire contre l\u2019a\u00e9roport, et ce en faisant face aux fr\u00e9quentes dissociations officielles d\u2019organisations ou partis politiques inscrits dans cette lutte. Nous reconnaissons les innombrables actes de solidarit\u00e9 exprim\u00e9s comme faisant partie de cette lutte et la nourrissant.\u00a0 Nous n\u2019attendrons pas d\u2019avoir le vent dans le dos et refuserons toujours de nous allier \u00e0 des girouettes. Dirigeant-e-s \u00e9cologistes, votre pr\u00e9sence n\u2019est pas la bienvenue.<\/p>\n<p style=\"text-align: justify\"><em>9 novembre 2012<\/em><em>Hors Pistes un groupe en lutte contre l\u2019a\u00e9roport et son monde issu du mouvement d\u2019occupations<\/em><\/p>\n<p style=\"text-align: justify\">\n","protected":false},"excerpt":{"rendered":"<p>NdPN : Pour rappel, rendez-vous ce soir \u00e0 Poitiers \u00e0 la maison du peuple (rue Ars\u00e8ne Orillard), \u00e0 18H30,\u00a0pour une r\u00e9union d&rsquo;info ! C&rsquo;est plut\u00f4t tranquille sur la ZAD, une AG de pr\u00e9paration de la manif de r\u00e9occupation\u00a0du 17 novembre propose \u00e0 tout le monde, vues les r\u00e9cup\u00e9rations politicardes, d&rsquo;adopter un m\u00eame drapeau. Cette d\u00e9marche &hellip; <a href=\"https:\/\/fa86.noblogs.org\/?p=7014\" class=\"more-link\">Continuer la lecture de <span class=\"screen-reader-text\">[Notre-Dame-des-Landes] Infos 13 novembre &#8211; petites mises au point<\/span> <span class=\"meta-nav\">&rarr;<\/span><\/a><\/p>\n","protected":false},"author":2691,"featured_media":0,"comment_status":"open","ping_status":"open","sticky":false,"template":"","format":"standard","meta":{"footnotes":""},"categories":[18,21,9,12,4],"tags":[],"class_list":["post-7014","post","type-post","status-publish","format-standard","hentry","category-decroissance-libertaire","category-desinformation-bourgeoise","category-la-rue-grogne","category-okupa-y-resiste","category-se-trouver"],"_links":{"self":[{"href":"https:\/\/fa86.noblogs.org\/index.php?rest_route=\/wp\/v2\/posts\/7014","targetHints":{"allow":["GET"]}}],"collection":[{"href":"https:\/\/fa86.noblogs.org\/index.php?rest_route=\/wp\/v2\/posts"}],"about":[{"href":"https:\/\/fa86.noblogs.org\/index.php?rest_route=\/wp\/v2\/types\/post"}],"author":[{"embeddable":true,"href":"https:\/\/fa86.noblogs.org\/index.php?rest_route=\/wp\/v2\/users\/2691"}],"replies":[{"embeddable":true,"href":"https:\/\/fa86.noblogs.org\/index.php?rest_route=%2Fwp%2Fv2%2Fcomments&post=7014"}],"version-history":[{"count":2,"href":"https:\/\/fa86.noblogs.org\/index.php?rest_route=\/wp\/v2\/posts\/7014\/revisions"}],"predecessor-version":[{"id":7016,"href":"https:\/\/fa86.noblogs.org\/index.php?rest_route=\/wp\/v2\/posts\/7014\/revisions\/7016"}],"wp:attachment":[{"href":"https:\/\/fa86.noblogs.org\/index.php?rest_route=%2Fwp%2Fv2%2Fmedia&parent=7014"}],"wp:term":[{"taxonomy":"category","embeddable":true,"href":"https:\/\/fa86.noblogs.org\/index.php?rest_route=%2Fwp%2Fv2%2Fcategories&post=7014"},{"taxonomy":"post_tag","embeddable":true,"href":"https:\/\/fa86.noblogs.org\/index.php?rest_route=%2Fwp%2Fv2%2Ftags&post=7014"}],"curies":[{"name":"wp","href":"https:\/\/api.w.org\/{rel}","templated":true}]}}