{"id":7047,"date":"2012-11-16T10:01:37","date_gmt":"2012-11-16T09:01:37","guid":{"rendered":"http:\/\/fa86.noblogs.org\/?p=7047"},"modified":"2012-11-16T17:11:45","modified_gmt":"2012-11-16T16:11:45","slug":"notre-dame-des-landes-infos-du-16-novembre","status":"publish","type":"post","link":"https:\/\/fa86.noblogs.org\/?p=7047","title":{"rendered":"[Notre-Dame-des-Landes] Infos du 16 novembre"},"content":{"rendered":"<p style=\"text-align: justify\">Le Rosier est expulsable depuis ce matin, mais c&rsquo;est calme sur la ZAD. Calme mais\u00a0actif ! Plein de petites mains s&rsquo;activent \u00e0 la cuisine, \u00e0 des\u00a0travaux sur les lieux, \u00e0 des ateliers de pr\u00e9paration de la manif, etc. (voir <a href=\"http:\/\/zad.nadir.org\/spip.php?article605\" target=\"_blank\"><strong>flash info du jour<\/strong><\/a>).<\/p>\n<p style=\"text-align: justify\"><strong>Mise \u00e0 jour<\/strong> : sur le <a href=\"http:\/\/zad.nadir.org\/spip.php?article605\" target=\"_blank\">fil info du jour<\/a>, une nouvelle est tomb\u00e9e peu\u00a0apr\u00e8s 13H\u00a0: <em>\u00ab\u00a02 personnes qui ont pris part au Collectif idf de lutte contre l\u2019a\u00e9roport et sont partis en action cette nuit sont en Garde \u00e0 Vue depuis 2h du matin. Pour le moment on a peu d\u2019infos : on ne sait pas o\u00f9 ni pourquoi ils sont d\u00e9tenus. Plus d\u2019infos d\u00e8s que possible.\u00a0\u00bb<\/em><\/p>\n<p style=\"text-align: justify\">Pendant ce temps les actions de solidarit\u00e9 vont bon train un peu partout. <em>Squat.net<\/em> fait <a href=\"http:\/\/fr.squat.net\/2012\/11\/16\/france-encore-des-actions-de-solidarite-avec-la-zad\/\" target=\"_blank\"><strong>un topo sur les actions diverses du mois de novembre<\/strong><\/a>. On peut y ajouter <a href=\"http:\/\/anars56.over-blog.org\/article-aeroport-nddl-video-mariage-etat-vinci-vannes-samedi-10-novembre-112509970.html\" target=\"_blank\"><strong>une vid\u00e9o sur le mariage de Monsieur Vinci fait-du-profit\u00a0et de Madame l&rsquo;Etat fran\u00e7ais \u00e0 Vannes<\/strong><\/a>, samedi dernier. Quatre camarades du groupe Lochu (FA) \u00e9taient pr\u00e9sent-e-s.<\/p>\n<p style=\"text-align: justify\">A lire aussi, un article paru sur Reporterre qui nous avait \u00e9chapp\u00e9, \u00e9voquant \u00ab\u00a0<a href=\"http:\/\/reporterre.net\/spip.php?article3448\" target=\"_blank\"><strong>la raison cach\u00e9e de l\u2019int\u00e9r\u00eat de Vinci pour Notre Dame des Landes<\/strong><\/a>\u00ab\u00a0. Cimer aux copains-copines de <a href=\"http:\/\/nidieuxnimaitrenpoitou.over-blog.com\/\" target=\"_blank\">Ni dieu ni maitre in da poitou<\/a> d&rsquo;avoir mis en ligne ! On peut y ajouter un article de Bastamag, sorti aujourd&rsquo;hui, sur <a href=\"http:\/\/www.bastamag.net\/article2770.html\" target=\"_blank\"><strong>les\u00a0a\u00e9roports qui co\u00fbtent chers et ne servent presque \u00e0 rien.<\/strong><\/a><\/p>\n<p style=\"text-align: justify\">A propos de la manif et pour les journalistes qui lisent ce blog (on a cru comprendre que certain-e-s d&rsquo;entre elles et eux lisent\u00a0parfois ce blog histoire de se tenir au jus), un <a href=\"http:\/\/zad.nadir.org\/spip.php?article493\" target=\"_blank\"><strong>petit point info pour elles et eux<\/strong><\/a>.<\/p>\n<p style=\"text-align: justify\">Le Jura libertaire compile <a href=\"https:\/\/juralib.noblogs.org\/2012\/11\/15\/notre-dame-des-landes-presse-police-meme-merde\/\" target=\"_blank\"><strong>deux articles d&rsquo;Acrimed et de Breizh journal, peu flatteurs sur la presse bourgeoise<\/strong><\/a>, sur les d\u00e9sinformations et les mensonges qui ont entour\u00e9 \u00ab\u00a0l&rsquo;agression\u00a0\u00bb du vigile, et les pressions sur les zadistes pour \u00ab\u00a0condamner\u00a0\u00bb ledit \u00e9v\u00e9nement.<\/p>\n<p style=\"text-align: justify\">On notera n\u00e9anmoins un article de Ouest-France (voir ci-dessous)sur la solidarit\u00e9 des zadistes&#8230; balayant toutes les fallacieuses dissociations politicardes, <a href=\"https:\/\/fa86.noblogs.org\/?p=7014\" target=\"_blank\">notamment de t\u00e9nors d&rsquo;EELV<\/a>, entre les \u00ab\u00a0bons\u00a0\u00bb et les \u00ab\u00a0mauvais\u00a0\u00bb opposants au projet d&rsquo;a\u00e9roport.<\/p>\n<p style=\"text-align: justify\"><em><strong>NB<\/strong> : Pas d&rsquo;article sur le blog Pavillon Noir demain, pour cause de d\u00e9placement\u00a0quelque part o\u00f9 l&rsquo;on esp\u00e8re retrouver les lectrices et lecteurs du blog\u00a0!<\/em><\/p>\n<p style=\"text-align: justify\"><em>Pavillon Noir<\/em><\/p>\n<p style=\"text-align: justify\"><a href=\"http:\/\/www.ouest-france.fr\/actu\/actuDet_-Pres-de-Nantes-au-c%C5%93ur-du-bocage-anti-aeroport-_3639-2132323_actu.Htm?xtor=RSS-4\" target=\"_blank\"><strong>Pr\u00e8s de Nantes, au c\u0153ur du bocage anti-a\u00e9roport<\/strong><\/a><\/p>\n<p style=\"text-align: justify\"><a href=\"https:\/\/fa86.noblogs.org\/files\/2012\/11\/SIDE_4121089_1_apx_470_.jpg\"><img loading=\"lazy\" decoding=\"async\" class=\"alignnone size-full wp-image-7048\" src=\"https:\/\/fa86.noblogs.org\/files\/2012\/11\/SIDE_4121089_1_apx_470_.jpg\" alt=\"\" width=\"470\" height=\"293\" srcset=\"https:\/\/fa86.noblogs.org\/files\/2012\/11\/SIDE_4121089_1_apx_470_.jpg 470w, https:\/\/fa86.noblogs.org\/files\/2012\/11\/SIDE_4121089_1_apx_470_-300x187.jpg 300w\" sizes=\"auto, (max-width: 470px) 100vw, 470px\" \/><\/a><\/p>\n<div style=\"text-align: justify\">\n<p><em>Sylvain Fresneau (\u00e0 droite) a mis son hangar agricole \u00e0 disposition des expuls\u00e9s et de ceux qui affrontent les forces de l&rsquo;ordre. Photo : J\u00e9r\u00f4me FOUQUET<\/em><\/p>\n<\/div>\n<p style=\"text-align: justify\"><strong><em>Un mois apr\u00e8s les premi\u00e8res interventions de centaines de gendarmes\u00a0 mobiles et de CRS, on se serre les coudes \u00e0 Notre-Dame-des-Landes.\u00a0 Opposants de longue date \u00e0 l&rsquo;a\u00e9roport, paysans, militants politiques,\u00a0 squatters, pr\u00e9parent une manifestation de r\u00e9occupation de la zone,\u00a0 samedi. Rencontres. <\/em><\/strong><\/p>\n<p style=\"text-align: justify\">Permanence des opposants \u00e0 l&rsquo;a\u00e9roport, devant la mairie de Notre-Dame-des-Landes. Une d\u00e9l\u00e9gation venue de Dinan-Saint-Malo se pr\u00e9sente avec p\u00e2tes, riz, fruits secs, et cr\u00eapes dentelles.<\/p>\n<p style=\"text-align: justify\">Mais Julien Durand et Michel Tarin, paysans retrait\u00e9s et piliers de la contestation, doivent d&rsquo;abord r\u00e9gler une urgence : n\u00e9gocier avec une poign\u00e9e de jeunes. Fra\u00eechement d\u00e9barqu\u00e9s, ceux-ci barrent une route d\u00e9partementale. Pas besoin d&rsquo;en rajouter, alors qu&rsquo;aucune force de l&rsquo;ordre n&rsquo;est signal\u00e9e dans le secteur.<\/p>\n<p style=\"text-align: justify\">Surtout que des riverains expriment leur lassitude. Comme cette jeune femme, qui a appel\u00e9 notre r\u00e9daction, racontant ses difficult\u00e9s quotidiennes de d\u00e9placement, pour cause de routes d\u00e9fonc\u00e9es, de barricades en feu, et de barrages de gendarmerie&#8230;<\/p>\n<p style=\"text-align: justify\">Direction la Vache-Rit, hangar agricole devenu base de vie et centre op\u00e9rationnel des occupants de la ZAD (comprendre <strong>\u00ab zone \u00e0 d\u00e9fendre \u00bb<\/strong>). L&rsquo;ancien docker nazairien Gilles Denigot y a install\u00e9 une grande marmite r\u00e9cup\u00e9r\u00e9e chez un copain charcutier bio. <strong>\u00ab On peut y pr\u00e9parer \u00e0 manger pour 300 personnes. \u00bb<\/strong><\/p>\n<p style=\"text-align: justify\">Expuls\u00e9s des maisons vides qu&rsquo;ils squattaient, d\u00e9log\u00e9s de constructions en bois et en terre, les militants anti-a\u00e9roport viennent ici se r\u00e9chauffer, se nourrir, changer de v\u00eatements avant de repartir harceler gendarmes mobiles et CRS.<\/p>\n<p style=\"text-align: justify\">Une partie du hangar est envahie par des collines de v\u00eatements secs, des for\u00eats de bottes, d\u00e9pos\u00e9s par des soutiens ext\u00e9rieurs. Un couple de Carquefou est venu chercher des v\u00eatements boueux, et les a lav\u00e9s. Plus loin, l&rsquo;espace nourriture. <strong>\u00ab Une fois par semaine j&rsquo;apporte des l\u00e9gumes \u00bb<\/strong>, t\u00e9moigne Th\u00e9r\u00e8se, une retrait\u00e9e de Guenrou\u00ebt.<\/p>\n<p style=\"text-align: justify\">La vache-Rit est sur le terrain de Sylvain Fresneau, 50 ans, cinqui\u00e8me g\u00e9n\u00e9ration de paysans. Son Gaec des Pommiers, 90 vaches laiti\u00e8res, est en cours d&rsquo;expropriation. Le paysan a mis le hangar \u00e0 disposition de ceux qu&rsquo;il appelle <strong>\u00ab les jeunes \u00bb. <\/strong>Il d\u00e9teste le mot <strong>\u00ab squatters \u00bb<\/strong>.<\/p>\n<p style=\"text-align: justify\"><strong>\u00ab Les CRS nous ont rapproch\u00e9s \u00bb<\/strong><\/p>\n<p style=\"text-align: justify\"><strong>\u00ab Sans eux, nous serions rest\u00e9s bien seuls dans la lutte. Les premiers sont arriv\u00e9s il y a trois ans. Des relations se sont nou\u00e9es. On se rend service. Aujourd&rsquo;hui, certains vont m&rsquo;aider \u00e0 collecter les ficelles de bottes de paille et les b\u00e2ches d&rsquo;ensilage. \u00bb <\/strong>Au Liminbout, autre exploitation condamn\u00e9e, Sylvie Th\u00e9bault, exploitante de 46 ans, confirme. Elle avait aid\u00e9<strong> \u00ab les nouveaux habitants \u00bb<\/strong> qui retapaient Les Planchettes, une maison vide, ras\u00e9e mi-octobre. <strong>\u00ab Quand mon mari<\/strong> <strong>a fait la gr\u00e8ve de la faim, ils ont assur\u00e9 la traite du soir \u00bb.<\/strong><\/p>\n<p style=\"text-align: justify\">Alain Bretesch\u00e9, lui, vit \u00e0 la Rolandi\u00e8re depuis vingt ans, dans une maison d\u00e9sormais propri\u00e9t\u00e9 d&rsquo;A\u00e9roports du Grand Ouest. Un sursis, obtenu par les gr\u00e9vistes de la faim du printemps, prot\u00e8ge temporairement le couple de l&rsquo;expulsion. Il a recueilli chez lui une \u00e9ducatrice allemande et ses trois enfants, rest\u00e9s sur zone apr\u00e8s un rassemblement anti-a\u00e9roport.<\/p>\n<p style=\"text-align: justify\">Aux Fosses noires, \u00c9lisabeth, 53 ans, locataire elle aussi b\u00e9n\u00e9ficiaire du sursis, a ouvert ses d\u00e9pendances aux expuls\u00e9s. Damien, 30 ans, y pr\u00e9pare une fourn\u00e9e. Venu <strong>\u00ab lutter contre l&rsquo;a\u00e9roport, et exp\u00e9rimenter un autre mode de vie \u00bb<\/strong>, le boulanger vivait aux 100 Ch\u00eanes. <strong>\u00ab On avait des ruches, un jardin, on \u00e9tait autonomes \u00bb<\/strong>. Il a eu le temps de d\u00e9monter son four avant l&rsquo;arriv\u00e9e des pelleteuses.<\/p>\n<p style=\"text-align: justify\">Camille, jeune mara\u00eecher dipl\u00f4m\u00e9 en environnement, avait \u00e9t\u00e9 install\u00e9 sur le terrain du Sabot par le mouvement international <em>Reclaim the fields <\/em>(R\u00e9cup\u00e9rons les champs). \u00ab<strong> On produisait des l\u00e9gumes pour les occupants de la zone. On nourrissait les antinucl\u00e9aires, et les opposants aux lignes tr\u00e8s haute tension. \u00bb<\/strong> Il ne reste rien du Sabot.<\/p>\n<p style=\"text-align: justify\">Un tracteur passe, la remorque charg\u00e9e de mat\u00e9riaux de r\u00e9cup\u00e9ration. Samedi, les opposants appellent \u00e0 une manifestation dite de <strong>\u00ab r\u00e9occupation \u00bb<\/strong>. Avec en point d&rsquo;orgue la construction d&rsquo;un b\u00e2timent collectif.<\/p>\n<p style=\"text-align: justify\">D&rsquo;autres abris sont d\u00e9ja en construction sur des terres mises \u00e0 disposition par des propri\u00e9taires pas encore expulsables. D\u00e9j\u00e0 \u00e7a trie, d\u00e9pointe, pr\u00e9assemble. Par le pass\u00e9, les occupants de la zone et les opposants historiques ont pu diverger dans leurs strat\u00e9gies. <strong>\u00ab L&rsquo;attaque des CRS a rapproch\u00e9 tout le monde \u00bb<\/strong>, r\u00e9sume Alain Godin, paysan bio de 63 ans, un des pionniers de l&rsquo;opposition \u00e0 l&rsquo;a\u00e9roport.<\/p>\n<p style=\"text-align: justify\"><em>Marc LE DUC, Ouest-France, 13 novembre 2012<\/em><\/p>\n","protected":false},"excerpt":{"rendered":"<p>Le Rosier est expulsable depuis ce matin, mais c&rsquo;est calme sur la ZAD. Calme mais\u00a0actif ! Plein de petites mains s&rsquo;activent \u00e0 la cuisine, \u00e0 des\u00a0travaux sur les lieux, \u00e0 des ateliers de pr\u00e9paration de la manif, etc. (voir flash info du jour). Mise \u00e0 jour : sur le fil info du jour, une nouvelle &hellip; <a href=\"https:\/\/fa86.noblogs.org\/?p=7047\" class=\"more-link\">Continuer la lecture de <span class=\"screen-reader-text\">[Notre-Dame-des-Landes] Infos du 16 novembre<\/span> <span class=\"meta-nav\">&rarr;<\/span><\/a><\/p>\n","protected":false},"author":2691,"featured_media":0,"comment_status":"open","ping_status":"open","sticky":false,"template":"","format":"standard","meta":{"footnotes":""},"categories":[26,18,21,12,16],"tags":[],"class_list":["post-7047","post","type-post","status-publish","format-standard","hentry","category-construction-du-desert","category-decroissance-libertaire","category-desinformation-bourgeoise","category-okupa-y-resiste","category-repression"],"_links":{"self":[{"href":"https:\/\/fa86.noblogs.org\/index.php?rest_route=\/wp\/v2\/posts\/7047","targetHints":{"allow":["GET"]}}],"collection":[{"href":"https:\/\/fa86.noblogs.org\/index.php?rest_route=\/wp\/v2\/posts"}],"about":[{"href":"https:\/\/fa86.noblogs.org\/index.php?rest_route=\/wp\/v2\/types\/post"}],"author":[{"embeddable":true,"href":"https:\/\/fa86.noblogs.org\/index.php?rest_route=\/wp\/v2\/users\/2691"}],"replies":[{"embeddable":true,"href":"https:\/\/fa86.noblogs.org\/index.php?rest_route=%2Fwp%2Fv2%2Fcomments&post=7047"}],"version-history":[{"count":6,"href":"https:\/\/fa86.noblogs.org\/index.php?rest_route=\/wp\/v2\/posts\/7047\/revisions"}],"predecessor-version":[{"id":7050,"href":"https:\/\/fa86.noblogs.org\/index.php?rest_route=\/wp\/v2\/posts\/7047\/revisions\/7050"}],"wp:attachment":[{"href":"https:\/\/fa86.noblogs.org\/index.php?rest_route=%2Fwp%2Fv2%2Fmedia&parent=7047"}],"wp:term":[{"taxonomy":"category","embeddable":true,"href":"https:\/\/fa86.noblogs.org\/index.php?rest_route=%2Fwp%2Fv2%2Fcategories&post=7047"},{"taxonomy":"post_tag","embeddable":true,"href":"https:\/\/fa86.noblogs.org\/index.php?rest_route=%2Fwp%2Fv2%2Ftags&post=7047"}],"curies":[{"name":"wp","href":"https:\/\/api.w.org\/{rel}","templated":true}]}}