{"id":7058,"date":"2012-11-18T10:48:41","date_gmt":"2012-11-18T09:48:41","guid":{"rendered":"http:\/\/fa86.noblogs.org\/?p=7058"},"modified":"2012-11-18T10:59:59","modified_gmt":"2012-11-18T09:59:59","slug":"notre-dame-des-landes-demonstration-de-solidarite-et-de-force-reussie","status":"publish","type":"post","link":"https:\/\/fa86.noblogs.org\/?p=7058","title":{"rendered":"[Notre-Dame-des-Landes] D\u00e9monstration de solidarit\u00e9 et de force r\u00e9ussie"},"content":{"rendered":"<p style=\"text-align: justify\"><strong>D\u00e9monstration de solidarit\u00e9 et de force r\u00e9ussie<\/strong><\/p>\n<p style=\"text-align: justify\">Hier, une \u00e9norme manif de r\u00e9occupation a eu lieu dans le bocage nantais, \u00e0 Notre-Dame-des-Landes, pour combattre le projet de nouvel a\u00e9roport, en partenariat public-priv\u00e9 entre l&rsquo;Etat Ayrault\u00a0et la multinationale Vinci. Cet a\u00e9roport est une gabegie sociale pour les fermier-e-s et habitant-e-s expuls\u00e9-e-s sans qu&rsquo;on leur demande leur avis, \u00a0\u00e9cologique en ce qu&rsquo;il consiste \u00e0 transformer 2000 hectares de bocage humide, plein de biodiversit\u00e9, en horreur b\u00e9tonni\u00e8re o\u00f9 circuleraient des machines massivement productrices de gaz \u00e0 effet de serre. M\u00eame l&rsquo;argument \u00e9conomique ne tient pas,\u00a0car ce projet suppose un transfert massif de fonds publics vers le profit priv\u00e9, et ainsi\u00a0l&rsquo;endettement de l&rsquo;Etat et des collectivit\u00e9s locales, \u00e0 l&rsquo;heure o\u00f9 para\u00eet-il plus un sou ne reste dans les caisses. Mais le gouvernement \u00ab\u00a0socialiste\u00a0\u00bb et \u00ab\u00a0\u00e9cologiste\u00a0\u00bb s&rsquo;acharne \u00e0 maintenir sous perfusion le profit capitaliste, montrant par l\u00e0 combien ce projet sous-tend un mod\u00e8le morbide de soci\u00e9t\u00e9 que nous rejetons.<\/p>\n<p style=\"text-align: justify\">Depuis le 16 octobre de cette ann\u00e9e, un immense dispositif militaire s&rsquo;est ainsi\u00a0d\u00e9ploy\u00e9 sur la zone d&rsquo;am\u00e9nagement diff\u00e9r\u00e9, mais la r\u00e9sistance des habitant-e-s continue face \u00e0 la violence r\u00e9pressive. Les m\u00e9dias bourgeois ont d&rsquo;abord rapport\u00e9 la pr\u00e9sence de 2000 manifestants, avant que la pr\u00e9fecture n&rsquo;\u00e9voque le chiffre non moins farfelu de 13.500. En r\u00e9alit\u00e9, ce furent <strong>40.000 manifestant-e-s<\/strong> et 400 tracteurs qui furent sur place, avec un cort\u00e8ge intarissable sur de nombreuses heures, remplissant un champ entier. Pas de flic en vue, signe de la f\u00e9brilit\u00e9 d&rsquo;un gouvernement qui malgr\u00e9 les fanfaronnades de Hollande, d&rsquo;Ayrault et du pr\u00e9fet, ne peut que constater que cette lutte l\u00e9gitime a l&rsquo;adh\u00e9sion d&rsquo;un\u00a0nombre de plus en plus\u00a0immense de gens.<\/p>\n<p style=\"text-align: justify\">Des prises de parole se sont succ\u00e9d\u00e9es, avec les collectifs de r\u00e9sistance locaux de paysans et d&rsquo;habitant-e-s, mais aussi des interventions solidaires de personnes qui r\u00e9sistent ailleurs, contre d&rsquo;autres grands\u00a0chantiers destructeurs. Tels que la ligne \u00e0 tr\u00e8s haute tension Cotentin-Maine, la ligne \u00e0 grande vitesse Lyon-Turin, le projet minier en Allemagne dans la for\u00eat de Hambach pr\u00e8s de Cologne&#8230; la col\u00e8re y a c\u00f4toy\u00e9 la d\u00e9termination et la joie de nous retrouver fort-e-s, ensemble ! Et la patate pour continuer la lutte partout o\u00f9 nous sommes, contre les m\u00eames logiques de domination et de profit.<\/p>\n<p style=\"text-align: justify\">Des tentes, des cabanes et des maisons se sont \u00e9lev\u00e9es pour succ\u00e9der \u00e0 toutes celles que l&rsquo;Etat et Vinci ont d\u00e9truites, avec l&rsquo;aide de milliers de petites mains. Sans compter les ateliers divers, les cuisines, les orchestres, chorales\u00a0et autres batucadas&#8230;<\/p>\n<p style=\"text-align: justify\">Un grand sentiment de solidarit\u00e9 en actes, o\u00f9 la diversit\u00e9 fourmillante des organisations, formelles et informelles, a su faire taire les petites querelles st\u00e9riles. Les drapeaux \u00e9taient rang\u00e9s, les planches, les marteaux et les clous en action ! Occasion d&rsquo;innombrables bons moments de partages, d&rsquo;organisation concr\u00e8te, de discussions, et d&rsquo;espoir collectif qu&rsquo;aucune des gesticulations sinistres de robots en cravate ou en uniforme ne saurait entamer.<\/p>\n<p style=\"text-align: justify\">La lutte continue, et la F\u00e9d\u00e9ration Anarchiste, \u00e0 sa mesure modeste mais d\u00e9termin\u00e9e,\u00a0continuera de la soutenir par tous les moyens n\u00e9cessaires.<\/p>\n<p style=\"text-align: justify\"><em>Pavillon Noir, 18 novembre 2012<\/em><\/p>\n<p style=\"text-align: justify\"><em><strong>NdPN<\/strong> : on lira sur zad.nadir.org plusieurs textes.<\/em><\/p>\n<p style=\"text-align: justify\"><em>&#8211;<a href=\"http:\/\/zad.nadir.org\/spip.php?article608\" target=\"_blank\">Le flash info du jour relatant cette belle journ\u00e9e<\/a><\/em><\/p>\n<p style=\"text-align: justify\"><em>&#8211;<a href=\"http:\/\/zad.nadir.org\/spip.php?article615\" target=\"_blank\">Un petit r\u00e9cit de la manif de r\u00e9occupation<\/a><\/em><\/p>\n<p style=\"text-align: justify\"><em>&#8211;<a href=\"http:\/\/zad.nadir.org\/spip.php?article614\" target=\"_blank\">Communiqu\u00e9 de presse<\/a><\/em><\/p>\n<p style=\"text-align: justify\"><em>-Une <a href=\"http:\/\/zad.nadir.org\/spip.php?article612\" target=\"_blank\">prise de parole \u00e0 l\u2019arriv\u00e9e de la manif de r\u00e9occup<\/a><\/em><\/p>\n<p style=\"text-align: justify\"><em>&#8211;<a href=\"http:\/\/zad.nadir.org\/spip.php?article609\" target=\"_blank\">Une lettre collective de soutien venue du Mexique<\/a><\/em><\/p>\n","protected":false},"excerpt":{"rendered":"<p>D\u00e9monstration de solidarit\u00e9 et de force r\u00e9ussie Hier, une \u00e9norme manif de r\u00e9occupation a eu lieu dans le bocage nantais, \u00e0 Notre-Dame-des-Landes, pour combattre le projet de nouvel a\u00e9roport, en partenariat public-priv\u00e9 entre l&rsquo;Etat Ayrault\u00a0et la multinationale Vinci. Cet a\u00e9roport est une gabegie sociale pour les fermier-e-s et habitant-e-s expuls\u00e9-e-s sans qu&rsquo;on leur demande leur &hellip; <a href=\"https:\/\/fa86.noblogs.org\/?p=7058\" class=\"more-link\">Continuer la lecture de <span class=\"screen-reader-text\">[Notre-Dame-des-Landes] D\u00e9monstration de solidarit\u00e9 et de force r\u00e9ussie<\/span> <span class=\"meta-nav\">&rarr;<\/span><\/a><\/p>\n","protected":false},"author":2691,"featured_media":0,"comment_status":"open","ping_status":"open","sticky":false,"template":"","format":"standard","meta":{"footnotes":""},"categories":[26,18,12,16,4],"tags":[],"class_list":["post-7058","post","type-post","status-publish","format-standard","hentry","category-construction-du-desert","category-decroissance-libertaire","category-okupa-y-resiste","category-repression","category-se-trouver"],"_links":{"self":[{"href":"https:\/\/fa86.noblogs.org\/index.php?rest_route=\/wp\/v2\/posts\/7058","targetHints":{"allow":["GET"]}}],"collection":[{"href":"https:\/\/fa86.noblogs.org\/index.php?rest_route=\/wp\/v2\/posts"}],"about":[{"href":"https:\/\/fa86.noblogs.org\/index.php?rest_route=\/wp\/v2\/types\/post"}],"author":[{"embeddable":true,"href":"https:\/\/fa86.noblogs.org\/index.php?rest_route=\/wp\/v2\/users\/2691"}],"replies":[{"embeddable":true,"href":"https:\/\/fa86.noblogs.org\/index.php?rest_route=%2Fwp%2Fv2%2Fcomments&post=7058"}],"version-history":[{"count":5,"href":"https:\/\/fa86.noblogs.org\/index.php?rest_route=\/wp\/v2\/posts\/7058\/revisions"}],"predecessor-version":[{"id":7060,"href":"https:\/\/fa86.noblogs.org\/index.php?rest_route=\/wp\/v2\/posts\/7058\/revisions\/7060"}],"wp:attachment":[{"href":"https:\/\/fa86.noblogs.org\/index.php?rest_route=%2Fwp%2Fv2%2Fmedia&parent=7058"}],"wp:term":[{"taxonomy":"category","embeddable":true,"href":"https:\/\/fa86.noblogs.org\/index.php?rest_route=%2Fwp%2Fv2%2Fcategories&post=7058"},{"taxonomy":"post_tag","embeddable":true,"href":"https:\/\/fa86.noblogs.org\/index.php?rest_route=%2Fwp%2Fv2%2Ftags&post=7058"}],"curies":[{"name":"wp","href":"https:\/\/api.w.org\/{rel}","templated":true}]}}