{"id":7118,"date":"2012-11-21T10:03:33","date_gmt":"2012-11-21T09:03:33","guid":{"rendered":"http:\/\/fa86.noblogs.org\/?p=7118"},"modified":"2012-11-21T10:16:51","modified_gmt":"2012-11-21T09:16:51","slug":"poitiers-rassemblement-contre-les-integristes","status":"publish","type":"post","link":"https:\/\/fa86.noblogs.org\/?p=7118","title":{"rendered":"[Poitiers] Rassemblement r\u00e9ussi contre les int\u00e9gristes"},"content":{"rendered":"<p style=\"text-align: justify\">Hier soir la pi\u00e8ce \u00ab\u00a0\u2009Sur le concept du visage du Fils de Dieu\u2009\u00a0\u00bb <a href=\"http:\/\/www.lanouvellerepublique.fr\/Vienne\/Actualite\/24-Heures\/n\/Contenus\/Articles\/2012\/11\/21\/Une-piece-de-theatre-sous-haute-surveillance\" target=\"_blank\">a pu se jouer au TAP<\/a> (th\u00e9\u00e2tre-auditorium de Poitiers), malgr\u00e9 la menace d&rsquo;une intervention d&rsquo;int\u00e9gristes et de fachos r\u00e9clamant son annulation.<\/p>\n<p style=\"text-align: justify\">Face \u00e0 cette menace, qui a d\u00e9j\u00e0 frapp\u00e9 (parfois violemment) d&rsquo;autres repr\u00e9sentations ailleurs, un rassemblement militant antifasciste a eu lieu pour affirmer la libert\u00e9 de cr\u00e9ation et d&rsquo;expression contre l&rsquo;int\u00e9grisme religieux. Les flics qui \u00e9taient aussi\u00a0l\u00e0 en nombre pour filtrer les entr\u00e9es, ont emp\u00each\u00e9 les antifascistes d&rsquo;approcher ; un m\u00e9gaphone a m\u00eame \u00e9t\u00e9 confisqu\u00e9.<\/p>\n<p style=\"text-align: justify\">Il \u00e9tait politiquement hors de question pour les antifascistes de laisser traiter le probl\u00e8me par les flics ou la mairie. Et de fait, la pr\u00e9sence nombreuse d&rsquo;antifascistes a\u00a0d\u00fb faire changer d&rsquo;avis les petits fachos et les int\u00e9gristes&#8230; 80 cathos se sont regroup\u00e9s, \u00e0 l&rsquo;appel de l&rsquo;association Jeanne d&rsquo;Arc,\u00a0\u00e0 <a href=\"http:\/\/www.lanouvellerepublique.fr\/Vienne\/Actualite\/24-Heures\/n\/Contenus\/Articles\/2012\/11\/21\/Une-veillee-contre-le-blaspheme\" target=\"_blank\">une \u00ab\u00a0veill\u00e9e de r\u00e9paration contre le blasph\u00e8me\u00a0\u00bb<\/a>, \u00e0 la chapelle de la Fraternit\u00e9 de la transfiguration, rue Jean-Jaur\u00e8s. Ils se regrouperont de nouveau ce soir pour leur petite pri\u00e8re de \u00ab\u00a0r\u00e9paration\u00a0\u00bb, \u00e0 l&rsquo;occasion de la seconde et derni\u00e8re repr\u00e9sentation de la pi\u00e8ce. Qu&rsquo;ils \u00ab\u00a0r\u00e9parent\u00a0\u00bb dans leur petit atelier de bondieuseries obscurantistes, pas de souci ! Restons n\u00e9anmoins vigilant-e-s pour ce soir, un nouveau rassemblement antifasciste est appel\u00e9 pour 17H30 devant le TAP.<\/p>\n<p style=\"text-align: justify\">Samedi, un rassemblement pour le droit \u00e0 l&rsquo;avortement et contre l&rsquo;obscurantisme int\u00e9griste aura aussi lieu d\u00e8s 13H30, devant le parvis de Notre-Dame, contre la pri\u00e8re annuelle de rue\u00a0des int\u00e9gristes anti-IVG de \u00ab\u00a0SOS tout-petits\u00a0\u00bb.<\/p>\n<p style=\"text-align: justify\">La rue de Poitiers n&rsquo;appartient ni aux fachos ni aux fanatiques religieux censeurs sexistes et homophobes, et nous continuerons de l&rsquo;occuper !<\/p>\n<p style=\"text-align: justify\"><em>Pavillon Noir<\/em><\/p>\n","protected":false},"excerpt":{"rendered":"<p>Hier soir la pi\u00e8ce \u00ab\u00a0\u2009Sur le concept du visage du Fils de Dieu\u2009\u00a0\u00bb a pu se jouer au TAP (th\u00e9\u00e2tre-auditorium de Poitiers), malgr\u00e9 la menace d&rsquo;une intervention d&rsquo;int\u00e9gristes et de fachos r\u00e9clamant son annulation. Face \u00e0 cette menace, qui a d\u00e9j\u00e0 frapp\u00e9 (parfois violemment) d&rsquo;autres repr\u00e9sentations ailleurs, un rassemblement militant antifasciste a eu lieu pour &hellip; <a href=\"https:\/\/fa86.noblogs.org\/?p=7118\" class=\"more-link\">Continuer la lecture de <span class=\"screen-reader-text\">[Poitiers] Rassemblement r\u00e9ussi contre les int\u00e9gristes<\/span> <span class=\"meta-nav\">&rarr;<\/span><\/a><\/p>\n","protected":false},"author":2691,"featured_media":0,"comment_status":"open","ping_status":"open","sticky":false,"template":"","format":"standard","meta":{"footnotes":""},"categories":[9,6,24,4],"tags":[],"class_list":["post-7118","post","type-post","status-publish","format-standard","hentry","category-la-rue-grogne","category-paf-le-faf","category-riposte-athee","category-se-trouver"],"_links":{"self":[{"href":"https:\/\/fa86.noblogs.org\/index.php?rest_route=\/wp\/v2\/posts\/7118","targetHints":{"allow":["GET"]}}],"collection":[{"href":"https:\/\/fa86.noblogs.org\/index.php?rest_route=\/wp\/v2\/posts"}],"about":[{"href":"https:\/\/fa86.noblogs.org\/index.php?rest_route=\/wp\/v2\/types\/post"}],"author":[{"embeddable":true,"href":"https:\/\/fa86.noblogs.org\/index.php?rest_route=\/wp\/v2\/users\/2691"}],"replies":[{"embeddable":true,"href":"https:\/\/fa86.noblogs.org\/index.php?rest_route=%2Fwp%2Fv2%2Fcomments&post=7118"}],"version-history":[{"count":10,"href":"https:\/\/fa86.noblogs.org\/index.php?rest_route=\/wp\/v2\/posts\/7118\/revisions"}],"predecessor-version":[{"id":7121,"href":"https:\/\/fa86.noblogs.org\/index.php?rest_route=\/wp\/v2\/posts\/7118\/revisions\/7121"}],"wp:attachment":[{"href":"https:\/\/fa86.noblogs.org\/index.php?rest_route=%2Fwp%2Fv2%2Fmedia&parent=7118"}],"wp:term":[{"taxonomy":"category","embeddable":true,"href":"https:\/\/fa86.noblogs.org\/index.php?rest_route=%2Fwp%2Fv2%2Fcategories&post=7118"},{"taxonomy":"post_tag","embeddable":true,"href":"https:\/\/fa86.noblogs.org\/index.php?rest_route=%2Fwp%2Fv2%2Ftags&post=7118"}],"curies":[{"name":"wp","href":"https:\/\/api.w.org\/{rel}","templated":true}]}}