{"id":7146,"date":"2012-11-22T09:24:29","date_gmt":"2012-11-22T08:24:29","guid":{"rendered":"http:\/\/fa86.noblogs.org\/?p=7146"},"modified":"2012-11-22T09:24:29","modified_gmt":"2012-11-22T08:24:29","slug":"le-monde-libertaire-n-1688-du-22-au-28-novembre-2012%e2%80%8f","status":"publish","type":"post","link":"https:\/\/fa86.noblogs.org\/?p=7146","title":{"rendered":"Le Monde Libertaire N\u00b0 1688 du 22 au 28 Novembre 2012\u200f"},"content":{"rendered":"<p style=\"text-align: justify\"><em><strong>NdPN<\/strong> : Le Monde Libertaire N\u00b01688 sort aujourd&rsquo;hui en kiosques. Un exemplaire en sera d\u00e9pos\u00e9 pour consultation au Biblio-caf\u00e9 (rue de la Cath\u00e9drale, Poitiers), et une vente \u00e0 prix libre assur\u00e9e samedi de 11h \u00e0 12h devant le parvis de Notre-Dame. Comme d&rsquo;hab, trois articles sont d&rsquo;ores et d\u00e9j\u00e0 en consultation sur le site du ML (voir liens ci-dessous). Bonne lecture !<\/em><\/p>\n<p style=\"text-align: justify\"><strong>Le Monde Libertaire\u00a0N\u00b0 1688 du 22 au 28 Novembre 2012<\/strong><\/p>\n<p style=\"text-align: justify\"><a href=\"https:\/\/fa86.noblogs.org\/files\/2012\/11\/ml.jpg\"><img loading=\"lazy\" decoding=\"async\" class=\"alignnone size-full wp-image-7147\" src=\"https:\/\/fa86.noblogs.org\/files\/2012\/11\/ml.jpg\" alt=\"\" width=\"400\" height=\"556\" srcset=\"https:\/\/fa86.noblogs.org\/files\/2012\/11\/ml.jpg 400w, https:\/\/fa86.noblogs.org\/files\/2012\/11\/ml-215x300.jpg 215w\" sizes=\"auto, (max-width: 400px) 100vw, 400px\" \/><\/a><\/p>\n<p style=\"text-align: justify\"><em>\u00abIl a toujours \u00e9t\u00e9 dans la nature d\u2019un chef d\u2019\u00e9tendre son pouvoir sur ce qui ne lui r\u00e9siste pas. \u00bb Thucydide<\/em><\/p>\n<p style=\"text-align: justify\"><strong>Sommaire du Monde Libertaire\u00a0n\u00b0 1688 du 22 au 28 Novembre 2012<\/strong><\/p>\n<p style=\"text-align: justify\"><strong>Actualit\u00e9<\/strong><\/p>\n<p style=\"text-align: justify\"><a href=\"http:\/\/www.monde-libertaire.fr\/france\/16016-linegale-journee-du-14-novembre\" target=\"_blank\">Dans la rue ce 14 novembre, par Fabrice, page 3<\/a><\/p>\n<p style=\"text-align: justify\">Gr\u00e8ve solidaire avec les Turcs, page 4<\/p>\n<p style=\"text-align: justify\"><a href=\"http:\/\/www.monde-libertaire.fr\/international\/16018-la-greve-ignore-les-frontieres\" target=\"_blank\">Les Espagnols, debout contre l\u2019aust\u00e9rit\u00e9, par R. Pino, page 5<\/a><\/p>\n<p style=\"text-align: justify\">La m\u00e9t\u00e9o syndicale, par J.-P. Germain, page 6<\/p>\n<p style=\"text-align: justify\"><a href=\"http:\/\/www.monde-libertaire.fr\/anticapitalisme\/16017-70-000euros-par-an-et-dissonance-cognitive\" target=\"_blank\">Un beaufre d\u00e9complex\u00e9, par N. Potkine, page 7<\/a><\/p>\n<p style=\"text-align: justify\">La Chronique n\u00e9phr\u00e9tique, de Rodkol, page 8<\/p>\n<p style=\"text-align: justify\">Maudits salaires ! par P. Mignard, page 9<\/p>\n<p style=\"text-align: justify\"><strong>Arguments<\/strong><\/p>\n<p style=\"text-align: justify\">Les ficelles de l\u2019\u00e9conomie, par E. Vilain, page 11<\/p>\n<p style=\"text-align: justify\">Phalanst\u00e8res du Gard, par Philippe, page 12<\/p>\n<p style=\"text-align: justify\"><strong>International<\/strong><\/p>\n<p style=\"text-align: justify\">\u00c9chos de la Conf\u00e9rence libertaire de Porto, par Jean-Louis, page 14<\/p>\n<p style=\"text-align: justify\">Judith Butler et Isra\u00ebl, par P. Sommermeyer, page 15<\/p>\n<p style=\"text-align: justify\"><strong>Expressions<\/strong><\/p>\n<p style=\"text-align: justify\">Un n\u00e9gationniste bien d\u2019chez nous par J. Segal, page 17<\/p>\n<p style=\"text-align: justify\">Ermo, sa BD de la guerre d\u2019Espagne par Juanito, page 20<\/p>\n<p style=\"text-align: justify\">Une cam\u00e9ra dans le couloir de la mort, par H. Hurst, page 21<\/p>\n<p style=\"text-align: justify\"><strong>Mouvement<\/strong><\/p>\n<p style=\"text-align: justify\">Mouvement et Radio sans dieu ni ma\u00eetre, page 22<\/p>\n<p style=\"text-align: justify\">Pour faire son tour de chien, page 23<\/p>\n<p style=\"text-align: justify\"><strong>Dessinateurs<\/strong><\/p>\n<p style=\"text-align: justify\">Aurelio, Krokagas, La Salamandre, Bruno Loth, Nemo, Slo, Val\u00e8re.<\/p>\n<p style=\"text-align: justify\"><strong>Editorial du Monde Libertaire\u00a0n\u00b0 1688 du 22 au 28 Novembre 2012<\/strong><\/p>\n<p style=\"text-align: justify\">Il y a des enterrements qui courent vite. Celui d\u2019Ahmed al-Jaabari, leader militaire du sinistre Hamas palestinien, s\u2019est fait au pas de charge. On voudrait vous y voir, avec des drones au cul\u2026 al-Jaabari, donc, a \u00e9t\u00e9 assassin\u00e9. Par des voyous au coin d\u2019un bois ? Non. Enfin, oui, mais pas au coin d\u2019un bois. Il a \u00e9t\u00e9 proprement d\u00e9truit, avec son v\u00e9hicule, lui et quiconque avait eu la maladresse de l\u2019accompagner, par un drone militaire isra\u00e9lien. Quant au voyou, il \u00e9tait bien au chaud un peu plus loin, puisque les drones sont des avions sans pilote embarqu\u00e9, mais pas sans personne aux manettes. Bien au chaud dans son uniforme. Bien au chaud sous son sup\u00e9rieur et le sup\u00e9rieur de son sup\u00e9rieur. Assassin\u00e9, donc, al-Jaabari l\u2019a \u00e9t\u00e9 de la mani\u00e8re la plus officielle par l\u2019arm\u00e9e de l\u2019\u00c9tat d\u2019Isra\u00ebl. Un meurtre d\u2019\u00c9tat, pr\u00e9m\u00e9dit\u00e9 et accompli froidement, puis officiellement revendiqu\u00e9 et d\u00e9fendu, par le gouvernement d\u00e9mocratiquement \u00e9lu. Isra\u00ebl est une d\u00e9mocratie. Un petit bout d\u2019Occident en forme de porte-avions au milieu de l\u2019Orient. Un point focal du pr\u00e9tendu \u00ab choc des civilisations \u00bb. Un \u00c9tat qui pratique le terrorisme au nom de la lutte contre le terrorisme. \u00c0 l\u2019heure o\u00f9 nous mettons sous presse, au pr\u00e9texte de cet homicide par lui perp\u00e9tr\u00e9, Isra\u00ebl a d\u00e9j\u00e0 bombard\u00e9 des centaines de maisons, tuant et mutilant encore, et concentre des forces pour une attaque terrestre. La haine de l\u2019autre et le racisme poussent sur le fumier de la guerre. D\u2019autres enterrements tra\u00eenent la patte. \u00c0 Paris, et en g\u00e9n\u00e9ral en France, peu de monde pour d\u00e9noncer les politiques d\u2019aust\u00e9rit\u00e9. En Europe, m\u00eame en Gr\u00e8ce, flop aussi. Sauf en Espagne. Les travailleurs et les ch\u00f4meurs ib\u00e9riques sont, au plan de la lutte de classe, bien plus comp\u00e9titifs que leurs fr\u00e8res du continent. C\u2019est sans doute pour \u00e7a que les agences de notation, les banques et les dirigeants de l\u2019Union europ\u00e9enne ne les aiment pas. Les Espagnols, \u00e9cras\u00e9s par l\u2019offensive concert\u00e9e du capital, ont massivement r\u00e9pondu \u00e0 l\u2019appel pour la journ\u00e9e d\u2019action du 14 novembre. Mais les journ\u00e9es d\u2019action, m\u00eame suivies et combatives, ne suffisent pas \u00e0 faire reculer le pouvoir : il faut la gr\u00e8ve, les blocages, l\u2019action directe. Pour imposer durablement une autre r\u00e9partition des richesses qui toutes naissent du travail : des organisations p\u00e9rennes et libres du mouvement ouvrier. Et, pour mettre fin \u00e0 cette lutte incessante pour g\u00e9rer l\u2019in\u00e9galit\u00e9, une belle et bonne r\u00e9volution sociale. \u00a0<em>\u200f<\/em><\/p>\n","protected":false},"excerpt":{"rendered":"<p>NdPN : Le Monde Libertaire N\u00b01688 sort aujourd&rsquo;hui en kiosques. Un exemplaire en sera d\u00e9pos\u00e9 pour consultation au Biblio-caf\u00e9 (rue de la Cath\u00e9drale, Poitiers), et une vente \u00e0 prix libre assur\u00e9e samedi de 11h \u00e0 12h devant le parvis de Notre-Dame. Comme d&rsquo;hab, trois articles sont d&rsquo;ores et d\u00e9j\u00e0 en consultation sur le site du &hellip; <a href=\"https:\/\/fa86.noblogs.org\/?p=7146\" class=\"more-link\">Continuer la lecture de <span class=\"screen-reader-text\">Le Monde Libertaire N\u00b0 1688 du 22 au 28 Novembre 2012\u200f<\/span> <span class=\"meta-nav\">&rarr;<\/span><\/a><\/p>\n","protected":false},"author":2691,"featured_media":0,"comment_status":"open","ping_status":"open","sticky":false,"template":"","format":"standard","meta":{"footnotes":""},"categories":[1],"tags":[],"class_list":["post-7146","post","type-post","status-publish","format-standard","hentry","category-general"],"_links":{"self":[{"href":"https:\/\/fa86.noblogs.org\/index.php?rest_route=\/wp\/v2\/posts\/7146","targetHints":{"allow":["GET"]}}],"collection":[{"href":"https:\/\/fa86.noblogs.org\/index.php?rest_route=\/wp\/v2\/posts"}],"about":[{"href":"https:\/\/fa86.noblogs.org\/index.php?rest_route=\/wp\/v2\/types\/post"}],"author":[{"embeddable":true,"href":"https:\/\/fa86.noblogs.org\/index.php?rest_route=\/wp\/v2\/users\/2691"}],"replies":[{"embeddable":true,"href":"https:\/\/fa86.noblogs.org\/index.php?rest_route=%2Fwp%2Fv2%2Fcomments&post=7146"}],"version-history":[{"count":2,"href":"https:\/\/fa86.noblogs.org\/index.php?rest_route=\/wp\/v2\/posts\/7146\/revisions"}],"predecessor-version":[{"id":7149,"href":"https:\/\/fa86.noblogs.org\/index.php?rest_route=\/wp\/v2\/posts\/7146\/revisions\/7149"}],"wp:attachment":[{"href":"https:\/\/fa86.noblogs.org\/index.php?rest_route=%2Fwp%2Fv2%2Fmedia&parent=7146"}],"wp:term":[{"taxonomy":"category","embeddable":true,"href":"https:\/\/fa86.noblogs.org\/index.php?rest_route=%2Fwp%2Fv2%2Fcategories&post=7146"},{"taxonomy":"post_tag","embeddable":true,"href":"https:\/\/fa86.noblogs.org\/index.php?rest_route=%2Fwp%2Fv2%2Ftags&post=7146"}],"curies":[{"name":"wp","href":"https:\/\/api.w.org\/{rel}","templated":true}]}}