{"id":7153,"date":"2012-11-22T10:11:10","date_gmt":"2012-11-22T09:11:10","guid":{"rendered":"http:\/\/fa86.noblogs.org\/?p=7153"},"modified":"2012-11-22T10:11:10","modified_gmt":"2012-11-22T09:11:10","slug":"notre-dame-des-landes-infos-du-22-novembre","status":"publish","type":"post","link":"https:\/\/fa86.noblogs.org\/?p=7153","title":{"rendered":"[Notre-Dame-des-Landes] Infos du 22 novembre"},"content":{"rendered":"<p style=\"text-align: justify\">Hier une petite frayeur avec <a href=\"http:\/\/lutteaeroportnddl.com\/2012\/11\/21\/les-forces-militaires-sont-sur-la-zad-appel-a-venir-resister-contre-leur-venue-a-10h56\/\" target=\"_blank\">une visite des forces de l&rsquo;ordre aux barricades du Farouezt<\/a>, finalement reparties. Journ\u00e9e calme pour l&rsquo;instant, voir <a href=\"http:\/\/zad.nadir.org\/spip.php?article650\" target=\"_blank\">le flash info du jour<\/a>. On y apprend <a href=\"http:\/\/www.leparisien.fr\/nantes-44000\/notre-dame-des-landes-ayrault-reaffirme-que-l-aeroport-se-fera-21-11-2012-2342323.php\" target=\"_blank\">qu&rsquo;Ayrault a r\u00e9affirm\u00e9 que l&rsquo;a\u00e9roport se ferait<\/a>, dans une interview \u00e0 Paris Match \u00e0 para\u00eetre aujourd&rsquo;hui. Les habitant-e-s du Rosier, dont les acc\u00e8s routiers sont barricad\u00e9s,\u00a0ont publi\u00e9 <a href=\"http:\/\/zad.nadir.org\/spip.php?article588\" target=\"_blank\">un communiqu\u00e9<\/a>.<\/p>\n<p style=\"text-align: justify\">Pour rappel, <a href=\"http:\/\/zad.nadir.org\/spip.php?article645\" target=\"_blank\">une AG aura lieu \u00e0 Nantes <\/a>au B17 ( boulevard Bellamy) le mardi 27 novembre \u00e0 19h30, \u00ab\u00a0<em>pour faire le bilan de l\u2019organisation de la manif du 17, et discuter des perspectives &#8230; : de futures rencontres entre les comit\u00e9s qui se sont cr\u00e9\u00e9s, le r\u00f4le et le devenir de cette AG, &#8230; L\u2019AG du mardi suivant (4 d\u00e9cembre) sera consacr\u00e9e \u00e0 l\u2019utilisation et au fonctionnement collectif des lieux construits pendant la manif.\u00a0\u00bb<\/em><\/p>\n<p style=\"text-align: justify\">Une nouvelle page s&rsquo;ouvre sur zad.nadir.org, pour accueillir <a href=\"http:\/\/zad.nadir.org\/spip.php?article652\" target=\"_blank\">les messages de solidarit\u00e9<\/a> \u00e0 partir d&rsquo;aujourd&rsquo;hui.<\/p>\n<p style=\"text-align: justify\"><a href=\"https:\/\/juralib.noblogs.org\/2012\/11\/20\/notre-dame-des-landesjura-la-ou-vinci-passe-la-vie-trepasse\/\" target=\"_blank\">Action de solidarit\u00e9 des paysans de la Conf\u00e9d\u00e9ration paysanne \u00e0 Lons-le-Saunier, dans le Jura<\/a>. Ils ont investi les locaux du PS pour y d\u00e9poser pierres et gravats, et y faire un demi-mur, et menacent d&rsquo;y revenir avec du b\u00e9ton ! <a href=\"https:\/\/www.youtube.com\/watch?v=lccTlocMQzw\" target=\"_blank\">Vid\u00e9o ici<\/a>.<\/p>\n<p style=\"text-align: justify\">On finira avec <a href=\"http:\/\/www.bastamag.net\/article2781.html\" target=\"_blank\">un article de Bastamag <\/a>sur la r\u00e9sistance \u00e0 Notre-Dame-des-Landes.<\/p>\n","protected":false},"excerpt":{"rendered":"<p>Hier une petite frayeur avec une visite des forces de l&rsquo;ordre aux barricades du Farouezt, finalement reparties. Journ\u00e9e calme pour l&rsquo;instant, voir le flash info du jour. On y apprend qu&rsquo;Ayrault a r\u00e9affirm\u00e9 que l&rsquo;a\u00e9roport se ferait, dans une interview \u00e0 Paris Match \u00e0 para\u00eetre aujourd&rsquo;hui. Les habitant-e-s du Rosier, dont les acc\u00e8s routiers sont &hellip; <a href=\"https:\/\/fa86.noblogs.org\/?p=7153\" class=\"more-link\">Continuer la lecture de <span class=\"screen-reader-text\">[Notre-Dame-des-Landes] Infos du 22 novembre<\/span> <span class=\"meta-nav\">&rarr;<\/span><\/a><\/p>\n","protected":false},"author":2691,"featured_media":0,"comment_status":"open","ping_status":"open","sticky":false,"template":"","format":"standard","meta":{"footnotes":""},"categories":[26,18,21,12,4],"tags":[],"class_list":["post-7153","post","type-post","status-publish","format-standard","hentry","category-construction-du-desert","category-decroissance-libertaire","category-desinformation-bourgeoise","category-okupa-y-resiste","category-se-trouver"],"_links":{"self":[{"href":"https:\/\/fa86.noblogs.org\/index.php?rest_route=\/wp\/v2\/posts\/7153","targetHints":{"allow":["GET"]}}],"collection":[{"href":"https:\/\/fa86.noblogs.org\/index.php?rest_route=\/wp\/v2\/posts"}],"about":[{"href":"https:\/\/fa86.noblogs.org\/index.php?rest_route=\/wp\/v2\/types\/post"}],"author":[{"embeddable":true,"href":"https:\/\/fa86.noblogs.org\/index.php?rest_route=\/wp\/v2\/users\/2691"}],"replies":[{"embeddable":true,"href":"https:\/\/fa86.noblogs.org\/index.php?rest_route=%2Fwp%2Fv2%2Fcomments&post=7153"}],"version-history":[{"count":2,"href":"https:\/\/fa86.noblogs.org\/index.php?rest_route=\/wp\/v2\/posts\/7153\/revisions"}],"predecessor-version":[{"id":7155,"href":"https:\/\/fa86.noblogs.org\/index.php?rest_route=\/wp\/v2\/posts\/7153\/revisions\/7155"}],"wp:attachment":[{"href":"https:\/\/fa86.noblogs.org\/index.php?rest_route=%2Fwp%2Fv2%2Fmedia&parent=7153"}],"wp:term":[{"taxonomy":"category","embeddable":true,"href":"https:\/\/fa86.noblogs.org\/index.php?rest_route=%2Fwp%2Fv2%2Fcategories&post=7153"},{"taxonomy":"post_tag","embeddable":true,"href":"https:\/\/fa86.noblogs.org\/index.php?rest_route=%2Fwp%2Fv2%2Ftags&post=7153"}],"curies":[{"name":"wp","href":"https:\/\/api.w.org\/{rel}","templated":true}]}}