{"id":7278,"date":"2012-11-27T12:23:30","date_gmt":"2012-11-27T11:23:30","guid":{"rendered":"http:\/\/fa86.noblogs.org\/?p=7278"},"modified":"2012-11-27T19:11:20","modified_gmt":"2012-11-27T18:11:20","slug":"notre-dame-des-landes-infos-du-27-novembre","status":"publish","type":"post","link":"https:\/\/fa86.noblogs.org\/?p=7278","title":{"rendered":"[Notre-Dame-des-Landes] Infos du 27 novembre"},"content":{"rendered":"<p style=\"text-align: justify\"><strong>Important : un\u00a0Appel aux rencontres inter-comit\u00e9s locaux des 15 et 16 d\u00e9cembre, <a href=\"http:\/\/zad.nadir.org\/spip.php?article674\" target=\"_blank\">\u00e0 lire ici<\/a>.<\/strong><\/p>\n<p style=\"text-align: justify\">Apr\u00e8s les deux interventions en direct de la ZAD d&rsquo;hier pendant la centi\u00e8me \u00e9mission <em>Trous noirs<\/em>, sur <a href=\"rl.federation-anarchiste.org\/\" target=\"_blank\">Radio Libertaire<\/a>\u00a0(radio de la FA), d\u00e9di\u00e9e aux r\u00e9sistants sur place :\u00a0une nouvelle intervention aujourd&rsquo;hui dans <em>Voix de l&rsquo;anarchisme international<\/em>, de 14H30 \u00e0 16H, pour donner des nouvelles de l&rsquo;assembl\u00e9e g\u00e9n\u00e9rale qui s&rsquo;est d\u00e9roul\u00e9e hier soir sur la ZAD.<\/p>\n<p style=\"text-align: justify\">Pour autres sons et radios, <a href=\"http:\/\/zad.nadir.org\/spip.php?article394\" target=\"_blank\">divers liens ici<\/a>. Les vid\u00e9os <a href=\"http:\/\/zad.nadir.org\/spip.php?article510\" target=\"_blank\">c&rsquo;est par l\u00e0<\/a>.<\/p>\n<p style=\"text-align: justify\">Des <a href=\"http:\/\/zad.nadir.org\/spip.php?article442\" target=\"_blank\">chansons de la ZAD <\/a>ici !<\/p>\n<p style=\"text-align: justify\">Rapport \u00e0 l&rsquo;op\u00e9ration C\u00e9sar ? ATTAC a fait <a href=\"http:\/\/www.france.attac.org\/articles\/comme-asterix-en-son-temps-la-zad-resiste-nddl\" target=\"_blank\">un petit dessin sur la ZAD <\/a>d\u00e9tournant Ast\u00e9rix.<\/p>\n<p style=\"text-align: justify\">Un salari\u00e9 a refus\u00e9 de continuer \u00e0 d\u00e9truire les maisons de ZAD et a \u00e9t\u00e9 aussit\u00f4t licenci\u00e9 (samedi), un robocop\u00a0 a coll\u00e9 un autocollant \u00ab\u00a0NON \u00e0 l\u2019a\u00e9roport\u00a0\u00bb avant de d\u00e9missionner, red\u00e9couvrant ainsi l&rsquo;humain qui r\u00e9sistait en lui (hier)&#8230; <strong>mise \u00e0 jour : Correction : Nous avions annonc\u00e9 qu\u2019un gendarme avait rendu son uniforme, il s\u2019agirait plut\u00f4t d\u2019une d\u00e9formation du bouche \u00e0 oreille, celui-ci n\u2019aurait fait que demander (et re\u00e7evoir) un badge de l\u2019ACIPA <a href=\"http:\/\/www.rue89.com\/sites\/news\/files\/styles\/asset_img_full\/public\/assets\/image\/2012\/11\/rennestv_0.png\" target=\"_blank\">dont on peut voir la photo ici<\/a>. Par contre, <a href=\"http:\/\/www.rue89.com\/2012\/11\/27\/meme-les-crs-en-ont-marre-de-notre-dame-des-landes-237383\" target=\"_blank\">\u00e7a commence \u00e0 s\u2019\u00e9nerver chez les flics<\/a>.<\/strong><\/p>\n<p style=\"text-align: justify\">Et sinon, <a href=\"http:\/\/lutteaeroportnddl.com\/2012\/11\/27\/notre-dame-des-landes-a-toutestous-cellesceux-qui-hesitent-a-venir-sur-la-zad-en-soutien-a-la-resistance-suivi-de-petites-precisions-sur-le-mouvement-libertaire\/\" target=\"_blank\">une mise au point <\/a>par des libertaires de la ZAD.<\/p>\n<p style=\"text-align: justify\">Mise \u00e0 jour : <a href=\"http:\/\/www.bastamag.net\/article2797.html\" target=\"_blank\">un article sur Bastamag<\/a>.<\/p>\n<p style=\"text-align: justify\">Et voici le d\u00e9tail du fil info du jour (mis \u00e0 jour) :<\/p>\n<p style=\"text-align: justify\"><em><a href=\"http:\/\/zad.nadir.org\/spip.php?article693\" target=\"_blank\"><strong>Fil d\u2019infos mardi 27<\/strong><\/a>\u00a0(sur Zad.nadir.org)<\/em><\/p>\n<p><img loading=\"lazy\" decoding=\"async\" src=\"local\/cache-vignettes\/L8xH11\/puce-32883.gif\" alt=\"-\" width=\"8\" height=\"11\" \/> 18h20 : les barricades nord vers le Rosier a \u00e9t\u00e9 envl\u00e9v\u00e9 \u00ab\u00a0en doucer\u00a0\u00bb. On joue le jeu, n\u2019est pas&#8230;.<\/p>\n<p><img loading=\"lazy\" decoding=\"async\" src=\"local\/cache-vignettes\/L8xH11\/puce-32883.gif\" alt=\"-\" width=\"8\" height=\"11\" \/> 17h : les barricades \u00e0 proximit\u00e9 de (feu le) Rosier sont attaqu\u00e9es. On n\u2019a pas beaucoup d\u2019infos mais y\u2019a des gens l\u00e0-bas.<\/p>\n<p><img loading=\"lazy\" decoding=\"async\" src=\"local\/cache-vignettes\/L8xH11\/puce-32883.gif\" alt=\"-\" width=\"8\" height=\"11\" \/> 16h25 : 8 fourgons de GM arrivent au Limimbout depuis l\u2019ouest<\/p>\n<p>Pour se changer les id\u00e9es (hi hi !), quelques dessins du 24 novembre <a href=\"http:\/\/thomasdessine.canalblog.com\/archives\/2012\/11\/26\/25675261.html\" rel=\"external\">ici<\/a>. Merci au dessinateur !<\/p>\n<p><img loading=\"lazy\" decoding=\"async\" src=\"local\/cache-vignettes\/L8xH11\/puce-32883.gif\" alt=\"-\" width=\"8\" height=\"11\" \/> 16h : flics au niveau de la barricade est sur le chemin de Suez, apparemment offensifs<\/p>\n<p><img loading=\"lazy\" decoding=\"async\" src=\"local\/cache-vignettes\/L8xH11\/puce-32883.gif\" alt=\"-\" width=\"8\" height=\"11\" \/> 15h45 : 9 fourgons de GM depuis le Temple en direction ch\u00eane des Perri\u00e8res<\/p>\n<p><img loading=\"lazy\" decoding=\"async\" src=\"local\/cache-vignettes\/L8xH11\/puce-32883.gif\" alt=\"-\" width=\"8\" height=\"11\" \/> 15h30 : la barricade ouest du chemin de Suez est attaqu\u00e9e<\/p>\n<p><img loading=\"lazy\" decoding=\"async\" src=\"local\/cache-vignettes\/L8xH11\/puce-32883.gif\" alt=\"-\" width=\"8\" height=\"11\" \/> 15h20 : au sujet des 4 personnes arr\u00eat\u00e9es hier, elles sont a priori toujours en garde \u00e0 vue et on n\u2019a des nouvelles que de l\u2019une d\u2019entre elles<\/p>\n<p><strong>IDEE SOUMISE<\/strong> (on rigole bien, vous \u00eates tou-te-s aussi dingues que nous !) : Dans le Finist\u00e8re pr\u00e8s de Morlaix, \u00e0 Plougasnou Le Diben o\u00f9 la communaut\u00e9 de communes envisage de faire une marina \u00e0 30 millions d\u2019euros, notre groupe \u00ab Les Irr\u00e9ductibles de Morlaix \u00bb est solidaire des r\u00e9sistants de la ZAD. Certains sont sur place. En support, nous avons lanc\u00e9 \u00e0 travers les r\u00e9seaux sociaux l\u2019op\u00e9ration \u00ab\u00a0On s\u2019appelle tous Camille\u00a0\u00bb. L\u2019op\u00e9ration consiste \u00e0 ajouter le mot Camille \u00e0 son pr\u00e9nom en solidarit\u00e9 avec les Zadistes qui ont pris le pr\u00e9nom Camille pour faire obstruction aux contr\u00f4les d\u2019identit\u00e9 des \u00ab\u00a0bleus\u00a0\u00bb<a href=\"https:\/\/www.facebook.com\/groups\/168998326576640\/\" rel=\"external\">https:\/\/www.facebook.com\/groups\/168998326576640\/<\/a><\/p>\n<p><img loading=\"lazy\" decoding=\"async\" src=\"local\/cache-vignettes\/L8xH11\/puce-32883.gif\" alt=\"-\" width=\"8\" height=\"11\" \/> 15h : ce sont maintenant plut\u00f4t 70 flics qui sont dans la for\u00eat<\/p>\n<p><img loading=\"lazy\" decoding=\"async\" src=\"local\/cache-vignettes\/L8xH11\/puce-32883.gif\" alt=\"-\" width=\"8\" height=\"11\" \/> 14h45 : une cinquantaine de gendarmes entrent \u00e0 pied dans la for\u00eat de Rohanne. On nous pr\u00e9tend qu\u2019ils ne sont ici que pour d\u00e9truire des barricades au Rosier puis partir, mais en fait on a bien l\u2019impression qu\u2019ils cherchent \u00e0 savoir si \u00e7a reconstruit dans la for\u00eat &#8230;<\/p>\n<p><img loading=\"lazy\" decoding=\"async\" src=\"local\/cache-vignettes\/L8xH11\/puce-32883.gif\" alt=\"-\" width=\"8\" height=\"11\" \/> 14h19 : la pr\u00e9fecture a appell\u00e9 des amiEs de la coordination pour prevenir qu\u2019ils sont en train de venir pour enlever des barricades autour de Rosier et ne pas pour attaquer aux cabanes de \u00ab\u00a0Chat Teigne\u00a0\u00bb !! Ca nous faites un peut rire qu\u2019ils pr\u00e9viens maintenant avant venir \ud83d\ude00 Par contre, on se demande pourquoi il appel pas des occupantes, par example sur le telephone de presse ? LEs essayes de semer la division comme \u00e7a est plut\u00f4t ridicule&#8230;.<\/p>\n<p>DEMANDE : si jamais quelqu\u2019unE est a Nantes pour le B17 ou autre chose, on aimerai bien plusieurs documents imprim\u00e9 pour le lieu d\u2019acceuil sur le campement : notamment des cartes de la zone, voir <a href=\"http:\/\/nsa31.casimages.com\/img\/2012\/11\/20\/121120100608936631.png\" rel=\"external\">ici<\/a>,\u00a0 le texte d\u00e9taill\u00e9 <a href=\"spip.php?article599\">que faire en cas d\u2019interpellation<\/a><\/p>\n<p><img loading=\"lazy\" decoding=\"async\" src=\"local\/cache-vignettes\/L8xH11\/puce-32883.gif\" alt=\"-\" width=\"8\" height=\"11\" \/> 13h59 : deux binomes de flics se baladent sur la route de Fosses noires, decomplex\u00e9es. Signalisation de plusieurs fourgons vers la 4\/4 \u00e0 Vigneux de Bretagne<\/p>\n<p><img loading=\"lazy\" decoding=\"async\" src=\"local\/cache-vignettes\/L8xH11\/puce-32883.gif\" alt=\"-\" width=\"8\" height=\"11\" \/> 12h34 : Plus de flics au carrefour du Moulin de Rohanne&#8230;<\/p>\n<p style=\"text-align: justify\"><em>11h14 : 2 camions de Gendarmes mobiles arrivent aux barricades au nord du Farouezt (entr\u00e9e du chemin de Pimky)&#8230; Un petit point plus large sur les positions des flicspour les gens interress\u00e9s : 1camion au carrefour Fosses Noires\/Route de Fay, un autre sur les Fosses Noires au niveau de la S\u00e8cherie. \u00c0 l\u2019ouest, des GM sur la route du Rosier \u00e0 la hauteur de l\u2019entr\u00e9e du Rosier (paix \u00e0 ses pierres) ; des mobiles aussi sur la moiti\u00e9 est du chemin de Suez et au carrefour du moulin de Rohanne ; d\u2019autres d\u00e9ploy\u00e9s \u00e0 pied dans la pertie sud-est de la Lande de Rohanne et enfin un h\u00e9lico pour couvrir le tout.<\/em><\/p>\n<p style=\"text-align: justify\"><em>10h10 : l\u2019h\u00e9lico tourne<\/em><\/p>\n<p style=\"text-align: justify\"><em>08h13 : Des infos l\u00e9gales sur les consructions qui ont \u00e9t\u00e9 faites suite \u00e0 la manif de r\u00e9occupation dans la chata\u00eegneraie : AGO a d\u00e9pos\u00e9 planite pour construction ill\u00e9gale selon le code de l\u2019urbanisme. La convocation pour le jugement aura lieu le 4 d\u00e9cembre, ils ne devraient donc pas pouvoir d\u00e9truire ces cabanes au moins jusqu\u2019\u00e0 cette date&#8230;<\/em><\/p>\n<p style=\"text-align: justify\"><em>07h15 : La barricade \u00e0 l\u2019est de la Ch\u00e2taigneraie (au niveau de St Antoine) est enflam\u00e9e avec des flics stationnaires \u00e0 100m en face. Les bleus se mettent en place sur la route des fosses Noires, le Carrefour du Moulin de Rohanne et le chemin de Suez (une douzaine de camoins)<\/em><\/p>\n<p style=\"text-align: justify\"><em>07h48 : Tout semble calme sur la zone, si ce n\u2019est la pr\u00e9sence d\u2019au moins 2 camions de flics au carrefour du Moulin de Rohanne&#8230; c\u2019est triste \u00e0 dire mais \u00e7a devient la norme dans le coin.<\/em><\/p>\n<p style=\"text-align: justify\"><em>01h25 : Aux derni\u00e8res nouvelles, plus de flics sur le chemin de suez, mais ils sont toujours post\u00e9s au carrefour du moulin de Rohanne avec 3 projecteurs<\/em><\/p>\n<p style=\"text-align: justify\"><em>01h :\u00a0 Il y a une bonne demi-heure, une douzaine de camions de flics, une machine et un groupe de GM \u00e0 pied ont \u00e9t\u00e9 vus sur le chemin de Suez se dirigeant vers la Ch\u00e2taigneraie<\/em><\/p>\n<p style=\"text-align: justify\"><em>***<\/em><\/p>\n<p style=\"text-align: justify\">Tous les collectifs de soutien <a href=\"http:\/\/zad.nadir.org\/spip.php?article452\" target=\"_blank\"><strong>ici<\/strong><\/a>. Actions de solidarit\u00e9 d\u00e9centralis\u00e9es depuis le 12 novembre <a href=\"http:\/\/zad.nadir.org\/spip.php?article604\" target=\"_blank\"><strong>ici<\/strong><\/a>. Communiqu\u00e9s de soutien <a href=\"http:\/\/zad.nadir.org\/spip.php?article383\" target=\"_blank\"><strong>ici<\/strong><\/a>. R\u00e9cits et nouvelles des actions d\u2019ailleurs depuis le 23 novembre, \u00e0 voir\u00a0<a href=\"http:\/\/zad.nadir.org\/spip.php?article665\" target=\"_blank\"><strong>ici<\/strong><\/a>.<\/p>\n<p style=\"text-align: justify\">Un communiqu\u00e9 re\u00e7u par mail :<\/p>\n<p style=\"text-align: justify\"><em><span style=\"font-family: Calibri, sans-serif\"><span style=\"font-size: medium\"><strong>A propos de la lutte anti a\u00e9roport en Charente-Maritime &#8230;<\/strong><\/span><\/span><\/em><\/p>\n<p style=\"text-align: justify\"><em>Depuis\u00a0 le d\u00e9but des expulsions \u00e0 NDDL, on assiste \u00e0 de nombreuses tentatives\u00a0 de r\u00e9cup\u00e9ration, en g\u00e9n\u00e9rale assez affligeantes, de la part de divers\u00a0 groupes politiques de gauche dont certains participent au gouvernement.<\/em><\/p>\n<p style=\"text-align: justify\"><em>Ainsi,\u00a0 en Charente-Maritime, un comit\u00e9 d\u00e9partemental de soutien \u00e0 l\u2019ACIPA\u00a0 s\u2019est cr\u00e9\u00e9. Nous rappelons que l\u2019ACIPA (Association Citoyenne\u00a0 Intercommunale des Populations concern\u00e9es par le projet d\u2019A\u00e9roport)\u00a0 n\u2019est qu\u2019une des composantes de l\u2019opposition au projet d\u2019a\u00e9roport et que\u00a0 les expulsions qui ont eu lieu ces derni\u00e8res semaines concernent avant\u00a0 tout les occupants dits ill\u00e9gaux (bien que l\u2019ACIPA les soutiennent).\u00a0 Nous nous permettons donc de nous \u00e9tonner que ce comit\u00e9 ne soit pas un\u00a0 comit\u00e9 de soutien \u00e0 la ZAD et \u00e0 tous ces habitants.<\/em><\/p>\n<p style=\"text-align: justify\"><em>Apr\u00e8s\u00a0 avoir inform\u00e9 la population rochelaise et rochefortaise par des\u00a0 distributions de tracts sur les march\u00e9s et des collages d\u2019affiches, nous\u00a0 avons organis\u00e9 une soir\u00e9e d\u2019information, le 10 novembre, \u00e0 la Rochelle,\u00a0 avec projection de deux courts-m\u00e9trages sur la lutte et les expulsions\u00a0 en cours. Une quarantaine de personnes de tous \u00e2ges et tous horizons\u00a0 politiques \u00e9taient pr\u00e9sentes. Des contacts ont \u00e9t\u00e9 \u00e9chang\u00e9s et un\u00a0 covoiturage a \u00e9t\u00e9 organis\u00e9 pour la manifestation de r\u00e9occupation du 17\u00a0 novembre.<\/em><\/p>\n<p style=\"text-align: justify\"><em>Vendredi\u00a0 dernier (le 23 novembre), devant la violence des nouvelles op\u00e9rations\u00a0 polici\u00e8res \u00e0 NDDL, nous avons d\u00e9cid\u00e9 d\u2019organiser un rassemblement \u00e0 18\u00a0 heures devant la Mairie de la Rochelle. Rassemblement auquel une\u00a0 cinquantaine de personnes ont particip\u00e9 en respectant la demande que\u00a0 nous avions formul\u00e9e ; ne pas apporter le drapeau de son parti\u00a0 politique. Lors de ce rassemblement festif et bruyant, la cour de\u00a0 l\u2019H\u00f4tel de Ville a \u00e9t\u00e9 investie, et Maxime Bono (maire de la Rochelle) a\u00a0 \u00e9t\u00e9 oblig\u00e9 de descendre de son bureau pour nous rencontrer. Suite \u00e0 une\u00a0 discussion entre les diff\u00e9rentes personnes pr\u00e9sentes \u00e0 ce rassemblement\u00a0 (auquel il n\u2019y avait pas de journaliste), il a \u00e9t\u00e9 d\u00e9cid\u00e9 de se\u00a0 rassembler \u00e0 nouveau, le lendemain matin \u00e0 9 heures, dans le but d\u2019agir,\u00a0 soit \u00e0 l\u2019encontre d\u2019un parking Vinci, soit \u00e0 l\u2019encontre du d\u00e9put\u00e9\u00a0 Falorni (exclu du PS mais fervent soutien d\u2019Hollande).<\/em><\/p>\n<p style=\"text-align: justify\"><em>Malheureusement,\u00a0 le lendemain matin, le rassemblement avait une toute autre forme. Les\u00a0 opposants qui avaient manifest\u00e9 col\u00e8re et enthousiasme la veille\u00a0 n\u2019\u00e9tait, pour la plupart, plus pr\u00e9sents et une dizaine de personnes du\u00a0 comit\u00e9 d\u00e9partemental de soutien \u00e0 l\u2019ACIPA arboraient badges et drapeaux\u00a0 EELV et Parti de Gauche.<\/em><\/p>\n<p style=\"text-align: justify\"><em>Diplomates,\u00a0 nous renon\u00e7ons \u00e0 leur signaler que leurs drapeaux n\u2019\u00e9taient pas les\u00a0 bienvenus dans ces rassemblements et leurs proposons d\u2019aller occuper la\u00a0 permanence du d\u00e9put\u00e9 Falorni, de mani\u00e8re festive et bruyante. Cette\u00a0 permanence \u00e9tant situ\u00e9e \u00e0 c\u00f4t\u00e9 du march\u00e9, nous y voyons une occasion de\u00a0 d\u2019informer des gens et d\u2019engager une discussion avec les promeneurs du\u00a0 samedi matin.<\/em><\/p>\n<p style=\"text-align: justify\"><em>Proposition\u00a0 \u00e0 laquelle il nous a \u00e9t\u00e9 r\u00e9pondu que notre seul but \u00e9tait de\u00a0 radicaliser le mouvement pour le d\u00e9cr\u00e9dibiliser. De quel mouvement\u00a0 parlons-nous ? De celui que les Verts et le Parti de Gauche ont boud\u00e9\u00a0 pendant des ann\u00e9es, allant m\u00eame jusqu\u2019\u00e0 publier des communiqu\u00e9s contre\u00a0 les \u00ab squatteurs \u00bb et les \u00ab anarcho-autonomes \u00bb pr\u00e9sents sur le site ?\u00a0 Mais o\u00f9 \u00e9taient toutes ces personnes qui pr\u00e9tendent que nous\u00a0 d\u00e9cr\u00e9dibilisons le mouvement pendant que des centaines d\u2019opposants se\u00a0 faisaient expulser, matraquer, gazer, et d\u00e9truire leurs maisons ? Le\u00a0 fait que les \u00e9colos rochelais aient mis une ou deux fois les pieds \u00e0\u00a0 NDDL en plusieurs ann\u00e9es de lutte active sur le terrain leur permet-il\u00a0 d\u2019affirmer qu\u2019une occupation festive d\u00e9cr\u00e9dibiliserait le mouvement ? Ou\u00a0 serait-ce plut\u00f4t leur collaboration au pouvoir en place qui les\u00a0 pousseraient \u00e0 emp\u00eacher que ce genre d\u2019action se mette en place ?\u00a0 EELV\u00a0 participe au gouvernement, le Parti de Gauche a de nombreux \u00e9lus, et les\u00a0 si\u00e8ges qu\u2019ils occupent dans les Assembl\u00e9es et les Conseils Municipaux\u00a0 montrent bien qu\u2019ils ne peuvent ni ne veulent s\u2019opposer r\u00e9ellement au\u00a0 pouvoir socialiste et \u00e0 ses agissements, m\u00eame lorsque ses agissements\u00a0 sont violents, ill\u00e9gaux et dignes d\u2019un \u00e9tat totalitaire.<\/em><\/p>\n<p style=\"text-align: justify\"><em>Ainsi,\u00a0 les bureaucrates de gauche et les staliniens ont encore gagn\u00e9. Ils ont\u00a0 r\u00e9ussi \u00e0 faire capoter un d\u00e9but d\u2019initiative collective et spontan\u00e9e \u00e0\u00a0 la Rochelle, ils ont r\u00e9ussi \u00e0 emp\u00eacher l\u2019occupation de la permanence de\u00a0 leur copain Falorni, ils ont m\u00eame r\u00e9ussi \u00e0 obtenir la reconnaissance de\u00a0 la presse locale qui affirme ce matin que c\u2019est eux qui organisaient ce\u00a0 rassemblement que \u00ab d&rsquo;autres manifestants vinrent se m\u00ealer \u00e0 eux, non\u00a0 pas pour crier de concert contre le futur a\u00e9roport nantais mais pour\u00a0 dire leur \u00e9c\u0153urement face \u00e0 ce type de manifestation \u00bb (Sud Ouest,\u00a0 26\/11\/12).<\/em><\/p>\n<p style=\"text-align: justify\"><em>Cet\u00a0 incident, montre, une fois de plus, la rupture entre les opposants \u00e0\u00a0 l\u2019a\u00e9roport et son monde et les politiciens \u00e9cologistes et m\u00e9lenchonistes\u00a0 qui se f\u00e9licitent de la cr\u00e9ation d\u2019une commission de dialogue et\u00a0 cherchent, comme toujours, un compromis, un moyen de \u00ab calmer le jeu \u00bb.<\/em><\/p>\n<p style=\"text-align: justify\"><em>Il\u00a0 n\u2019y a rien \u00e0 n\u00e9gocier, il n\u2019y rien \u00e0 attendre de ceux qui nous\u00a0 construisent ce monde. C\u2019est pourquoi nous appelons \u00e0 la cr\u00e9ation d\u2019un\u00a0 comit\u00e9 de lutte contre l\u2019a\u00e9roport et son monde, en Charente-Maritime.\u00a0 Comit\u00e9 qui sera ind\u00e9pendant des partis politiques institutionnels mais\u00a0 o\u00f9 seront les bienvenus tous les individus (encart\u00e9s ou non) qui sont\u00a0 encore capables de penser en tant qu\u2019individus. Nous vous invitons donc \u00e0 une r\u00e9union, mercredi 28 novembre \u00e0 19 heures, salle 207 du Palais des Congr\u00e8s de Rochefort.<\/em><\/p>\n<p style=\"text-align: justify\"><em>Des opposants \u00e0 l\u2019a\u00e9roport et son monde<\/em><\/p>\n<p style=\"text-align: justify\"><em>(<a href=\"mailto:solidaritezad17@laposte.net\">solidaritezad17@laposte.net<\/a>)<\/em><\/p>\n<p style=\"text-align: justify\">Sur Nantes, <a href=\"http:\/\/nantes.indymedia.org\/article\/26685\" target=\"_blank\"><strong>quelques RDV qui ont lieu dans la semaine<\/strong>\u00a0<\/a>:<\/p>\n<p>&#8211; Mardi 27\/11, \u00e0 19h30 \u00e0 B17 : AG d&rsquo;apr\u00e8s manif de r\u00e9occuppation (<a title=\"https:\/\/nantes.indymedia.org\/article\/26663\" href=\"https:\/\/nantes.indymedia.org\/article\/26663\">https:\/\/nantes.indymedia.org\/article\/26663<\/a>)<\/p>\n<p>&#8211; Mercredi 28\/11, \u00e0 19h face \u00e0 la pr\u00e9fecture : rassemblement contre l&rsquo;a\u00e9roport et en soutien \u00e0 la ZAD<\/p>\n<p>&#8211; Jeudi 29\/11, \u00e0 19h30 \u00e0 B17 : AG autour de l&rsquo;a\u00e9roport et du d\u00e9veloppement de la m\u00e9tropole (<a title=\"https:\/\/nantes.indymedia.org\/article\/26661\" href=\"https:\/\/nantes.indymedia.org\/article\/26661\">https:\/\/nantes.indymedia.org\/article\/26661<\/a>)<\/p>\n<p>&#8211; Vendredi 30\/11 \u00e0 19h face \u00e0 la pr\u00e9fecture : rassemblement contre l&rsquo;a\u00e9roport et en soutien \u00e0 la ZAD<\/p>\n","protected":false},"excerpt":{"rendered":"<p>Important : un\u00a0Appel aux rencontres inter-comit\u00e9s locaux des 15 et 16 d\u00e9cembre, \u00e0 lire ici. Apr\u00e8s les deux interventions en direct de la ZAD d&rsquo;hier pendant la centi\u00e8me \u00e9mission Trous noirs, sur Radio Libertaire\u00a0(radio de la FA), d\u00e9di\u00e9e aux r\u00e9sistants sur place :\u00a0une nouvelle intervention aujourd&rsquo;hui dans Voix de l&rsquo;anarchisme international, de 14H30 \u00e0 16H, &hellip; <a href=\"https:\/\/fa86.noblogs.org\/?p=7278\" class=\"more-link\">Continuer la lecture de <span class=\"screen-reader-text\">[Notre-Dame-des-Landes] Infos du 27 novembre<\/span> <span class=\"meta-nav\">&rarr;<\/span><\/a><\/p>\n","protected":false},"author":2691,"featured_media":0,"comment_status":"open","ping_status":"open","sticky":false,"template":"","format":"standard","meta":{"footnotes":""},"categories":[1],"tags":[],"class_list":["post-7278","post","type-post","status-publish","format-standard","hentry","category-general"],"_links":{"self":[{"href":"https:\/\/fa86.noblogs.org\/index.php?rest_route=\/wp\/v2\/posts\/7278","targetHints":{"allow":["GET"]}}],"collection":[{"href":"https:\/\/fa86.noblogs.org\/index.php?rest_route=\/wp\/v2\/posts"}],"about":[{"href":"https:\/\/fa86.noblogs.org\/index.php?rest_route=\/wp\/v2\/types\/post"}],"author":[{"embeddable":true,"href":"https:\/\/fa86.noblogs.org\/index.php?rest_route=\/wp\/v2\/users\/2691"}],"replies":[{"embeddable":true,"href":"https:\/\/fa86.noblogs.org\/index.php?rest_route=%2Fwp%2Fv2%2Fcomments&post=7278"}],"version-history":[{"count":9,"href":"https:\/\/fa86.noblogs.org\/index.php?rest_route=\/wp\/v2\/posts\/7278\/revisions"}],"predecessor-version":[{"id":7280,"href":"https:\/\/fa86.noblogs.org\/index.php?rest_route=\/wp\/v2\/posts\/7278\/revisions\/7280"}],"wp:attachment":[{"href":"https:\/\/fa86.noblogs.org\/index.php?rest_route=%2Fwp%2Fv2%2Fmedia&parent=7278"}],"wp:term":[{"taxonomy":"category","embeddable":true,"href":"https:\/\/fa86.noblogs.org\/index.php?rest_route=%2Fwp%2Fv2%2Fcategories&post=7278"},{"taxonomy":"post_tag","embeddable":true,"href":"https:\/\/fa86.noblogs.org\/index.php?rest_route=%2Fwp%2Fv2%2Ftags&post=7278"}],"curies":[{"name":"wp","href":"https:\/\/api.w.org\/{rel}","templated":true}]}}