{"id":7326,"date":"2012-11-29T18:25:25","date_gmt":"2012-11-29T17:25:25","guid":{"rendered":"http:\/\/fa86.noblogs.org\/?p=7326"},"modified":"2012-11-29T18:25:25","modified_gmt":"2012-11-29T17:25:25","slug":"notre-dame-des-landes-la-repression-sintensifie-le-mouvement-samplifie","status":"publish","type":"post","link":"https:\/\/fa86.noblogs.org\/?p=7326","title":{"rendered":"Notre-Dame-des-Landes : la r\u00e9pression s&rsquo;intensifie, le mouvement s&rsquo;amplifie !"},"content":{"rendered":"<p style=\"text-align: justify\" align=\"JUSTIFY\"><strong>Notre-Dame-des-Landes\u00a0: la r\u00e9pression s&rsquo;intensifie, le mouvement s&rsquo;amplifie\u00a0!<\/strong><\/p>\n<p style=\"text-align: justify\" align=\"JUSTIFY\">La manif du 17\/11 contre le projet d&rsquo;a\u00e9roport \u00e0 Notre-Dame-des-Landes (44) a rassembl\u00e9 40.000 personnes. Depuis sur la ZAD (zone \u00e0 d\u00e9fendre), ce sont (re)constructions de cabanes dans les arbres, nouveaux b\u00e2timents \u00e0 la Ch\u00e2taigneraie et tout plein d&rsquo;ateliers qui vont bon train. L&rsquo;auto-organisation se renforce\u00a0!<\/p>\n<p style=\"text-align: justify\" align=\"JUSTIFY\">Le 23 novembre, 500 forces de \u00ab\u00a0l&rsquo;ordre\u00a0\u00bb et machines de destruction lancent un nouvel assaut. D\u00e9molition du Rosier (1er lieu occup\u00e9) et de cabanes sylvestres. R\u00e9sistance imm\u00e9diate sur place, avec manifestants et barricades. Mais la r\u00e9pression frappe \u00e0 coups de matraques et de tirs (souvent tendus) de flashballs, lacrymos et grenades assourdissantes. On compte depuis ce jour une centaine de bless\u00e9s, parfois graves, avec \u00e9clats de grenades dans le corps, l\u00e9sions externes et internes, surdit\u00e9 brutale, fractures, h\u00e9morragies&#8230; des barrages de police ont retard\u00e9 des \u00e9vacuations pour hospitalisation.<\/p>\n<p style=\"text-align: justify\" align=\"JUSTIFY\">La \u00ab\u00a0justice\u00a0\u00bb condamne les r\u00e9sistants \u00e0 tour de bras, suite aux arrestations diverses. Le 26 novembre, 5 personnes sont arr\u00eat\u00e9es par des flics d\u00e9guis\u00e9s et infiltr\u00e9s sur une barricade. Deux jours apr\u00e8s, comparution imm\u00e9diate et lourdes peines\u00a0: une personne prend 10 mois dont 5 fermes avec mandat de d\u00e9p\u00f4t et interdiction de s\u00e9jour en Loire-Atlantique. Arrestations aussi chez des soutiens ailleurs en France, dont 80 \u00e0 Paris lors d&rsquo;une manif. Alors m\u00eame que \u00ab\u00a0droit\u00a0\u00bb et recours juridiques sont\u00a0 bafou\u00e9s par l&rsquo;Etat sur la ZAD, ce qui montre une fois de plus que la \u00ab\u00a0justice\u00a0\u00bb est un instrument \u00e0 sens unique au profit de l&rsquo;Etat et de la bourgeoisie.<\/p>\n<p style=\"text-align: justify\" align=\"JUSTIFY\">Sur place, c&rsquo;est l&rsquo;unit\u00e9 qui pr\u00e9vaut dans la diversit\u00e9 tactique, la r\u00e9sistance continue et s&rsquo;enracine. Malgr\u00e9 les entourloupes du gouvernement Ayrault, qui annonce une\u00a0 \u00ab\u00a0commission de dialogue\u00a0\u00bb le soir du 24 novembre&#8230; en m\u00eame temps qu&rsquo;un nouvel assaut policier est lanc\u00e9\u00a0! Les \u00ab\u00a0\u00e9colos\u00a0\u00bb d&rsquo;EELV se \u00ab\u00a0f\u00e9licitent\u00a0\u00bb de cette annonce, tentant ainsi de justifier leur pr\u00e9sence au gouvernement&#8230; alors que de toute fa\u00e7on \u00ab\u00a0l&rsquo;a\u00e9roport se fera\u00a0\u00bb, dixit Vallaud-Belkacem, porte-parole du gouvernement. Valls parle de \u00ab\u00a0kyste\u00a0\u00bb, Ayrault d&rsquo; \u00ab\u00a0anarcho-autonomes\u00a0casseurs\u00a0\u00bb. Ces tentatives de dissocier \u00ab\u00a0bons\u00a0\u00bb et \u00ab\u00a0mauvais\u00a0\u00bb manifestants rappellent d&rsquo;ailleurs les propos \u00ab\u00a0d&rsquo;\u00e9colos\u00a0\u00bb d&rsquo;EELV (De Rugy, Magnen, Pompili) d\u00e9non\u00e7ant les \u00ab\u00a0squatteurs\u00a0\u00bb, les \u00ab\u00a0ultras\u00a0\u00bb \u00e0 \u00ab\u00a0virer\u00a0\u00bb, les \u00ab\u00a0extr\u00e9mistes\u00a0\u00bb.<\/p>\n<p style=\"text-align: justify\" align=\"JUSTIFY\">Dans de nombreuses villes, d\u00e8s le 23 novembre on compte une cinquantaine de rassemblements de soutien, \u00e0 Rennes la pr\u00e9fecture est encercl\u00e9e, \u00e0 Saint-Affrique (Aveyron) la mairie PS occup\u00e9e. A Nantes le 24, des milliers de manifestants (que les flics ciblent par jets d&rsquo;eau et lacrymos) et le lendemain, 70 \u00e9lus s&rsquo;encha\u00eenent devant la pr\u00e9fecture. Les actions solidaires se multiplient partout\u00a0: tags de soutien, d\u00e9gradations de nombreux locaux PS&#8230; La lutte de NDDL rejoint celle contre d&rsquo;autres grands chantiers inutiles, ruineux et destructeurs (pyl\u00f4nes THT dans la Manche, LGV Lyon-Turin&#8230;)\u00a0: le soutien actif sur place se double d&rsquo;une contestation plus large contre ces partenariats public-priv\u00e9, impos\u00e9s par les Etats dont le but est de maintenir par la force le mod\u00e8le capitaliste productiviste.<\/p>\n<p style=\"text-align: justify\" align=\"JUSTIFY\">Contre la r\u00e9pression\u00a0! Soutien solidaire, on ne l\u00e2chera pas l&rsquo;affaire\u00a0! Voir le site zad.nadir.org pour infos continues. Rdv les 15-16 d\u00e9cembre sur la ZAD pour une rencontre inter-comit\u00e9s locaux\/nationaux.<\/p>\n<p style=\"text-align: justify\" align=\"JUSTIFY\"><em>Camomille, Pavillon Noir (FA 86), 29 novembre 2012<\/em><\/p>\n","protected":false},"excerpt":{"rendered":"<p>Notre-Dame-des-Landes\u00a0: la r\u00e9pression s&rsquo;intensifie, le mouvement s&rsquo;amplifie\u00a0! La manif du 17\/11 contre le projet d&rsquo;a\u00e9roport \u00e0 Notre-Dame-des-Landes (44) a rassembl\u00e9 40.000 personnes. Depuis sur la ZAD (zone \u00e0 d\u00e9fendre), ce sont (re)constructions de cabanes dans les arbres, nouveaux b\u00e2timents \u00e0 la Ch\u00e2taigneraie et tout plein d&rsquo;ateliers qui vont bon train. L&rsquo;auto-organisation se renforce\u00a0! Le 23 &hellip; <a href=\"https:\/\/fa86.noblogs.org\/?p=7326\" class=\"more-link\">Continuer la lecture de <span class=\"screen-reader-text\">Notre-Dame-des-Landes : la r\u00e9pression s&rsquo;intensifie, le mouvement s&rsquo;amplifie !<\/span> <span class=\"meta-nav\">&rarr;<\/span><\/a><\/p>\n","protected":false},"author":2691,"featured_media":0,"comment_status":"open","ping_status":"open","sticky":false,"template":"","format":"standard","meta":{"footnotes":""},"categories":[18,8,9,12,16,4],"tags":[],"class_list":["post-7326","post","type-post","status-publish","format-standard","hentry","category-decroissance-libertaire","category-ecrits","category-la-rue-grogne","category-okupa-y-resiste","category-repression","category-se-trouver"],"_links":{"self":[{"href":"https:\/\/fa86.noblogs.org\/index.php?rest_route=\/wp\/v2\/posts\/7326","targetHints":{"allow":["GET"]}}],"collection":[{"href":"https:\/\/fa86.noblogs.org\/index.php?rest_route=\/wp\/v2\/posts"}],"about":[{"href":"https:\/\/fa86.noblogs.org\/index.php?rest_route=\/wp\/v2\/types\/post"}],"author":[{"embeddable":true,"href":"https:\/\/fa86.noblogs.org\/index.php?rest_route=\/wp\/v2\/users\/2691"}],"replies":[{"embeddable":true,"href":"https:\/\/fa86.noblogs.org\/index.php?rest_route=%2Fwp%2Fv2%2Fcomments&post=7326"}],"version-history":[{"count":2,"href":"https:\/\/fa86.noblogs.org\/index.php?rest_route=\/wp\/v2\/posts\/7326\/revisions"}],"predecessor-version":[{"id":7328,"href":"https:\/\/fa86.noblogs.org\/index.php?rest_route=\/wp\/v2\/posts\/7326\/revisions\/7328"}],"wp:attachment":[{"href":"https:\/\/fa86.noblogs.org\/index.php?rest_route=%2Fwp%2Fv2%2Fmedia&parent=7326"}],"wp:term":[{"taxonomy":"category","embeddable":true,"href":"https:\/\/fa86.noblogs.org\/index.php?rest_route=%2Fwp%2Fv2%2Fcategories&post=7326"},{"taxonomy":"post_tag","embeddable":true,"href":"https:\/\/fa86.noblogs.org\/index.php?rest_route=%2Fwp%2Fv2%2Ftags&post=7326"}],"curies":[{"name":"wp","href":"https:\/\/api.w.org\/{rel}","templated":true}]}}