{"id":7345,"date":"2012-12-05T10:11:25","date_gmt":"2012-12-05T09:11:25","guid":{"rendered":"http:\/\/fa86.noblogs.org\/?p=7345"},"modified":"2012-12-05T10:11:25","modified_gmt":"2012-12-05T09:11:25","slug":"ingrandes-86-eux-ils-sen-vont-les-poches-pleines-et-nous-les-poches-vides","status":"publish","type":"post","link":"https:\/\/fa86.noblogs.org\/?p=7345","title":{"rendered":"[Ingrandes &#8211; 86] \u00ab\u00a0Eux, ils s&rsquo;en vont les poches pleines, et nous les poches vides\u00a0\u00bb"},"content":{"rendered":"<p style=\"text-align: justify\"><a href=\"http:\/\/www.lanouvellerepublique.fr\/Vienne\/Actualite\/Economie-social\/n\/Contenus\/Articles\/2012\/12\/05\/Coop-Atlantique-d-Ingrandes-On-a-ete-pris-pour-des-pigeons\" target=\"_blank\"><strong>Coop Atlantique d&rsquo;Ingrandes : \u00a0\u00bb On a \u00e9t\u00e9 pris pour des pigeons \u00ab\u00a0<\/strong><\/a><\/p>\n<p style=\"text-align: justify\"><img loading=\"lazy\" decoding=\"async\" class=\"alignnone\" src=\"http:\/\/www.lanouvellerepublique.fr\/var\/nrv2\/storage\/images\/contenus\/articles\/2012\/12\/05\/coop-atlantique-d-ingrandes-on-a-ete-pris-pour-des-pigeons\/23289252-1-fre-FR\/Coop-Atlantique-d-Ingrandes-On-a-ete-pris-pour-des-pigeons_reference.jpg\" alt=\"\" width=\"600\" height=\"394\" \/><\/p>\n<p style=\"text-align: justify\"><em>Jo\u00ebl Bessonnet a baiss\u00e9 son salaire pour rester \u00e0 la Coop\u2009: \u00ab C&rsquo;est tr\u00e8s dur. \u00bb &#8211; (Photos Patrick Lavaud)<\/em><\/p>\n<p style=\"text-align: justify\">Apr\u00e8s l\u2019annonce de la fermeture du site, les 150 salari\u00e9s de la Coop Atlantique d\u2019Ingrandes ont repris le travail hier. Comme d\u2019habitude ou presque.<\/p>\n<p style=\"text-align: justify\">A l&rsquo;entr\u00e9e des livraisons, le ballet des camions n&rsquo;a pas chang\u00e9. Pour la Coop atlantique, qui pr\u00e9pare les commandes des magasins de la r\u00e9gion du r\u00e9seau Syst\u00e8me U, le mois de d\u00e9cembre est le plus important.<\/p>\n<p style=\"text-align: justify\">De l&rsquo;autre c\u00f4t\u00e9 de l&rsquo;entrep\u00f4t situ\u00e9 derri\u00e8re Aigle sur la zone de Saint-Ustre, les salari\u00e9s suivent les horaires de sortie, comme d&rsquo;habitude. Ou presque.<\/p>\n<p style=\"text-align: justify\"><strong>\u00ab\u00a0\u2009Ce n&rsquo;est pas normal car il y a du boulot\u2009\u00a0\u00bb<\/strong><\/p>\n<p style=\"text-align: justify\">Certains s&rsquo;arr\u00eatent pour commenter la d\u00e9cision prononc\u00e9e la veille, \u00e0 Saintes, lors du comit\u00e9 central d&rsquo;entreprise. <em>\u00ab C&rsquo;est fini,<\/em> l\u00e2che l&rsquo;un d&rsquo;entre eux.<em> Apr\u00e8s 36 ans de bo\u00eete, des heures sup sans compter, le big bang pour tout faire quand il le fallait, c&rsquo;est fini. Eux, ils s&rsquo;en vont les poches pleines, et nous les poches vides. \u00bb<\/em> En sortant, chacun commente l&rsquo;ambiance tendue et la crainte de devoir conna\u00eetre \u00e7a pendant encore dix-huit mois, l&rsquo;entrep\u00f4t ne devant fermer qu&rsquo;en juin 2014. <em>\u00ab J&rsquo;ai d\u00e9j\u00e0 connu un PSE il y a trois ans et demi quand le laboratoire de charcuterie a ferm\u00e9, <\/em>raconte Jo\u00ebl Bessonnet. <em>J&rsquo;ai accept\u00e9 de baisser mon salaire, j&rsquo;ai perdu 650\u2009\u20ac. Apr\u00e8s 31 ans d&rsquo;entreprise, c&rsquo;est tr\u00e8s dur. \u00bb<\/em> Personne ne veut croire aux promesses faites par la direction la veille\u2009: aucun licenciement, des reclassements dans les entrep\u00f4ts \u2013 qui vont eux aussi conna\u00eetre des plans de sauvegarde de l&#8217;emploi \u2013 de Limoges et Saintes. D&rsquo;ailleurs, expliquent-ils, l&rsquo;apr\u00e8s-midi, le document remis aux repr\u00e9sentants du personnel fait \u00e9tat de 144 propositions de postes, uniquement en magasins et dans les caf\u00e9t\u00e9rias du groupe. <em>\u00ab A Jarnac, La Rochelle, ou Bordeaux, tout \u00e7a au Smic, et \u00e0 temps partiel pour 80\u2009% d&rsquo;entre eux \u00bb<\/em>, explique Christian Triphose, d\u00e9l\u00e9gu\u00e9 syndical CGT du site. <em>\u00ab Je vais retrouver mon agence d&rsquo;int\u00e9rim \u00bb<\/em>, ironise Aur\u00e9lien, 28 ans, depuis un an et demi \u00e0 la Coop Atlantique. <em>\u00ab Dans le contexte actuel, \u00e7a va \u00eatre sympa. Tout \u00e7a, c&rsquo;est un peu \u00e9c\u0153urant. Ce n&rsquo;est pas normal, car il y a du boulot. Ce n&rsquo;est pas logique. \u00bb<\/em> <em>\u00ab Les gens sont amers, explique Eric Peronnet, repr\u00e9sentant du personnel. On a le sentiment d&rsquo;avoir \u00e9t\u00e9 pris pour des pigeons. On nous a tenu des propos d\u00e9valorisants, disant qu&rsquo;on n&rsquo;\u00e9tait pas bons, tout \u00e7a pour permettre la fermeture. On a m\u00e9pris\u00e9 les individus, c&rsquo;est ce qui me r\u00e9volte le plus. \u00bb<\/em><\/p>\n<p style=\"text-align: justify\"><strong>A voir en vid\u00e9o sur lanouvellerepublique.fr et centre-presse.fr.<\/strong><\/p>\n<p style=\"text-align: justify\">r\u00e9actions<\/p>\n<p style=\"text-align: justify\"><strong>Jean-Pierre Abelin en \u00a0\u00bb totale opposition \u00ab\u00a0<\/strong><\/p>\n<p style=\"text-align: justify\"><em>\u00ab Je suis en totale opposition avec ce projet \u00bb<\/em>, a r\u00e9agi Jean-Pierre Abelin. <em>\u00ab J&rsquo;apporte mon soutien aux salari\u00e9s et je vais me rapprocher des syndicats pour voir quelle est la meilleure fa\u00e7on de les aider. Il faut absolument limiter la casse. \u00bb<\/em><\/p>\n<p style=\"text-align: justify\">Claude Bertaud\u2009: \u00ab\u00a0\u2009C&rsquo;est gravissime\u2009\u00a0\u00bb<\/p>\n<p style=\"text-align: justify\">\u00ab <em>Alors que la Vienne se distingue avec des chiffres du ch\u00f4mage rassurants par rapport aux d\u00e9partements voisins<\/em>, souligne le pr\u00e9sident du conseil g\u00e9n\u00e9ral Claude Bertaud, <em>on apprend cette d\u00e9cision de fermeture. C&rsquo;est gravissime pour le Ch\u00e2telleraudais, qui subit depuis plusieurs ann\u00e9es les cons\u00e9quences de la crise<\/em>. \u00bb Il demande aux responsables du site de tout mettre en \u0153uvre pour permettre aux salari\u00e9s concern\u00e9s, \u00ab <em>un reclassement dans des conditions les moins p\u00e9nalisantes possibles pour chacun d&rsquo;entre eux. Au moment o\u00f9 un travail important est men\u00e9 sur ce territoire pour accueillir D\u00e9lipapier, cette d\u00e9cision de fermeture nous inqui\u00e8te et je demande \u00e0 l&rsquo;\u00c9tat de rester vigilant pour que les engagements pris par les responsables du site, soient tenus. <\/em>\u00bb<\/p>\n<p style=\"text-align: justify\"><em>Laurent Gaudens, Nouvelle R\u00e9publique, 5 d\u00e9cembre 2012<\/em><\/p>\n<p style=\"text-align: justify\"><a href=\"http:\/\/www.lanouvellerepublique.fr\/Vienne\/Actualite\/Economie-social\/n\/Contenus\/Articles\/2012\/12\/05\/On-se-demande-quand-ca-va-s-arreter\" target=\"_blank\"><strong>\u00a0\u00bb On se demande quand \u00e7a va s&rsquo;arr\u00eater \u00ab\u00a0<\/strong><\/a><\/p>\n<p style=\"text-align: justify\">Au caf\u00e9 central d&rsquo;Ingrandes, sur l&rsquo;ex-N 10, on installe le sapin de No\u00ebl. Mais depuis la veille et l&rsquo;annonce de la fermeture de la Coop Atlantique, le c\u0153ur n&rsquo;est gu\u00e8re \u00e0 la f\u00eate. <em>\u00ab Ce sont nos clients,<\/em> explique Brigitte Moron, co-g\u00e9rante du caf\u00e9. <em>Il y aura des retomb\u00e9es chez tous les commer\u00e7ants. \u00bb<\/em> Et en terme de cons\u00e9quences, Brigitte Moron en conna\u00eet un rayon elle qui tient le caf\u00e9 que ses parents ont cr\u00e9\u00e9, alors sur la place du village, en 1951. <em>\u00ab Ils ont vu la Coop ouvrir ses portes, comme la plupart des usines. \u00bb<\/em> Forc\u00e9ment, apr\u00e8s la menace qui a pes\u00e9 sur la Fonderie alu, cette premi\u00e8re fermeture fait craindre le pire. <em>\u00ab C&rsquo;est une catastrophe,<\/em> r\u00e9sume Edwige Cybard, propri\u00e9taire de la sup\u00e9rette Cali. <em>Surtout pour les jeunes qui y travaillent en couple. On conna\u00eet \u00e7a, on travaillait autrefois pour la Coop qui nous a vir\u00e9s. Ils n&rsquo;aiment ni les petits commerces, ni les petites gens. \u00bb<\/em> Chacun fait \u00e9tat d&rsquo;une baisse continue de chiffre d&rsquo;affaires ces derni\u00e8res ann\u00e9es. A la boulangerie, les premiers comptes sont vite faits\u2009: ce sera 250 \u00e0 300\u2009\u20ac par mois en moins. <em>\u00ab On livre la Coop pour leur restauration, 30 baguettes par jour,<\/em> t\u00e9moigne Nadine Michel. <em>Ce sera sans compter tous les salari\u00e9s qui viennent ici pour prendre leur pain. \u00bb <\/em> Un <em>\u00ab trou dans le budget de l&rsquo;\u00e9conomie locale \u00bb<\/em> dont l&rsquo;effet se ressent donc d\u00e9j\u00e0. <em>\u00ab On a l&rsquo;impression qu&rsquo;on est un point noir o\u00f9 tout ferme \u00bb<\/em>, s&rsquo;attriste la coiffeuse Liliane Mauduit. <em>\u00ab Il y avait d\u00e9j\u00e0 eu Fabris, on se demande quand \u00e7a va s&rsquo;arr\u00eater. \u00bb<\/em><\/p>\n<p style=\"text-align: justify\"><em>Nouvelle R\u00e9publique, 5 d\u00e9cembre 2012<\/em><\/p>\n","protected":false},"excerpt":{"rendered":"<p>Coop Atlantique d&rsquo;Ingrandes : \u00a0\u00bb On a \u00e9t\u00e9 pris pour des pigeons \u00ab\u00a0 Jo\u00ebl Bessonnet a baiss\u00e9 son salaire pour rester \u00e0 la Coop\u2009: \u00ab C&rsquo;est tr\u00e8s dur. \u00bb &#8211; (Photos Patrick Lavaud) Apr\u00e8s l\u2019annonce de la fermeture du site, les 150 salari\u00e9s de la Coop Atlantique d\u2019Ingrandes ont repris le travail hier. Comme d\u2019habitude &hellip; <a href=\"https:\/\/fa86.noblogs.org\/?p=7345\" class=\"more-link\">Continuer la lecture de <span class=\"screen-reader-text\">[Ingrandes &#8211; 86] \u00ab\u00a0Eux, ils s&rsquo;en vont les poches pleines, et nous les poches vides\u00a0\u00bb<\/span> <span class=\"meta-nav\">&rarr;<\/span><\/a><\/p>\n","protected":false},"author":2691,"featured_media":0,"comment_status":"open","ping_status":"open","sticky":false,"template":"","format":"standard","meta":{"footnotes":""},"categories":[26,22],"tags":[],"class_list":["post-7345","post","type-post","status-publish","format-standard","hentry","category-construction-du-desert","category-le-travail-tue"],"_links":{"self":[{"href":"https:\/\/fa86.noblogs.org\/index.php?rest_route=\/wp\/v2\/posts\/7345","targetHints":{"allow":["GET"]}}],"collection":[{"href":"https:\/\/fa86.noblogs.org\/index.php?rest_route=\/wp\/v2\/posts"}],"about":[{"href":"https:\/\/fa86.noblogs.org\/index.php?rest_route=\/wp\/v2\/types\/post"}],"author":[{"embeddable":true,"href":"https:\/\/fa86.noblogs.org\/index.php?rest_route=\/wp\/v2\/users\/2691"}],"replies":[{"embeddable":true,"href":"https:\/\/fa86.noblogs.org\/index.php?rest_route=%2Fwp%2Fv2%2Fcomments&post=7345"}],"version-history":[{"count":1,"href":"https:\/\/fa86.noblogs.org\/index.php?rest_route=\/wp\/v2\/posts\/7345\/revisions"}],"predecessor-version":[{"id":7346,"href":"https:\/\/fa86.noblogs.org\/index.php?rest_route=\/wp\/v2\/posts\/7345\/revisions\/7346"}],"wp:attachment":[{"href":"https:\/\/fa86.noblogs.org\/index.php?rest_route=%2Fwp%2Fv2%2Fmedia&parent=7345"}],"wp:term":[{"taxonomy":"category","embeddable":true,"href":"https:\/\/fa86.noblogs.org\/index.php?rest_route=%2Fwp%2Fv2%2Fcategories&post=7345"},{"taxonomy":"post_tag","embeddable":true,"href":"https:\/\/fa86.noblogs.org\/index.php?rest_route=%2Fwp%2Fv2%2Ftags&post=7345"}],"curies":[{"name":"wp","href":"https:\/\/api.w.org\/{rel}","templated":true}]}}