{"id":7382,"date":"2012-12-07T11:40:02","date_gmt":"2012-12-07T10:40:02","guid":{"rendered":"http:\/\/fa86.noblogs.org\/?p=7382"},"modified":"2012-12-07T11:40:02","modified_gmt":"2012-12-07T10:40:02","slug":"dal-86-compte-rendu-de-l-action-logiparc-du-05-12-12","status":"publish","type":"post","link":"https:\/\/fa86.noblogs.org\/?p=7382","title":{"rendered":"[DAL 86] Compte rendu de l \u2018action \u00ab Logiparc \u00bb du 05-12-12"},"content":{"rendered":"<p style=\"text-align: justify\"><a href=\"http:\/\/dal86.fr\/2012\/12\/07\/compte-rendu-de-l-action-logiparc-du-05-12-12\/\" target=\"_blank\"><strong>Compte rendu de l \u2018action \u00ab Logiparc \u00bb du 05-12-12<\/strong><\/a><\/p>\n<p style=\"text-align: justify\" align=\"JUSTIFY\">Mme C., locataire d\u2019un logement Logiparc depuis le 29 ao\u00fbt 2009, a constat\u00e9 que, depuis son entr\u00e9e, il ne correspond pas aux caract\u00e9ristiques de d\u00e9cence : dans la salle de bains, les murs sont en tr\u00e8s mauvais \u00e9tat, le pl\u00e2tre se d\u00e9tache par plaques. Dans cette m\u00eame pi\u00e8ce, il y a de la moisissure sur le plafond ; de la moisissure est pr\u00e9sente en quantit\u00e9 importante sur les murs dans deux des chambres.<\/p>\n<p style=\"text-align: justify\" align=\"CENTER\"><strong>Nous sommes all\u00e9s le constater sur place et nous sommes scandalis\u00e9s par l\u2019\u00e9tat d\u00e9plorable de ce logement. Surtout que cette personne a 6 enfants dont un nourrisson de deux mois.<\/strong><\/p>\n<p style=\"text-align: justify\" align=\"JUSTIFY\">Mme C. a contact\u00e9 plusieurs fois Logiparc et quelqu\u2019un est m\u00eame venu constater l\u2019\u00e9tat du logement il y a quelques mois. Mais rien n\u2019a \u00e9t\u00e9 fait.<\/p>\n<p style=\"text-align: justify\" align=\"JUSTIFY\">Le 29 octobre Mme C. a envoy\u00e9 une lettre recommand\u00e9e dans laquelle elle demandait que Logiparc fasse le n\u00e9cessaire dans les plus brefs d\u00e9lais afin de mettre son logement en conformit\u00e9 aux caract\u00e9ristiques de d\u00e9cence.<\/p>\n<p style=\"text-align: justify\" align=\"JUSTIFY\">Elle a obtenu une r\u00e9ponse le 8 novembre lui indiquant que les services de Logiparc \u00ab prendront contact avec elle pour \u00e9valuer le probl\u00e8me signal\u00e9 \u00bb. Le 5 d\u00e9cembre, soit presqu\u2019un mois plus tard, cela n\u2019a toujours pas \u00e9t\u00e9 fait. Devant une telle inertie voire d\u00e9sinvolture, le DAL86 a d\u00e9cid\u00e9 de faire une action au si\u00e8ge de Logiparc afin de rencontrer un responsable et exiger que les dommages soient constat\u00e9s et que les travaux soient effectu\u00e9s.<\/p>\n<p style=\"text-align: justify\" align=\"JUSTIFY\">Nous sommes donc arriv\u00e9s au si\u00e8ge de Logiparc, Mme C. accompagn\u00e9e d\u2019une dizaine de militants du DL86, \u00e0 16h30 au si\u00e8ge de Logiparc et avons demand\u00e9 \u00e0 voir un responsable. Tr\u00e8s rapidement la personne qui suit le dossier de Mme C. ainsi qu\u2019une autre personne de Logiparc nous ont tous re\u00e7us. Nous avons pu \u00e9changer et Logiparc, apr\u00e8s avoir essay\u00e9 de botter en touche voire un peu de nous enfumer, nous a propos\u00e9 que d\u2019ici 15 jours un technicien et un responsable de Logiparc iraient chez Mme C. pour constater les probl\u00e8mes rencontr\u00e9s et faire un diagnostique. L\u2019op\u00e9ration a dur\u00e9 trois petits quart d\u2019heures.<\/p>\n<p style=\"text-align: justify\" align=\"JUSTIFY\">Affaire \u00e0 suivre.<\/p>\n<p style=\"text-align: justify\" align=\"RIGHT\">DAL86 <a href=\"http:\/\/www.dal86.fr\/\"><strong>www.dal86.fr<\/strong><\/a> \u2013<strong><\/strong><strong><a href=\"mailto:dal86@free.fr\" target=\"_blank\">dal86@free.fr<\/a><\/strong><strong> \u2013 06 52 93 54 44 \/ 05 49 88 94 56<\/strong><\/p>\n<p style=\"text-align: justify\" align=\"JUSTIFY\"><em>Permanences : tous les samedis matin de 11h \u00e0 12h et tous les mardis soirs de 17h \u00e0 18h Maison de la Solidarit\u00e9 22 rue du Pigeon Blanc Poitiers<\/em><\/p>\n<p style=\"text-align: justify\" align=\"JUSTIFY\"><em>DAL 86, 7 d\u00e9cembre 2012<\/em><\/p>\n","protected":false},"excerpt":{"rendered":"<p>Compte rendu de l \u2018action \u00ab Logiparc \u00bb du 05-12-12 Mme C., locataire d\u2019un logement Logiparc depuis le 29 ao\u00fbt 2009, a constat\u00e9 que, depuis son entr\u00e9e, il ne correspond pas aux caract\u00e9ristiques de d\u00e9cence : dans la salle de bains, les murs sont en tr\u00e8s mauvais \u00e9tat, le pl\u00e2tre se d\u00e9tache par plaques. Dans &hellip; <a href=\"https:\/\/fa86.noblogs.org\/?p=7382\" class=\"more-link\">Continuer la lecture de <span class=\"screen-reader-text\">[DAL 86] Compte rendu de l \u2018action \u00ab Logiparc \u00bb du 05-12-12<\/span> <span class=\"meta-nav\">&rarr;<\/span><\/a><\/p>\n","protected":false},"author":2691,"featured_media":0,"comment_status":"open","ping_status":"open","sticky":false,"template":"","format":"standard","meta":{"footnotes":""},"categories":[9,12,4],"tags":[],"class_list":["post-7382","post","type-post","status-publish","format-standard","hentry","category-la-rue-grogne","category-okupa-y-resiste","category-se-trouver"],"_links":{"self":[{"href":"https:\/\/fa86.noblogs.org\/index.php?rest_route=\/wp\/v2\/posts\/7382","targetHints":{"allow":["GET"]}}],"collection":[{"href":"https:\/\/fa86.noblogs.org\/index.php?rest_route=\/wp\/v2\/posts"}],"about":[{"href":"https:\/\/fa86.noblogs.org\/index.php?rest_route=\/wp\/v2\/types\/post"}],"author":[{"embeddable":true,"href":"https:\/\/fa86.noblogs.org\/index.php?rest_route=\/wp\/v2\/users\/2691"}],"replies":[{"embeddable":true,"href":"https:\/\/fa86.noblogs.org\/index.php?rest_route=%2Fwp%2Fv2%2Fcomments&post=7382"}],"version-history":[{"count":2,"href":"https:\/\/fa86.noblogs.org\/index.php?rest_route=\/wp\/v2\/posts\/7382\/revisions"}],"predecessor-version":[{"id":7384,"href":"https:\/\/fa86.noblogs.org\/index.php?rest_route=\/wp\/v2\/posts\/7382\/revisions\/7384"}],"wp:attachment":[{"href":"https:\/\/fa86.noblogs.org\/index.php?rest_route=%2Fwp%2Fv2%2Fmedia&parent=7382"}],"wp:term":[{"taxonomy":"category","embeddable":true,"href":"https:\/\/fa86.noblogs.org\/index.php?rest_route=%2Fwp%2Fv2%2Fcategories&post=7382"},{"taxonomy":"post_tag","embeddable":true,"href":"https:\/\/fa86.noblogs.org\/index.php?rest_route=%2Fwp%2Fv2%2Ftags&post=7382"}],"curies":[{"name":"wp","href":"https:\/\/api.w.org\/{rel}","templated":true}]}}