{"id":7395,"date":"2012-12-10T09:02:11","date_gmt":"2012-12-10T08:02:11","guid":{"rendered":"http:\/\/fa86.noblogs.org\/?p=7395"},"modified":"2012-12-11T09:11:47","modified_gmt":"2012-12-11T08:11:47","slug":"rouille-86-le-train-bloque-par-70-usagers","status":"publish","type":"post","link":"https:\/\/fa86.noblogs.org\/?p=7395","title":{"rendered":"[Rouill\u00e9 &#8211; 86] Le train bloqu\u00e9 par 70 usagers"},"content":{"rendered":"<p style=\"text-align: justify\"><a href=\"http:\/\/www.lanouvellerepublique.fr\/Vienne\/Services\/Toutes-les-DMAs\/n\/Contenus\/DMAs\/2012\/12\/10\/70-habitants-de-Rouille-ont-bloque-en-gare-le-TER-ce-matin\" target=\"_blank\"><strong>86 &#8211;\u00a0 70 habitants de Rouill\u00e9 ont bloqu\u00e9 en gare le TER ce matin<\/strong><\/a><\/p>\n<p style=\"text-align: justify\">Le Collectif Rullicois des usagers du TER a men\u00e9 une action ce matin en gare de Rouill\u00e9 en bloquant le train 863402 en provenance de La Rochelle-Niort et en direction de Poitiers lors de son passage vers 8 h. Pr\u00e8s de 70 personnes se sont retrouv\u00e9es sur le quai de la gare puis sur la voie ferr\u00e9e, le maire R\u00e9mi Gault et une grande partie de son conseil municipal en t\u00eate, le conseiller g\u00e9n\u00e9ral du canton de Lusignan Ren\u00e9 Gibault, et en pr\u00e9sence de la gendarmerie de la communaut\u00e9 de brigade de Vivonne. Un dialogue s&rsquo;est engag\u00e9 avec un repr\u00e9sentant de la SNCF, avant que le train ne reparte avec six voyageurs suppl\u00e9mentaires. Le Collectif qui r\u00e9clame des arr\u00eats suppl\u00e9mentaires du TER \u00e0 Rouill\u00e9, compte poursuivre cette action tous les lundis matin tant qu&rsquo;une solution ne sera pas trouv\u00e9e.<\/p>\n<p style=\"text-align: justify\"><em>Nouvelle R\u00e9publique, 10 d\u00e9cembre 2012<\/em><\/p>\n<p style=\"text-align: justify\"><em><strong>Mise \u00e0 jour 10\/12<\/strong> : <a href=\"http:\/\/www.lanouvellerepublique.fr\/Vienne\/Actualite\/Economie-social\/n\/Contenus\/Articles\/2012\/12\/11\/Le-TER-La-Rochelle-Poitiers-bloque-a-Rouille\" target=\"_blank\">un article plus complet ici<\/a>.<\/em><\/p>\n","protected":false},"excerpt":{"rendered":"<p>86 &#8211;\u00a0 70 habitants de Rouill\u00e9 ont bloqu\u00e9 en gare le TER ce matin Le Collectif Rullicois des usagers du TER a men\u00e9 une action ce matin en gare de Rouill\u00e9 en bloquant le train 863402 en provenance de La Rochelle-Niort et en direction de Poitiers lors de son passage vers 8 h. Pr\u00e8s de &hellip; <a href=\"https:\/\/fa86.noblogs.org\/?p=7395\" class=\"more-link\">Continuer la lecture de <span class=\"screen-reader-text\">[Rouill\u00e9 &#8211; 86] Le train bloqu\u00e9 par 70 usagers<\/span> <span class=\"meta-nav\">&rarr;<\/span><\/a><\/p>\n","protected":false},"author":2691,"featured_media":0,"comment_status":"open","ping_status":"open","sticky":false,"template":"","format":"standard","meta":{"footnotes":""},"categories":[9,12],"tags":[],"class_list":["post-7395","post","type-post","status-publish","format-standard","hentry","category-la-rue-grogne","category-okupa-y-resiste"],"_links":{"self":[{"href":"https:\/\/fa86.noblogs.org\/index.php?rest_route=\/wp\/v2\/posts\/7395","targetHints":{"allow":["GET"]}}],"collection":[{"href":"https:\/\/fa86.noblogs.org\/index.php?rest_route=\/wp\/v2\/posts"}],"about":[{"href":"https:\/\/fa86.noblogs.org\/index.php?rest_route=\/wp\/v2\/types\/post"}],"author":[{"embeddable":true,"href":"https:\/\/fa86.noblogs.org\/index.php?rest_route=\/wp\/v2\/users\/2691"}],"replies":[{"embeddable":true,"href":"https:\/\/fa86.noblogs.org\/index.php?rest_route=%2Fwp%2Fv2%2Fcomments&post=7395"}],"version-history":[{"count":4,"href":"https:\/\/fa86.noblogs.org\/index.php?rest_route=\/wp\/v2\/posts\/7395\/revisions"}],"predecessor-version":[{"id":7407,"href":"https:\/\/fa86.noblogs.org\/index.php?rest_route=\/wp\/v2\/posts\/7395\/revisions\/7407"}],"wp:attachment":[{"href":"https:\/\/fa86.noblogs.org\/index.php?rest_route=%2Fwp%2Fv2%2Fmedia&parent=7395"}],"wp:term":[{"taxonomy":"category","embeddable":true,"href":"https:\/\/fa86.noblogs.org\/index.php?rest_route=%2Fwp%2Fv2%2Fcategories&post=7395"},{"taxonomy":"post_tag","embeddable":true,"href":"https:\/\/fa86.noblogs.org\/index.php?rest_route=%2Fwp%2Fv2%2Ftags&post=7395"}],"curies":[{"name":"wp","href":"https:\/\/api.w.org\/{rel}","templated":true}]}}