{"id":7502,"date":"2012-12-15T09:26:21","date_gmt":"2012-12-15T08:26:21","guid":{"rendered":"http:\/\/fa86.noblogs.org\/?p=7502"},"modified":"2012-12-15T09:27:35","modified_gmt":"2012-12-15T08:27:35","slug":"ingrandes-86-inquietude-chez-les-salaries-de-la-fonderie","status":"publish","type":"post","link":"https:\/\/fa86.noblogs.org\/?p=7502","title":{"rendered":"[Ingrandes &#8211; 86] Inqui\u00e9tude chez les salari\u00e9s de la Fonderie"},"content":{"rendered":"<p style=\"text-align: justify\"><a href=\"http:\/\/www.lanouvellerepublique.fr\/Vienne\/Actualite\/Economie-social\/n\/Contenus\/Articles\/2012\/12\/15\/Des-vacances-forcees-a-la-Fonderie-Fonte\" target=\"_blank\"><strong>Des vacances forc\u00e9es \u00e0 la Fonderie Fonte<\/strong><\/a><\/p>\n<p style=\"text-align: justify\">A Ingrandes, la Fonderie du Poitou Fonte a ferm\u00e9 hier pour deux semaines et demie \u00e0 cause de la baisse de production. Pas de quoi rassurer les salari\u00e9s.<\/p>\n<p style=\"text-align: justify\">La dinde de No\u00ebl aura un go\u00fbt un peu amer pour les 450 salari\u00e9s de la Fonderie, mis en vacances forc\u00e9es. Leur usine ferme pour deux semaines et demie, ce qui n&rsquo;est pas forc\u00e9ment pour rassurer.<\/p>\n<div style=\"text-align: justify\">\n<p>La situation dans le secteur automobile, on la conna\u00eet. Les cons\u00e9quences chez les \u00e9quipementiers locaux se paient cash. A la Fonderie Fonte (comme chez la voisine de l&rsquo;alu mais dans un autre contexte), la baisse de r\u00e9gime des constructeurs Renault et Fiat, les deux principaux clients de l&rsquo;entreprise, se traduit par un d\u00e9ficit d&rsquo;activit\u00e9. Et par un arr\u00eat de l&rsquo;usine, un peu plus court que ce qui \u00e9tait envisag\u00e9 en novembre, mais de pr\u00e8s de trois semaines quand m\u00eame.<\/p>\n<p><strong>\u00ab\u00a0\u2009Il y a quand m\u00eame un sentiment d&rsquo;inqui\u00e9tude\u2009\u00a0\u00bb<\/strong><\/p>\n<p><em>\u00ab Faire appel \u00e0 du ch\u00f4mage partiel, \u00e7a co\u00fbte cher \u00e0 l&rsquo;entreprise<\/em>, explique Tony Cleppe, d\u00e9l\u00e9gu\u00e9 CGT. <em>Donc, ils pr\u00e9f\u00e8rent nous faire rembaucher un peu plus t\u00f4t \u00bb.<\/em> Selon les chiffres fournis au mois de novembre par la direction locale (*), le volume de production sera finalement en retrait de 15\u2009% en 2012 par rapport \u00e0 2011. La production est stopp\u00e9e depuis hier. Les ouvriers ne reprendront le chemin des ateliers que le 3 janvier. Six jours de ch\u00f4mage partiel et des jours de cong\u00e9s leur sont impos\u00e9s. Comment on vit cette p\u00e9riode quand on est fondeur\u2009? Si financi\u00e8rement, les salari\u00e9s, indemnis\u00e9s \u00e0 75\u2009% du brut, ne paient pas l&rsquo;addition, \u00e7a tourne (un peu) dans les t\u00eates. <em>\u00ab Il y a quand m\u00eame un sentiment d&rsquo;inqui\u00e9tude,<\/em> constate Tony Cleppe, toujours lui. <em>Les f\u00eates de fin d&rsquo;ann\u00e9e, oui, on va les passer normalement mais pas sereinement \u00bb.<\/em><\/p>\n<p><strong>Cadence r\u00e9duite<\/strong><\/p>\n<p>Fr\u00e9d\u00e9rick Vaucelle, un de ses coll\u00e8gues, le souligne quant \u00e0 lui\u2009: <em>\u00ab On est d\u00e9j\u00e0 pass\u00e9 en cadence r\u00e9duite depuis quelques jours. On produit moins de carters \u00e0 l&rsquo;heure. Et les effectifs int\u00e9rimaires ont \u00e9t\u00e9 r\u00e9duits \u00bb. <\/em>Forc\u00e9ment, \u00e7a fait r\u00e9fl\u00e9chir. <em>\u00ab Les gens ont peur de 2013 et la direction ne les rassure pas<\/em>, estime de son c\u00f4t\u00e9 No\u00ebl Turpault, un autre ouvrier CGT. <em>Le pr\u00e9sident de la fonderie a dit qu&rsquo;il avait des inqui\u00e9tudes pour l&rsquo;ann\u00e9e prochaine \u00bb. <\/em>2013, l&rsquo;ann\u00e9e de tous les dangers\u2009?<\/p>\n<p><em>(*) Contact\u00e9e, la direction de la fonderie n&rsquo;a pas souhait\u00e9 s&rsquo;exprimer.<\/em><\/p>\n<p><em>Franck Bastard, Nouvelle R\u00e9publique, 15 d\u00e9cembre 2012<\/em><\/p>\n<p><em><strong>NdPN<\/strong> : nous ne d\u00e9plorons pas le ralentissement du tout-bagnole, mais les pertes de revenus impos\u00e9s aux salari\u00e9s : c&rsquo;est aux patrons qui se sont engraiss\u00e9s sur leur dos de payer !<\/em><\/p>\n<\/div>\n","protected":false},"excerpt":{"rendered":"<p>Des vacances forc\u00e9es \u00e0 la Fonderie Fonte A Ingrandes, la Fonderie du Poitou Fonte a ferm\u00e9 hier pour deux semaines et demie \u00e0 cause de la baisse de production. Pas de quoi rassurer les salari\u00e9s. La dinde de No\u00ebl aura un go\u00fbt un peu amer pour les 450 salari\u00e9s de la Fonderie, mis en vacances &hellip; <a href=\"https:\/\/fa86.noblogs.org\/?p=7502\" class=\"more-link\">Continuer la lecture de <span class=\"screen-reader-text\">[Ingrandes &#8211; 86] Inqui\u00e9tude chez les salari\u00e9s de la Fonderie<\/span> <span class=\"meta-nav\">&rarr;<\/span><\/a><\/p>\n","protected":false},"author":2691,"featured_media":0,"comment_status":"open","ping_status":"open","sticky":false,"template":"","format":"standard","meta":{"footnotes":""},"categories":[1],"tags":[],"class_list":["post-7502","post","type-post","status-publish","format-standard","hentry","category-general"],"_links":{"self":[{"href":"https:\/\/fa86.noblogs.org\/index.php?rest_route=\/wp\/v2\/posts\/7502","targetHints":{"allow":["GET"]}}],"collection":[{"href":"https:\/\/fa86.noblogs.org\/index.php?rest_route=\/wp\/v2\/posts"}],"about":[{"href":"https:\/\/fa86.noblogs.org\/index.php?rest_route=\/wp\/v2\/types\/post"}],"author":[{"embeddable":true,"href":"https:\/\/fa86.noblogs.org\/index.php?rest_route=\/wp\/v2\/users\/2691"}],"replies":[{"embeddable":true,"href":"https:\/\/fa86.noblogs.org\/index.php?rest_route=%2Fwp%2Fv2%2Fcomments&post=7502"}],"version-history":[{"count":2,"href":"https:\/\/fa86.noblogs.org\/index.php?rest_route=\/wp\/v2\/posts\/7502\/revisions"}],"predecessor-version":[{"id":7504,"href":"https:\/\/fa86.noblogs.org\/index.php?rest_route=\/wp\/v2\/posts\/7502\/revisions\/7504"}],"wp:attachment":[{"href":"https:\/\/fa86.noblogs.org\/index.php?rest_route=%2Fwp%2Fv2%2Fmedia&parent=7502"}],"wp:term":[{"taxonomy":"category","embeddable":true,"href":"https:\/\/fa86.noblogs.org\/index.php?rest_route=%2Fwp%2Fv2%2Fcategories&post=7502"},{"taxonomy":"post_tag","embeddable":true,"href":"https:\/\/fa86.noblogs.org\/index.php?rest_route=%2Fwp%2Fv2%2Ftags&post=7502"}],"curies":[{"name":"wp","href":"https:\/\/api.w.org\/{rel}","templated":true}]}}