{"id":7506,"date":"2012-12-15T18:48:10","date_gmt":"2012-12-15T17:48:10","guid":{"rendered":"http:\/\/fa86.noblogs.org\/?p=7506"},"modified":"2012-12-15T18:48:10","modified_gmt":"2012-12-15T17:48:10","slug":"notre-dame-des-landes-une-barricadiere-condamnee-a-trois-mois-de-prison-avec-sursis-et-a-une-interdiction-de-sejour-dun-an","status":"publish","type":"post","link":"https:\/\/fa86.noblogs.org\/?p=7506","title":{"rendered":"[Notre-Dame-des-Landes] Une barricadi\u00e8re condamn\u00e9e \u00e0 trois mois de prison avec sursis et \u00e0 une interdiction de s\u00e9jour d\u2019un an"},"content":{"rendered":"<p style=\"text-align: justify\"><a href=\"https:\/\/juralib.noblogs.org\/2012\/12\/15\/notre-dame-des-landes-une-barricadiere-condamnee-a-trois-mois-de-prison-avec-sursis-et-a-une-interdiction-de-sejour-dun-an\/\" target=\"_blank\"><strong>[Notre-Dame-des-Landes] Une barricadi\u00e8re condamn\u00e9e \u00e0 trois mois de prison avec sursis et \u00e0 une interdiction de s\u00e9jour d\u2019un an<\/strong><\/a><\/p>\n<p><!-- .entry-meta --><\/p>\n<div style=\"text-align: justify\">\n<p><strong>Contre ND des Landes : 3 mois avec sursis<\/strong><\/p>\n<p><em>Le tribunal correctionnel de Nantes a condamn\u00e9 aujourd\u2019hui \u00e0 trois mois de prison avec sursis une jeune femme, opposante \u00e0 l\u2019a\u00e9roport de Notre-Dame-des-Landes, <a href=\"https:\/\/juralib.noblogs.org\/2012\/11\/07\/territoire-autonome-zadiste-un-groupe-dune-quarantaine-dassaillants-particulierement-resolus-utilisant-des-bouteilles-incendiaires-des-frondes-et-des-projectiles-metalliques\/\" target=\"_blank\">interpell\u00e9e le 7 novembre sur une barricade de la zone<\/a>.<\/em><\/p>\n<p><img loading=\"lazy\" decoding=\"async\" src=\"https:\/\/juralib.noblogs.org\/files\/2012\/12\/0419.jpg\" alt=\"http:\/\/juralib.noblogs.org\/files\/2012\/12\/0419.jpg\" width=\"600\" height=\"479\" \/><\/p>\n<p>Alors qu\u2019elle \u00e9tait poursuivie pour \u00ab attroupement avec arme \u00bb, celle-ci n\u2019ayant pas \u00e9t\u00e9 retrouv\u00e9e, le tribunal n\u2019a finalement retenu contre elle qu\u2019\u00ab une accusation de participation \u00e0 un attroupement apr\u00e8s sommation des forces de l\u2019ordre \u00bb, a indiqu\u00e9 son avocat Me St\u00e9phane Vall\u00e9e \u00e0 l\u2019AFP.<\/p>\n<p>En revanche les \u00ab violences \u00bb \u00e0 l\u2019encontre des gendarmes vers lequel des pierres ont \u00e9t\u00e9 lanc\u00e9es, ont \u00e9t\u00e9 retenues par le tribunal \u00e0 l\u2019encontre de l\u2019opposante.<\/p>\n<p>La jeune femme a en outre \u00e9t\u00e9 condamn\u00e9e \u00e0 une interdiction de s\u00e9jour d\u2019un an <a href=\"https:\/\/zad.nadir.org\/\" target=\"_blank\">dans les communes touch\u00e9es par la zone d\u2019am\u00e9nagement diff\u00e9r\u00e9 (Zad) du projet d\u2019a\u00e9roport<\/a>, o\u00f9 ont lieu, depuis le d\u00e9but des tentatives d\u2019expulsion des opposants \u00e0 la mi-octobre, des affrontements \u00e9pisodiques avec les forces de l\u2019ordre.<\/p>\n<p>Le projet d\u2019a\u00e9roport de Notre-Dame-des-Landes pr\u00e9voit qu\u2019il remplace l\u2019actuel a\u00e9roport de Nantes en 2017.<\/p>\n<p>Presse a\u00e9roport\u00e9e (Agence Faut Payer, 14 d\u00e9cembre 2012)<\/p>\n<p><em>Vu sur le Jura Libertaire, 15 d\u00e9cembre 2012<\/em><\/p>\n<\/div>\n","protected":false},"excerpt":{"rendered":"<p>[Notre-Dame-des-Landes] Une barricadi\u00e8re condamn\u00e9e \u00e0 trois mois de prison avec sursis et \u00e0 une interdiction de s\u00e9jour d\u2019un an Contre ND des Landes : 3 mois avec sursis Le tribunal correctionnel de Nantes a condamn\u00e9 aujourd\u2019hui \u00e0 trois mois de prison avec sursis une jeune femme, opposante \u00e0 l\u2019a\u00e9roport de Notre-Dame-des-Landes, interpell\u00e9e le 7 novembre &hellip; <a href=\"https:\/\/fa86.noblogs.org\/?p=7506\" class=\"more-link\">Continuer la lecture de <span class=\"screen-reader-text\">[Notre-Dame-des-Landes] Une barricadi\u00e8re condamn\u00e9e \u00e0 trois mois de prison avec sursis et \u00e0 une interdiction de s\u00e9jour d\u2019un an<\/span> <span class=\"meta-nav\">&rarr;<\/span><\/a><\/p>\n","protected":false},"author":2691,"featured_media":0,"comment_status":"open","ping_status":"open","sticky":false,"template":"","format":"standard","meta":{"footnotes":""},"categories":[12,16],"tags":[],"class_list":["post-7506","post","type-post","status-publish","format-standard","hentry","category-okupa-y-resiste","category-repression"],"_links":{"self":[{"href":"https:\/\/fa86.noblogs.org\/index.php?rest_route=\/wp\/v2\/posts\/7506","targetHints":{"allow":["GET"]}}],"collection":[{"href":"https:\/\/fa86.noblogs.org\/index.php?rest_route=\/wp\/v2\/posts"}],"about":[{"href":"https:\/\/fa86.noblogs.org\/index.php?rest_route=\/wp\/v2\/types\/post"}],"author":[{"embeddable":true,"href":"https:\/\/fa86.noblogs.org\/index.php?rest_route=\/wp\/v2\/users\/2691"}],"replies":[{"embeddable":true,"href":"https:\/\/fa86.noblogs.org\/index.php?rest_route=%2Fwp%2Fv2%2Fcomments&post=7506"}],"version-history":[{"count":2,"href":"https:\/\/fa86.noblogs.org\/index.php?rest_route=\/wp\/v2\/posts\/7506\/revisions"}],"predecessor-version":[{"id":7508,"href":"https:\/\/fa86.noblogs.org\/index.php?rest_route=\/wp\/v2\/posts\/7506\/revisions\/7508"}],"wp:attachment":[{"href":"https:\/\/fa86.noblogs.org\/index.php?rest_route=%2Fwp%2Fv2%2Fmedia&parent=7506"}],"wp:term":[{"taxonomy":"category","embeddable":true,"href":"https:\/\/fa86.noblogs.org\/index.php?rest_route=%2Fwp%2Fv2%2Fcategories&post=7506"},{"taxonomy":"post_tag","embeddable":true,"href":"https:\/\/fa86.noblogs.org\/index.php?rest_route=%2Fwp%2Fv2%2Ftags&post=7506"}],"curies":[{"name":"wp","href":"https:\/\/api.w.org\/{rel}","templated":true}]}}