{"id":7517,"date":"2012-12-17T09:20:11","date_gmt":"2012-12-17T08:20:11","guid":{"rendered":"http:\/\/fa86.noblogs.org\/?p=7517"},"modified":"2012-12-17T09:20:11","modified_gmt":"2012-12-17T08:20:11","slug":"notre-dame-des-landes-la-repression-continue","status":"publish","type":"post","link":"https:\/\/fa86.noblogs.org\/?p=7517","title":{"rendered":"[Notre-Dame-des-Landes] La r\u00e9pression continue"},"content":{"rendered":"<p style=\"text-align: justify\"><a href=\"https:\/\/juralib.noblogs.org\/2012\/12\/16\/notre-dame-des-landesnantes-recit-dune-garde-a-vue-ordinaire\/\" target=\"_blank\"><strong>R\u00e9cit d\u2019une garde \u00e0 vue ordinaire<\/strong><\/a><\/p>\n<p style=\"text-align: justify\"><em>Jeudi 13 d\u00e9cembre. J\u2019\u00e9tais \u00e0 Nantes, dans le tramway. Je suis mont\u00e9 \u00e0 l\u2019arr\u00eat 50 Otages vers 15h30. Au terminus Gare de Pont Rousseau, nous n\u2019\u00e9tions plus que deux dans le tramway, moi et un autre homme \u00e0 qui je n\u2019avais pas pr\u00eat\u00e9 attention. Alors que je m\u2019appr\u00eatais \u00e0 descendre du tram, il est arriv\u00e9 derri\u00e8re moi et m\u2019a attrap\u00e9 le bras. En m\u00eame temps, il se mettait un brassard \u00ab police \u00bb. Il \u00e9tait en civil. Il m\u2019a demand\u00e9 mes papiers. J\u2019ai refus\u00e9. Il a appel\u00e9 des renforts sur son talkie. Je crois qu\u2019il les avait d\u00e9j\u00e0 appel\u00e9 avant et qu\u2019il leur disait simplement qu\u2019on \u00e9tait \u00e0 Gare de Pont Rousseau en leur demandant de se d\u00e9p\u00eacher. Il m\u2019a demand\u00e9 si j\u2019\u00e9tais bien monsieur Untel. Je ne lui ai pas r\u00e9pondu.<\/em><\/p>\n<p style=\"text-align: justify\">Cinq policiers nationaux en uniformes sont arriv\u00e9s en courant et m\u2019ont menott\u00e9. Le policier en civil leur a dit qu\u2019il me suivait depuis Commerce. Il m\u2019a reconnu d\u2019apr\u00e8s une photo qui \u00e9tait dans son bureau et qui disait que j\u2019\u00e9tais recherch\u00e9. J\u2019ai \u00e9t\u00e9 emmen\u00e9 au commissariat sans savoir ce qu\u2019ils me voulaient.<\/p>\n<p style=\"text-align: justify\">Arriv\u00e9 au commissariat, j\u2019ai fini par savoir que j\u2019\u00e9tais suspect\u00e9 d\u2019outrages sur des flics lors d\u2019une manifestation contre l\u2019a\u00e9roport trois semaines plus t\u00f4t. Alors que des faits de cette nature ne donnent g\u00e9n\u00e9ralement lieu \u00e0 des suites que lorsqu\u2019on se fait choper en flagrant d\u00e9lit, je suis poursuivi dans le cadre d\u2019une enqu\u00eate pr\u00e9liminaire.<\/p>\n<p style=\"text-align: justify\">Je me suis retrouv\u00e9 au service du Quart, entour\u00e9 de sept flics qui me demandaient mon identit\u00e9 en brandissant une fiche qui disait que j\u2019\u00e9tais bien monsieur Untel. Ils me demandaient si je r\u00e9alisais la gravit\u00e9 de ce que j\u2019avais fait. Insulter des flics ! Ils m\u2019ont demand\u00e9 si \u00e7a me ferait plaisir que des flics m\u2019insultent. J\u2019ai trouv\u00e9 \u00e7a dur et humiliant. Je n\u2019arrivais pas \u00e0 comprendre comment ils pouvaient nier que les flics nous faisaient subir au quotidien des choses bien pires que quelques insultes, des mutilations, occupations, blessures, expulsions, destructions de ce qu\u2019on a construit, humiliations, et enfermements. \u00c0 ce moment, j\u2019aurais vraiment aim\u00e9 que les flics m\u2019insultent de tous les noms et me laissent rentrer chez moi.<\/p>\n<p style=\"text-align: justify\"><a href=\"https:\/\/juralib.noblogs.org\/2012\/12\/16\/notre-dame-des-landesnantes-amour-reprends-ta-place-celle-que-largent-ta-volee\/\" target=\"_blank\"><img loading=\"lazy\" decoding=\"async\" src=\"https:\/\/juralib.noblogs.org\/files\/2012\/12\/0811.jpg\" alt=\"http:\/\/juralib.noblogs.org\/files\/2012\/12\/0811.jpg\" width=\"375\" height=\"528\" \/><\/a>Je suis rest\u00e9 enferm\u00e9 tout le reste de l\u2019apr\u00e8s-midi, la soir\u00e9e, la nuit, et toute la matin\u00e9e. J\u2019en avais vraiment marre, mais je ne pouvais rien faire pour arr\u00eater de subir cette situation. Face \u00e0 l\u2019arbitraire de la r\u00e9pression, on se sent compl\u00e8tement impuissant.e.s. Je n\u2019ai rien pu faire d\u2019autre qu\u2019attendre que les flics veuillent bien me lib\u00e9rer. Ils ne m\u2019ont fait aucune audition et m\u2019ont laiss\u00e9 partir avec une convocation pour un proc\u00e8s en f\u00e9vrier. Je ne vois pas ce que je peux faire pour ne pas que cette situation se reproduise. Il n\u2019y a pas un bout de terre sur la plan\u00e8te qui ne soit pas contr\u00f4l\u00e9 par un \u00c9tat r\u00e9pressif et le capitalisme impose son ordre partout. Je ne peux pas non plus me r\u00e9soudre \u00e0 baisser la t\u00eate et \u00e0 regarder les flics tout d\u00e9truire autours de moi sans broncher. De toute fa\u00e7on, m\u00eame une telle attitude ne me garantirait pas en retour de ne plus subir de r\u00e9pression.<\/p>\n<p style=\"text-align: justify\">M\u00eame s\u2019il est peut-\u00eatre possible pour certaines personnes de se mettre un peu \u00e0 l\u2019abri, c\u2019est sur que ce n\u2019est pas possible pour tout le monde. Quand on n\u2019a pas les bons papiers, ou seulement pas la bonne couleur de peau, \u00e7a ne sert \u00e0 rien de renoncer \u00e0 la r\u00e9volte, de renoncer aux petits moyens de d\u00e9brouille. M\u00eame en cherchant \u00e0 s\u2019int\u00e9grer, m\u00eame en travaillant dur, m\u00eame en renon\u00e7ant \u00e0 son identit\u00e9 on finit toujours par se retrouver plaqu\u00e9.e sur le capot d\u2019une voiture de la Bac pour subir une fouille au corps et un contr\u00f4le d\u2019identit\u00e9.<\/p>\n<p style=\"text-align: justify\">La seule option qui nous reste, c\u2019est de continuer \u00e0 nous battre. En sortant de garde \u00e0 vue, je me suis rendu \u00e0 <a href=\"https:\/\/juralib.noblogs.org\/2012\/12\/16\/notre-dame-des-landesnantes-amour-reprends-ta-place-celle-que-largent-ta-volee\/\" target=\"_blank\">la manif contre la r\u00e9pression<\/a> et j\u2019ai insult\u00e9 les flics comme je ne l\u2019avais encore jamais fait. Advienne que pourra\u2026<\/p>\n<p style=\"text-align: justify\"><a href=\"https:\/\/nantes.indymedia.org\/\" target=\"_blank\">Indymedia Nantes<\/a>, 16 d\u00e9cembre 2012 (repris sur le Juralib)<\/p>\n<p style=\"text-align: justify\">***<\/p>\n<p style=\"text-align: justify\"><a href=\"https:\/\/juralib.noblogs.org\/2012\/12\/16\/notre-dame-des-landes-soutien-aux-inculpe-e-s\/\" target=\"_blank\"><strong>[Notre-Dame-des-Landes] Soutien aux inculp\u00e9-e-s<\/strong><\/a><\/p>\n<p style=\"text-align: justify\">Salut \u00e0 toutes et tous.<\/p>\n<div style=\"text-align: justify\">\n<p>Apr\u00e8s une rencontre avec la copine de <a href=\"https:\/\/juralib.noblogs.org\/2012\/11\/28\/notre-dame-des-landes-5-mois-ferme-pour-avoir-resiste-aux-robocops-sur-les-barricades\/\" target=\"_blank\">notre camarade incarc\u00e9r\u00e9<\/a>. Nous avons convenu que les ch\u00e8ques et le courrier soient envoy\u00e9s :<\/p>\n<p>Comit\u00e9 de soutien aux Inculp\u00e9-e-s\u00a0 \u00ab Le Gu\u00e9 \u00bb 44220 COUERON<\/p>\n<p>Nous remercions les ami-e-s du soutien apport\u00e9 \u00e0 notre camarade.<\/p>\n<p><strong>La legal team<\/strong>, le 16 d\u00e9cembre 2012<\/p>\n<p><em>Jura Libertaire, 16 d\u00e9cembre 2012<\/em><\/p>\n<\/div>\n","protected":false},"excerpt":{"rendered":"<p>R\u00e9cit d\u2019une garde \u00e0 vue ordinaire Jeudi 13 d\u00e9cembre. J\u2019\u00e9tais \u00e0 Nantes, dans le tramway. Je suis mont\u00e9 \u00e0 l\u2019arr\u00eat 50 Otages vers 15h30. Au terminus Gare de Pont Rousseau, nous n\u2019\u00e9tions plus que deux dans le tramway, moi et un autre homme \u00e0 qui je n\u2019avais pas pr\u00eat\u00e9 attention. Alors que je m\u2019appr\u00eatais \u00e0 &hellip; <a href=\"https:\/\/fa86.noblogs.org\/?p=7517\" class=\"more-link\">Continuer la lecture de <span class=\"screen-reader-text\">[Notre-Dame-des-Landes] La r\u00e9pression continue<\/span> <span class=\"meta-nav\">&rarr;<\/span><\/a><\/p>\n","protected":false},"author":2691,"featured_media":0,"comment_status":"open","ping_status":"open","sticky":false,"template":"","format":"standard","meta":{"footnotes":""},"categories":[9,12,16,4],"tags":[],"class_list":["post-7517","post","type-post","status-publish","format-standard","hentry","category-la-rue-grogne","category-okupa-y-resiste","category-repression","category-se-trouver"],"_links":{"self":[{"href":"https:\/\/fa86.noblogs.org\/index.php?rest_route=\/wp\/v2\/posts\/7517","targetHints":{"allow":["GET"]}}],"collection":[{"href":"https:\/\/fa86.noblogs.org\/index.php?rest_route=\/wp\/v2\/posts"}],"about":[{"href":"https:\/\/fa86.noblogs.org\/index.php?rest_route=\/wp\/v2\/types\/post"}],"author":[{"embeddable":true,"href":"https:\/\/fa86.noblogs.org\/index.php?rest_route=\/wp\/v2\/users\/2691"}],"replies":[{"embeddable":true,"href":"https:\/\/fa86.noblogs.org\/index.php?rest_route=%2Fwp%2Fv2%2Fcomments&post=7517"}],"version-history":[{"count":1,"href":"https:\/\/fa86.noblogs.org\/index.php?rest_route=\/wp\/v2\/posts\/7517\/revisions"}],"predecessor-version":[{"id":7518,"href":"https:\/\/fa86.noblogs.org\/index.php?rest_route=\/wp\/v2\/posts\/7517\/revisions\/7518"}],"wp:attachment":[{"href":"https:\/\/fa86.noblogs.org\/index.php?rest_route=%2Fwp%2Fv2%2Fmedia&parent=7517"}],"wp:term":[{"taxonomy":"category","embeddable":true,"href":"https:\/\/fa86.noblogs.org\/index.php?rest_route=%2Fwp%2Fv2%2Fcategories&post=7517"},{"taxonomy":"post_tag","embeddable":true,"href":"https:\/\/fa86.noblogs.org\/index.php?rest_route=%2Fwp%2Fv2%2Ftags&post=7517"}],"curies":[{"name":"wp","href":"https:\/\/api.w.org\/{rel}","templated":true}]}}