{"id":7527,"date":"2012-12-18T09:19:58","date_gmt":"2012-12-18T08:19:58","guid":{"rendered":"http:\/\/fa86.noblogs.org\/?p=7527"},"modified":"2012-12-18T09:20:26","modified_gmt":"2012-12-18T08:20:26","slug":"rouille-86-des-usagers-du-ter-bloquent-a-nouveau-le-train","status":"publish","type":"post","link":"https:\/\/fa86.noblogs.org\/?p=7527","title":{"rendered":"[Rouill\u00e9 &#8211; 86] Des usagers du TER bloquent \u00e0 nouveau le train"},"content":{"rendered":"<p style=\"text-align: justify\"><em><strong>NdPN<\/strong> : \u00e0 ce sujet, voir <a href=\"https:\/\/fa86.noblogs.org\/?p=7391\" target=\"_blank\"><strong>ici<\/strong> <\/a>et <a href=\"https:\/\/fa86.noblogs.org\/?p=7395\" target=\"_blank\"><strong>l\u00e0<\/strong><\/a>.<\/em><\/p>\n<p style=\"text-align: justify\"><a href=\"http:\/\/www.lanouvellerepublique.fr\/Vienne\/Actualite\/24-Heures\/n\/Contenus\/Articles\/2012\/12\/18\/Le-TER-La-Rochelle-Poitiers-bloque-en-gare-de-Rouille\" target=\"_blank\"><strong>Le TER La Rochelle-Poitiers bloqu\u00e9 en gare de Rouill\u00e9<\/strong><\/a><\/p>\n<p style=\"text-align: justify\">Le collectif des usagers du TER continue de r\u00e9clamer des arr\u00eats suppl\u00e9mentaires en Pays m\u00e9lusin. Une nouvelle manifestation est pr\u00e9vue le 24 d\u00e9cembre.<\/p>\n<p style=\"text-align: justify\">Il pleut, il vente, mais le Collectif rullicois des usagers du TER ne d\u00e9sarme pas. Plus nombreux encore que le lundi pr\u00e9c\u00e9dent, les manifestants ont de nouveau bloqu\u00e9 le train La Rochelle &#8211; Poitiers de 8\u2009h, hier matin, en gare de Rouill\u00e9. Les repr\u00e9sentants de la SNCF venus de Poitiers \u00e9taient sur place avec le chef \u00ab incident local \u00bb et le directeur \u00ab s\u00e9curit\u00e9 protection \u00bb, Bertrand Egal. Les gendarmes de la communaut\u00e9 de brigades de Vivonne \u00e9taient \u00e9galement l\u00e0 ainsi que &#8211; nouveaut\u00e9 &#8211; un huissier de justice mandat\u00e9 par la SNCF pour constater l\u00e9galement les faits.<\/p>\n<div style=\"text-align: justify\">\n<p>Le train, exceptionnellement compos\u00e9 d&rsquo;une seule rame en raison de la gr\u00e8ve, a de nouveau \u00e9t\u00e9 stopp\u00e9, avant la gare, par les signaux r\u00e9glementaires, avant de recevoir l&rsquo;ordre de repartir au pas pour s&rsquo;arr\u00eater ensuite devant les manifestants post\u00e9s sur la voie. Les portes ont alors \u00e9t\u00e9 ouvertes et dix nouveaux passagers pour Poitiers sont mont\u00e9s dans la rame d\u00e9j\u00e0 bond\u00e9e. Les membres du collectif se sont f\u00e9licit\u00e9s de cette action men\u00e9e en pr\u00e9sence des \u00e9lus locaux, le maire R\u00e9mi Gault en t\u00eate, et d&rsquo;\u00e9lus de communes voisines, solidaires\u2009: Bernard Beaubeau, maire de Jazeneuil, vice-pr\u00e9sident de la communaut\u00e9 de communes, Marinette Gu\u00e9rin, adjointe \u00e0 Saint-Sauvant et suppl\u00e9ante du conseiller g\u00e9n\u00e9ral du canton m\u00e9lusin. Avant de se s\u00e9parer, les personnes pr\u00e9sentes ont pr\u00e9venu que lundi prochain, 24 d\u00e9cembre, \u00e0 la m\u00eame heure, sur le m\u00eame site, une nouvelle action serait men\u00e9e. \u00c0 moins qu&rsquo;en cette veille de No\u00ebl une r\u00e9ponse positive soit faite \u00e0 la demande d&rsquo;arr\u00eats suppl\u00e9mentaires en gare de Rouill\u00e9. Parmi les adultes pr\u00e9sents sur le quai, il en est tellement qui voudraient encore croire au p\u00e8re No\u00ebl\u2026<\/p>\n<p>social<\/p>\n<p><strong>Gr\u00e8ve tr\u00e8s suivie dans les TER<\/strong><\/p>\n<p>La circulation des trains express r\u00e9gionaux a \u00e9t\u00e9 consid\u00e9rablement perturb\u00e9e hier et risque de l&rsquo;\u00eatre plus encore aujourd&rsquo;hui par une gr\u00e8ve des contr\u00f4leurs lanc\u00e9e \u00e0 l&rsquo;appel de la CGT et de Sud-Rail. Les contr\u00f4leurs contestent le manque d&rsquo;effectifs et la d\u00e9cision de \u00ab d\u00e9dier \u00bb le personnel de contr\u00f4le aux TGV ou aux TER sans possibilit\u00e9 de passer des uns aux autres. Le nombre de contr\u00f4leurs en gr\u00e8ve a atteint hier entre 60 et 65\u2009%. La circulation des TGV n&rsquo;a pas \u00e9t\u00e9 impact\u00e9e par ce mouvement.<\/p>\n<p><em>Nouvelle R\u00e9publique, 18 d\u00e9cembre 2012<\/em><\/p>\n<\/div>\n<p style=\"text-align: justify\">\n","protected":false},"excerpt":{"rendered":"<p>NdPN : \u00e0 ce sujet, voir ici et l\u00e0. Le TER La Rochelle-Poitiers bloqu\u00e9 en gare de Rouill\u00e9 Le collectif des usagers du TER continue de r\u00e9clamer des arr\u00eats suppl\u00e9mentaires en Pays m\u00e9lusin. Une nouvelle manifestation est pr\u00e9vue le 24 d\u00e9cembre. Il pleut, il vente, mais le Collectif rullicois des usagers du TER ne d\u00e9sarme &hellip; <a href=\"https:\/\/fa86.noblogs.org\/?p=7527\" class=\"more-link\">Continuer la lecture de <span class=\"screen-reader-text\">[Rouill\u00e9 &#8211; 86] Des usagers du TER bloquent \u00e0 nouveau le train<\/span> <span class=\"meta-nav\">&rarr;<\/span><\/a><\/p>\n","protected":false},"author":2691,"featured_media":0,"comment_status":"open","ping_status":"open","sticky":false,"template":"","format":"standard","meta":{"footnotes":""},"categories":[9],"tags":[],"class_list":["post-7527","post","type-post","status-publish","format-standard","hentry","category-la-rue-grogne"],"_links":{"self":[{"href":"https:\/\/fa86.noblogs.org\/index.php?rest_route=\/wp\/v2\/posts\/7527","targetHints":{"allow":["GET"]}}],"collection":[{"href":"https:\/\/fa86.noblogs.org\/index.php?rest_route=\/wp\/v2\/posts"}],"about":[{"href":"https:\/\/fa86.noblogs.org\/index.php?rest_route=\/wp\/v2\/types\/post"}],"author":[{"embeddable":true,"href":"https:\/\/fa86.noblogs.org\/index.php?rest_route=\/wp\/v2\/users\/2691"}],"replies":[{"embeddable":true,"href":"https:\/\/fa86.noblogs.org\/index.php?rest_route=%2Fwp%2Fv2%2Fcomments&post=7527"}],"version-history":[{"count":2,"href":"https:\/\/fa86.noblogs.org\/index.php?rest_route=\/wp\/v2\/posts\/7527\/revisions"}],"predecessor-version":[{"id":7529,"href":"https:\/\/fa86.noblogs.org\/index.php?rest_route=\/wp\/v2\/posts\/7527\/revisions\/7529"}],"wp:attachment":[{"href":"https:\/\/fa86.noblogs.org\/index.php?rest_route=%2Fwp%2Fv2%2Fmedia&parent=7527"}],"wp:term":[{"taxonomy":"category","embeddable":true,"href":"https:\/\/fa86.noblogs.org\/index.php?rest_route=%2Fwp%2Fv2%2Fcategories&post=7527"},{"taxonomy":"post_tag","embeddable":true,"href":"https:\/\/fa86.noblogs.org\/index.php?rest_route=%2Fwp%2Fv2%2Ftags&post=7527"}],"curies":[{"name":"wp","href":"https:\/\/api.w.org\/{rel}","templated":true}]}}