{"id":7530,"date":"2012-12-18T09:28:59","date_gmt":"2012-12-18T08:28:59","guid":{"rendered":"http:\/\/fa86.noblogs.org\/?p=7530"},"modified":"2012-12-18T09:28:59","modified_gmt":"2012-12-18T08:28:59","slug":"86-nous-on-suit-la-procedure-on-met-de-la-javel-sur-les-produits-perimes","status":"publish","type":"post","link":"https:\/\/fa86.noblogs.org\/?p=7530","title":{"rendered":"[86] \u00ab\u00a0Nous, on suit la proc\u00e9dure. On met de la javel sur les produits p\u00e9rim\u00e9s\u00a0\u00bb"},"content":{"rendered":"<p style=\"text-align: justify\"><em><strong>NdPN<\/strong> : au sujet de la r\u00e9cup&rsquo;, pour rappel, quelques articles sur une affaire de r\u00e9pression\u00a0qui s&rsquo;est pass\u00e9e il y a un an,\u00a0<a href=\"https:\/\/fa86.noblogs.org\/?p=2560\" target=\"_blank\"><strong>ici<\/strong><\/a>, <a href=\"https:\/\/fa86.noblogs.org\/?p=3069\" target=\"_blank\"><strong>l\u00e0<\/strong> <\/a>et <a href=\"https:\/\/fa86.noblogs.org\/?p=2182\" target=\"_blank\"><strong>l\u00e0<\/strong><\/a>. Sur la mis\u00e8re, voir <a href=\"https:\/\/fa86.noblogs.org\/?p=3399\" target=\"_blank\"><strong>ici<\/strong><\/a>. Et voici deux articles sur la r\u00e9cup&rsquo; dans les poubelles. On notera les r\u00e9actions toutes philanthropes des responsables des magasins.<\/em><\/p>\n<p style=\"text-align: justify\"><a href=\"http:\/\/www.lanouvellerepublique.fr\/Vienne\/Actualite\/Economie-social\/n\/Contenus\/Articles\/2012\/12\/18\/Ils-font-les-poubelles-pour-pouvoir-manger\" target=\"_blank\"><strong>Ils font les poubelles pour pouvoir manger<\/strong><\/a><\/p>\n<p style=\"text-align: justify\">On les appelle les \u201c\u2009glaneurs\u2009\u201d. Ils font les poubelles des supermarch\u00e9s pour se nourrir. Un ph\u00e9nom\u00e8ne qui traduit une aggravation de la pauvret\u00e9 en ville.<\/p>\n<p style=\"text-align: justify\">Un vendredi soir devant une sup\u00e9rette en plein centre-ville. Huit personnes, des femmes, des hommes et un enfant, patientent depuis une vingtaine de minutes dans le froid.<\/p>\n<p style=\"text-align: justify\">Les uns sont venus en voiture\u2009; d&rsquo;autres, des jeunes, en scooter. Deux sont visiblement des SDF. Tous sont l\u00e0 pour \u00ab glaner \u00bb, un euph\u00e9misme pour d\u00e9signer pudiquement une triste r\u00e9alit\u00e9. Faire les poubelles pour trouver de quoi se nourrir. Vingt heures. Les employ\u00e9es du magasin sortent un container. Le groupe se rue dessus. Les gens fouillent sans m\u00e9nagement dans les d\u00e9tritus. La r\u00e9colte est maigre, quelques l\u00e9gumes, du thon en boite, une canette. Triste pitance. La sc\u00e8ne n&rsquo;a dur\u00e9 que quelques minutes.<\/p>\n<p style=\"text-align: justify\"><strong>\u00ab\u00a0\u2009L\u00e0, ils n&rsquo;ont pas mis de salade ni de poireaux\u2009\u00a0\u00bb<\/strong><\/p>\n<p style=\"text-align: justify\">Impossible de nouer le contact avec les glaneurs. &#8211;<em> \u00ab Bonsoir, je suis journaliste<\/em>\u2026 <em>\u00bb<\/em> &#8211; <em>\u00ab Oh, la, la, laissez-moi tranquille, je suis une maman \u00bb<\/em>, r\u00e9pond en se retournant une femme d&rsquo;une cinquantaine d&rsquo;ann\u00e9es. La derni\u00e8re \u00e0 tenter de r\u00e9cup\u00e9rer quelques miettes dans le container est une retrait\u00e9e. <em>\u00ab L\u00e0, ils n&rsquo;ont pas mis de salade ni de poireaux. Pendant un temps, ils en jetaient beaucoup plus mais comme les gens leur faisaient des salet\u00e9s\u2026 \u00bb<\/em>, regrette la vieille femme. Manteau \u00e9lim\u00e9, elle dit avoir 85 ans, vivre seule et avoue <em>\u00ab faire \u00e7a depuis longtemps \u00bb<\/em>. Mais pas pour elle, affirme-t-elle, sans qu&rsquo;on la croie vraiment.<em> \u00ab J&rsquo;aide certaines personnes avec un handicap\u00e9, des gens que je connais [\u2026] Moi, je me d\u00e9brouille avec ce que j&rsquo;ai. J&rsquo;ai \u00e9t\u00e9 habitu\u00e9e \u00bb<\/em>, assure l&rsquo;octog\u00e9naire en extrayant des ordures une bouteille de jus d&rsquo;orange \u00e0 moiti\u00e9 pleine qu&rsquo;elle range soigneusement dans son sac. Elle rentrera chez elle \u00e0 pied. Le \u00ab glanage \u00bb n&rsquo;est pas nouveau mais tend \u00e0 se d\u00e9velopper. C&rsquo;est un marqueur de la crise et de la pauvret\u00e9. Le g\u00e9rant du magasin concern\u00e9, Jean-Charles Roy, voit \u00e7a toutes les semaines. En tout cas depuis qu&rsquo;il est arriv\u00e9, il y a deux ans et demi. <em>\u00ab Ce n&rsquo;est pas r\u00e9cent<\/em>, confirme-t-il.<em> Nous, on suit la proc\u00e9dure. On met de la javel sur les produits p\u00e9rim\u00e9s. Mais, \u00e7a ne les arr\u00eate pas\u2009! \u00bb<\/em> La mis\u00e8re, c&rsquo;est ici et maintenant.<\/p>\n<p style=\"text-align: justify\">le chiffre<\/p>\n<p style=\"text-align: justify\"><strong>15<\/strong><\/p>\n<p style=\"text-align: justify\"><strong>C&rsquo;est en pourcentage, la part des Ch\u00e2telleraudais qui vivaient en 2009 avec un revenu inf\u00e9rieur ou \u00e9gal \u00e0 942\u2009\u20ac par mois <\/strong>(source Insee). Soit 12.639 personnes. Selon les donn\u00e9es fournies par le CCAS, le revenu moyen est aujourd&rsquo;hui de 19.350\u2009\u20ac sur la zone d&#8217;emploi, contre 20.279\u2009\u20ac pour la moyenne d\u00e9partementale et 22.000\u2009\u20ac au niveau national. <em>\u00ab Au regard de la situation de 2009, la situation n&rsquo;est pas catastrophique mais elle est probl\u00e9matique \u00bb<\/em>, analyse Fran\u00e7oise Braud, adjointe au maire charg\u00e9e de l&rsquo;action sociale.<\/p>\n<p style=\"text-align: justify\">\u00e0 savoir<\/p>\n<p style=\"text-align: justify\"><strong>2.750 b\u00e9n\u00e9ficiaires du RSA sur la ville<\/strong><\/p>\n<p style=\"text-align: justify\">Parler de pauvret\u00e9 \u00e0 Ch\u00e2tellerault, c&rsquo;est d&rsquo;abord essayer de dessiner une tendance dans les chiffres. Ceux du RSA (revenu de solidarit\u00e9 active mis en place en 2009) par exemple. Pour la ville, le nombre de b\u00e9n\u00e9ficiaires s&rsquo;\u00e9l\u00e8ve \u00e0 2.750 en 2012 (*), selon les statistiques fournies par le conseil g\u00e9n\u00e9ral. L&rsquo;augmentation est bien r\u00e9elle depuis 2010 (+ 35,8\u2009%) et par rapport \u00e0 2011 (+ 16\u2009%). <em>\u00ab On s&rsquo;attend \u00e0 une progression pour la suite<\/em>, explique Brigitte Hummel, directrice de l&rsquo;insertion au D\u00e9partement. <em>Ce sont les effets \u00e0 retardement de la crise. Les personnes qui n&rsquo;ont pas retrouv\u00e9 un emploi arrivent aujourd&rsquo;hui en fin de droits \u00bb.<\/em> La part de Ch\u00e2tellerault sur le nombre total des b\u00e9n\u00e9ficiaires du RSA dans la Vienne repr\u00e9sente un quart. A noter que sur l&rsquo;ensemble du d\u00e9partement, 52\u2009% des allocataires sont seuls sans enfant et 32\u2009% en famille monoparentale. <em>\u00ab L&rsquo;isolement est un facteur de pr\u00e9carit\u00e9 \u00bb<\/em>, commentent les services du conseil g\u00e9n\u00e9ral. Pr\u00e8s de 58\u2009% des gens sont dans le dispositif depuis 2 ans et 70\u2009% dans la tranche 25-49 ans. Vu le contexte, la difficult\u00e9 est grande d&rsquo;assurer actuellement le volet \u00ab accompagnement \u00bb du RSA. La \u00ab concurrence \u00bb entre les diff\u00e9rents dispositifs n&rsquo;est \u00e9videmment pas favorable au public qui est le plus \u00e9loign\u00e9 de l&#8217;emploi.<\/p>\n<p style=\"text-align: justify\"><em>(*) Le chiffre comprend le RSA \u00ab socle \u00bb (seul), le RSA \u00ab socle + activit\u00e9 \u00bb et le RSA \u00ab activit\u00e9 \u00bb. Les deux premiers sont pris sur le budget du d\u00e9partement, le 3<sup>e<\/sup> pris en charge par l&rsquo;\u00c9tat.<\/em><\/p>\n<p style=\"text-align: justify\"><em>Nouvelle R\u00e9publique, Franck Bastard, 18 d\u00e9cembre 2012<\/em><\/p>\n<p style=\"text-align: justify\"><a href=\"http:\/\/www.lanouvellerepublique.fr\/Vienne\/Actualite\/Economie-social\/n\/Contenus\/Articles\/2012\/12\/18\/Les-supermarches-face-au-glanage\" target=\"_blank\"><strong>Les supermarch\u00e9s face au \u00a0\u00bb glanage \u00ab\u00a0<\/strong><\/a><\/p>\n<p style=\"text-align: justify\"><em>Tendance en pleine explosion ou \u00e9piph\u00e9nom\u00e8ne\u2009? A en croire les g\u00e9rants de supermarch\u00e9s que nous avons interrog\u00e9s, le \u00ab glanage \u00bb d\u00e9range en tout cas suffisamment pour que des mesures, parfois radicales, soient prises. Le d\u00e9bat est de savoir s&rsquo;il faut ou pas laisser faire. <em>\u00ab Moi, \u00e7a fait dix-huit mois que je suis l\u00e0\u2009: c&rsquo;\u00e9tait \u00e9pisodique, c&rsquo;est devenu syst\u00e9matique<\/em>, assure sous couvert d&rsquo;anonymat un g\u00e9rant de sup\u00e9rette \u00e0 la Plaine d&rsquo;Ozon. <em>Tous les deux jours, \u00e0 sept heures et demie, quand je sors le container \u00e0 poubelles, il peut y avoir jusqu&rsquo;\u00e0 six personnes qui attendent derri\u00e8re la porte. Ils trient. Ils ne prennent pas n&rsquo;importe quoi. Ils disent que c&rsquo;est pour les animaux. \u00bb<\/em><\/em><\/p>\n<p style=\"text-align: justify\"><strong>\u00ab\u00a0\u2009Une fois sur deux, je mets de l&rsquo;eau de javel\u2009\u00a0\u00bb<\/strong><\/p>\n<p style=\"text-align: justify\">Le commer\u00e7ant en question applique la politique maison\u2009: <em>\u00ab Je sais qu&rsquo;il en va de ma responsabilit\u00e9 s&rsquo;il se passe quoi que ce soit. Une fois sur deux, je mets de l&rsquo;eau de javel. Il y a un affichage dans le magasin. Les gens sont pr\u00e9venus mais prennent quand m\u00eame. \u00bb<\/em> Chez Super U, dans la rue du Paradis, le constat sur le ph\u00e9nom\u00e8ne est peu ou prou le m\u00eame\u2009: <em>\u00ab Avant, les gens attendaient parfois pendant trois heures le matin qu&rsquo;on sorte les poubelles<\/em>, commente l&rsquo;enseigne. <em>Non, du chlore on n&rsquo;en mettait pas. Le probl\u00e8me pour nous, c&rsquo;est qu&rsquo;ils en mettaient partout et on \u00e9tait oblig\u00e9 de nettoyer derri\u00e8re. \u00bb<\/em> Mais \u00e7a, c&rsquo;\u00e9tait avant\u2009: \u00ab<em> Depuis 4-5 mois, on attend que les rippeurs sonnent pour sortir les containers. \u00bb<\/em> Auchan indique pour sa part ne pas \u00eatre concern\u00e9 par le probl\u00e8me. <em>\u00ab Pour la bonne raison que tout ce qui est recyclage de d\u00e9chets n&rsquo;est pas accessible au client \u00bb<\/em>, comme le pr\u00e9cise Fran\u00e7ois Pulido, directeur de l&rsquo;hypermarch\u00e9. Le m\u00eame vante au passage l&rsquo;action de son enseigne contre le gaspillage alimentaire\u2009: <em>\u00ab Quotidiennement, on fait don de nos surplus alimentaires \u00e0 l&rsquo;\u00e9picerie sociale de Ch\u00e2tellerault. Quelqu&rsquo;un passe tous les jours chez nous pour r\u00e9cup\u00e9rer des produits conditionn\u00e9s dans les r\u00e8gles pour qu&rsquo;il n&rsquo;y ait pas d&rsquo;accident alimentaire. \u00bb<\/em> Auchan affirme ainsi fournir l&rsquo;\u00e9quivalent de 11.000 repas par an \u00e0 l&rsquo;\u00e9picerie sociale.<\/p>\n<p style=\"text-align: justify\"><em>Nouvelle R\u00e9publique, 18 d\u00e9cembre 2012<\/em><\/p>\n","protected":false},"excerpt":{"rendered":"<p>NdPN : au sujet de la r\u00e9cup&rsquo;, pour rappel, quelques articles sur une affaire de r\u00e9pression\u00a0qui s&rsquo;est pass\u00e9e il y a un an,\u00a0ici, l\u00e0 et l\u00e0. Sur la mis\u00e8re, voir ici. Et voici deux articles sur la r\u00e9cup&rsquo; dans les poubelles. On notera les r\u00e9actions toutes philanthropes des responsables des magasins. Ils font les poubelles &hellip; <a href=\"https:\/\/fa86.noblogs.org\/?p=7530\" class=\"more-link\">Continuer la lecture de <span class=\"screen-reader-text\">[86] \u00ab\u00a0Nous, on suit la proc\u00e9dure. On met de la javel sur les produits p\u00e9rim\u00e9s\u00a0\u00bb<\/span> <span class=\"meta-nav\">&rarr;<\/span><\/a><\/p>\n","protected":false},"author":2691,"featured_media":0,"comment_status":"open","ping_status":"open","sticky":false,"template":"","format":"standard","meta":{"footnotes":""},"categories":[7,16],"tags":[],"class_list":["post-7530","post","type-post","status-publish","format-standard","hentry","category-propagande-marchande","category-repression"],"_links":{"self":[{"href":"https:\/\/fa86.noblogs.org\/index.php?rest_route=\/wp\/v2\/posts\/7530","targetHints":{"allow":["GET"]}}],"collection":[{"href":"https:\/\/fa86.noblogs.org\/index.php?rest_route=\/wp\/v2\/posts"}],"about":[{"href":"https:\/\/fa86.noblogs.org\/index.php?rest_route=\/wp\/v2\/types\/post"}],"author":[{"embeddable":true,"href":"https:\/\/fa86.noblogs.org\/index.php?rest_route=\/wp\/v2\/users\/2691"}],"replies":[{"embeddable":true,"href":"https:\/\/fa86.noblogs.org\/index.php?rest_route=%2Fwp%2Fv2%2Fcomments&post=7530"}],"version-history":[{"count":2,"href":"https:\/\/fa86.noblogs.org\/index.php?rest_route=\/wp\/v2\/posts\/7530\/revisions"}],"predecessor-version":[{"id":7532,"href":"https:\/\/fa86.noblogs.org\/index.php?rest_route=\/wp\/v2\/posts\/7530\/revisions\/7532"}],"wp:attachment":[{"href":"https:\/\/fa86.noblogs.org\/index.php?rest_route=%2Fwp%2Fv2%2Fmedia&parent=7530"}],"wp:term":[{"taxonomy":"category","embeddable":true,"href":"https:\/\/fa86.noblogs.org\/index.php?rest_route=%2Fwp%2Fv2%2Fcategories&post=7530"},{"taxonomy":"post_tag","embeddable":true,"href":"https:\/\/fa86.noblogs.org\/index.php?rest_route=%2Fwp%2Fv2%2Ftags&post=7530"}],"curies":[{"name":"wp","href":"https:\/\/api.w.org\/{rel}","templated":true}]}}