{"id":7533,"date":"2012-12-18T17:50:03","date_gmt":"2012-12-18T16:50:03","guid":{"rendered":"http:\/\/fa86.noblogs.org\/?p=7533"},"modified":"2012-12-18T17:50:39","modified_gmt":"2012-12-18T16:50:39","slug":"nantes-les-petites-fiches-de-la-mairie-sur-les-sdf","status":"publish","type":"post","link":"https:\/\/fa86.noblogs.org\/?p=7533","title":{"rendered":"[Nantes] Les petites fiches de la mairie sur les SDF"},"content":{"rendered":"<p style=\"text-align: justify\"><a href=\"http:\/\/www.lepoint.fr\/politique\/exclusif-les-droles-de-fiches-de-la-mairie-de-nantes-18-12-2012-1603148_20.php\" target=\"_blank\"><strong>Les dr\u00f4les de fiches de la mairie de Nantes<\/strong><\/a><\/p>\n<p style=\"text-align: justify\">Le Point.fr publie un listing informatis\u00e9 qui prouve qu&rsquo;en 2006 tous les SDF de la ville de Jean-Marc Ayrault ont \u00e9t\u00e9 ill\u00e9galement fich\u00e9s.<\/p>\n<p style=\"text-align: justify\">Olivier consomme de l&rsquo;alcool, consomme des drogues (dures et douces). Il a effectu\u00e9 une cure de d\u00e9sintoxication. Il a eu plusieurs probl\u00e8mes avec la justice. Il a \u00e9t\u00e9 condamn\u00e9 \u00e0 6 mois de prison ferme le 9 novembre 2005 \u00e0 la suite d&rsquo;une agression sur un ancien gardien d&rsquo;immeuble.<\/p>\n<p style=\"text-align: justify\">Nom, pr\u00e9nom, date de naissance, surnom, ant\u00e9c\u00e9dents judiciaires, toxicomanie, alcoolisme, fumant ou non du cannabis, vivant ou non en squat, probl\u00e8mes psychiatriques&#8230; Le Point.fr a eu acc\u00e8s \u00e0 un fichier ill\u00e9gal constitu\u00e9 par la mairie de Nantes sur ses SDF du temps o\u00f9 Jean-Marc Ayrault \u00e9tait maire de la ville. <a href=\"http:\/\/www.lepoint2.com\/pdf\/sdf-nantes2.pdf\" target=\"_blank\">Il s&rsquo;agit d&rsquo;un document informatis\u00e9 datant de 2006 et comprenant 129 noms<\/a>. Les habitudes de chaque SDF sont consign\u00e9es jusqu&rsquo;aux moindres d\u00e9tails, m\u00eame les plus intimes, y compris les relations homosexuelles. Le Point.fr vous propose de consulter deux de ces fiches individuelles: cliquez sur les liens pour d\u00e9couvrir <a href=\"http:\/\/www.lepoint2.com\/pdf\/fiche-sdf1.pdf\" target=\"_blank\">la premi\u00e8re<\/a> et <a href=\"http:\/\/www.lepoint2.com\/pdf\/fiche-sdf2.pdf\" target=\"_blank\">la deuxi\u00e8me<\/a>. La rubrique \u00ab\u00a0CCAS\u00a0\u00bb, pour centre communal d&rsquo;action sociale, laisse supposer que des agents de cette structure ont enfreint le secret professionnel pour nourrir les fiches. De m\u00eame, il semble que certaines informations sur les ant\u00e9c\u00e9dents aient \u00e9t\u00e9 puis\u00e9es dans les services de police.<\/p>\n<p style=\"text-align: justify\">Ce fichage m\u00e9thodique aurait \u00e9t\u00e9 mis en place apr\u00e8s l&rsquo;arriv\u00e9e \u00e0 Nantes de Gilles Nicolas comme directeur de la r\u00e9glementation et de la tranquillit\u00e9 publique. Lorsqu&rsquo;il prend ses fonctions, en 2004, ce commissaire divisionnaire des RG est mis \u00e0 disposition par le minist\u00e8re de l&rsquo;Int\u00e9rieur. Proche de Jean-Marc Ayrault, le policier est rep\u00each\u00e9 en 2008, \u00e0 l&rsquo;\u00e2ge de la retraite, comme adjoint au maire charg\u00e9 de la s\u00e9curit\u00e9. Cette m\u00eame ann\u00e9e, il est remplac\u00e9 \u00e0 son poste par un autre commissaire lui aussi \u00ab\u00a0pr\u00eat\u00e9\u00a0\u00bb par la Place Beauvau, Didier Fillion-Nicolet, alors directeur du renseignement int\u00e9rieur dans le d\u00e9partement. En 2011, un troisi\u00e8me commissaire, Lionel Edmond, ancien num\u00e9ro deux des RG \u00e0 Nantes, est \u00e0 son tour d\u00e9tach\u00e9 \u00e0 la mairie. Trois anciens commissaires des RG dans une mairie, c&rsquo;est unique en France ! Certaines municipalit\u00e9s font appel \u00e0 des responsables venus de la s\u00e9curit\u00e9 publique pour diriger leur police ou leur service de s\u00e9curit\u00e9, mais pas \u00e0 des policiers venus du renseignement.<\/p>\n<p style=\"text-align: justify\"><strong>Inqui\u00e9tude des opposants \u00e0 Notre-Dame-des-Landes<\/strong><\/p>\n<p style=\"text-align: justify\">Ce tropisme de la municipalit\u00e9 de Nantes pour des policiers issus du renseignement inqui\u00e8te. \u00ab\u00a0Qu&rsquo;est-ce qui nous prouve qu&rsquo;il n&rsquo;y a pas eu d&rsquo;autres cat\u00e9gories de la population nantaise fich\u00e9es ?\u00a0\u00bb s&rsquo;interroge un fonctionnaire d&rsquo;une collectivit\u00e9 locale qui souhaite conserver l&rsquo;anonymat. Du c\u00f4t\u00e9 des opposants \u00e0 l&rsquo;a\u00e9roport de Notre-Dame-des-Landes, un projet d\u00e9fendu bec et ongles par Jean-Marc Ayrault, on se pose les m\u00eames questions&#8230; La pr\u00e9sence \u00e0 la mairie de deux ex-RG qui ont eu \u00e0 traiter, lorsqu&rsquo;ils \u00e9taient en poste dans le d\u00e9partement, l&rsquo;\u00e9pineux dossier de l&rsquo;a\u00e9roport est d\u00e9nonc\u00e9e comme un m\u00e9lange des genres. \u00ab\u00a0Je trouve cela choquant et \u00e7a m&rsquo;interroge, affirme l&rsquo;agriculteur Michel Tarin, tr\u00e8s engag\u00e9 dans la lutte contre le projet. Depuis le d\u00e9but, tout est tr\u00e8s bien ficel\u00e9 dans cette affaire.\u00a0\u00bb<\/p>\n<p style=\"text-align: justify\">Interrog\u00e9s par Le Point.fr, Gilles Nicolas et Didier Fillion-Nicolet jurent, eux, qu&rsquo;il n&rsquo;y a \u00ab\u00a0aucun conflit d&rsquo;int\u00e9r\u00eats\u00a0\u00bb et que les turbulences autour de Notre-Dame-des-Landes ne rentrent pas dans le cadre de leur mission actuelle. \u00ab\u00a0C&rsquo;est une construction intellectuelle\u00a0\u00bb, affirme l&rsquo;adjoint au maire Gilles Nicolas. Ce n&rsquo;est pas la premi\u00e8re fois que la police municipale de Jean-Marc Ayrault d\u00e9fraie la chronique. R\u00e9cemment, des accusations ont \u00e9t\u00e9 port\u00e9es contre certains policiers municipaux qui auraient us\u00e9 de violence ill\u00e9gitime. Par ailleurs, en 2009, une note de service avait intim\u00e9 l&rsquo;ordre aux policiers municipaux de faire des contr\u00f4les pr\u00e9ventifs des Roms.<\/p>\n<p style=\"text-align: justify\">Pourquoi, alors, avoir embauch\u00e9 autant d&rsquo;hommes du renseignement ? <em>\u00ab\u00a0<\/em>J&rsquo;ai recrut\u00e9 des comp\u00e9tences avant tout sur des probl\u00e9matiques de s\u00e9curit\u00e9\u00a0\u00bb, s&rsquo;agace Gilles Nicolas. Quant \u00e0 ce fichage des SDF ? Didier Fillion-Nicolet se d\u00e9fausse sur son pr\u00e9d\u00e9cesseur : \u00ab\u00a0C&rsquo;\u00e9tait avant que j&rsquo;arrive. Depuis, tout a \u00e9t\u00e9 rectifi\u00e9 et on a m\u00eame un correspondant de la Commission nationale de l&rsquo;informatique et des libert\u00e9s en mairie depuis 2010.\u00a0\u00bb Gilles Nicolas met en avant, lui, le fait que cette fameuse Cnil n&rsquo;a jamais rien trouv\u00e9 \u00e0 redire lors de ses inspections. Au contraire, elle se serait m\u00eame fendue d&rsquo;un satisfecit&#8230; Mais ont-ils pris connaissance de ce fameux fichier ? Contact\u00e9e par Le Point.fr, la Cnil n&rsquo;a pas trouv\u00e9 le temps de r\u00e9pondre \u00e0 nos questions&#8230;<\/p>\n<p style=\"text-align: justify\">Suite \u00e0 la parution de cet article, la ville de Nantes \u00ab\u00a0d\u00e9ment toute politique de fichage\u00a0\u00bb dans un communiqu\u00e9. Pour la municipalit\u00e9, les r\u00e9v\u00e9lations du <em>Point<\/em> concernent \u00ab\u00a0des pratiques professionnelles mal contr\u00f4l\u00e9es par la ville auxquelles il a \u00e9t\u00e9 mis fin. Ce fichier non conforme a \u00e9t\u00e9 d\u00e9truit d\u00e8s que la ville en a eu connaissance.\u00a0\u00bb<\/p>\n<p style=\"text-align: justify\"><em>Jean-Michel D\u00e9cugis et Christophe Labb\u00e9, Le Point.fr, 18 d\u00e9cembre 2012<\/em><\/p>\n","protected":false},"excerpt":{"rendered":"<p>Les dr\u00f4les de fiches de la mairie de Nantes Le Point.fr publie un listing informatis\u00e9 qui prouve qu&rsquo;en 2006 tous les SDF de la ville de Jean-Marc Ayrault ont \u00e9t\u00e9 ill\u00e9galement fich\u00e9s. Olivier consomme de l&rsquo;alcool, consomme des drogues (dures et douces). Il a effectu\u00e9 une cure de d\u00e9sintoxication. Il a eu plusieurs probl\u00e8mes avec &hellip; <a href=\"https:\/\/fa86.noblogs.org\/?p=7533\" class=\"more-link\">Continuer la lecture de <span class=\"screen-reader-text\">[Nantes] Les petites fiches de la mairie sur les SDF<\/span> <span class=\"meta-nav\">&rarr;<\/span><\/a><\/p>\n","protected":false},"author":2691,"featured_media":0,"comment_status":"open","ping_status":"open","sticky":false,"template":"","format":"standard","meta":{"footnotes":""},"categories":[16],"tags":[],"class_list":["post-7533","post","type-post","status-publish","format-standard","hentry","category-repression"],"_links":{"self":[{"href":"https:\/\/fa86.noblogs.org\/index.php?rest_route=\/wp\/v2\/posts\/7533","targetHints":{"allow":["GET"]}}],"collection":[{"href":"https:\/\/fa86.noblogs.org\/index.php?rest_route=\/wp\/v2\/posts"}],"about":[{"href":"https:\/\/fa86.noblogs.org\/index.php?rest_route=\/wp\/v2\/types\/post"}],"author":[{"embeddable":true,"href":"https:\/\/fa86.noblogs.org\/index.php?rest_route=\/wp\/v2\/users\/2691"}],"replies":[{"embeddable":true,"href":"https:\/\/fa86.noblogs.org\/index.php?rest_route=%2Fwp%2Fv2%2Fcomments&post=7533"}],"version-history":[{"count":3,"href":"https:\/\/fa86.noblogs.org\/index.php?rest_route=\/wp\/v2\/posts\/7533\/revisions"}],"predecessor-version":[{"id":7536,"href":"https:\/\/fa86.noblogs.org\/index.php?rest_route=\/wp\/v2\/posts\/7533\/revisions\/7536"}],"wp:attachment":[{"href":"https:\/\/fa86.noblogs.org\/index.php?rest_route=%2Fwp%2Fv2%2Fmedia&parent=7533"}],"wp:term":[{"taxonomy":"category","embeddable":true,"href":"https:\/\/fa86.noblogs.org\/index.php?rest_route=%2Fwp%2Fv2%2Fcategories&post=7533"},{"taxonomy":"post_tag","embeddable":true,"href":"https:\/\/fa86.noblogs.org\/index.php?rest_route=%2Fwp%2Fv2%2Ftags&post=7533"}],"curies":[{"name":"wp","href":"https:\/\/api.w.org\/{rel}","templated":true}]}}