{"id":7542,"date":"2012-12-19T10:11:11","date_gmt":"2012-12-19T09:11:11","guid":{"rendered":"http:\/\/fa86.noblogs.org\/?p=7542"},"modified":"2012-12-19T10:11:11","modified_gmt":"2012-12-19T09:11:11","slug":"lunion-europeenne-finance-plus-de-190-programmes-de-recherche-sur-la-securite-et-la-surveillance","status":"publish","type":"post","link":"https:\/\/fa86.noblogs.org\/?p=7542","title":{"rendered":"L\u2019Union europ\u00e9enne finance plus de 190 programmes de recherche sur la s\u00e9curit\u00e9 et la surveillance"},"content":{"rendered":"<div style=\"text-align: justify\">\n<p><a href=\"http:\/\/www.bastamag.net\/article2813.html\" target=\"_blank\"><strong>2013 : comment l\u2019Europe se pr\u00e9pare \u00e0 espionner ses citoyens<\/strong><\/a><\/p>\n<p>Biom\u00e9trie, vid\u00e9osurveillance, drones, d\u00e9tection des comportements anormaux, mod\u00e8les math\u00e9matiques pour identifier des suspects&#8230; L\u2019Union europ\u00e9enne finance plus de 190 programmes de recherche sur la s\u00e9curit\u00e9 et la surveillance. Au grand b\u00e9n\u00e9fice des industriels, qui recyclent les technologies militaires pour surveiller les populations. Alors qu\u2019un nouveau programme de recherche est en cours de discussion \u00e0 Bruxelles, l\u2019Europe continuera-t-elle \u00e0 c\u00e9der aux lobbys industriels et \u00e0 investir des milliards dans le march\u00e9 de la s\u00e9curit\u00e9 ?<\/p>\n<p>Ils portent des noms \u00e9tranges : Tiramisu, Pandora, Lotus, Emphasis, Fidelity, Virtuoso\u2026 En apparence, ce sont d\u2019inoffensifs acronymes. En r\u00e9alit\u00e9, ils cachent 195 projets europ\u00e9ens de recherche dans le domaine de la s\u00e9curit\u00e9 et de la surveillance. Des projets relativement inqui\u00e9tants pour nos libert\u00e9s. Et financ\u00e9s par l\u2019Europe dans le cadre de partenariats public-priv\u00e9.<\/p>\n<p>Exemple le plus embl\u00e9matique : le projet Indect (\u00ab Syst\u00e8me d\u2019information intelligent soutenant l\u2019observation, la recherche et la d\u00e9tection pour la s\u00e9curit\u00e9 des citoyens en milieu urbain \u00bb), lanc\u00e9 il y a quatre ans, d\u00e9nonc\u00e9 fin octobre par des manifestations dans toute l\u2019Europe. Indect vise \u00e0 permettre une \u00ab d\u00e9tection automatique \u00bb des menaces et des situations dangereuses \u2013 comme les cambriolages \u2013 ou \u00ab l\u2019usage d\u2019objets dangereux \u00bb \u2013 couteaux ou armes \u00e0 feu. Tout est bon pour combattre \u00ab <em>le terrorisme et d\u2019autres activit\u00e9s criminelles comme le trafic d\u2019\u00eatres humains ou la pornographie p\u00e9dophile<\/em> \u00bb. Et assurer la s\u00e9curit\u00e9 des citoyens&#8230; Sauf qu\u2019il s\u2019agit aussi avec <a href=\"http:\/\/cordis.europa.eu\/projects\/218086\" rel=\"external\" target=\"_blank\">Indect<\/a> de d\u00e9tecter \u00ab automatiquement \u00bb (sic) les comportements suspects, \u00e0 partir d\u2019images de vid\u00e9osurveillance, de donn\u00e9es audio ou \u00e9chang\u00e9es sur le net. Bienvenue dans <em>Minority Report<\/em> !<\/p>\n<p><strong>D\u00e9tecter les comportements \u00ab anormaux \u00bb<\/strong><\/p>\n<p>Concr\u00e8tement, Indect est un syst\u00e8me de surveillance, qui, \u00e0 partir d\u2019images et de sons capt\u00e9s dans l\u2019espace public et d\u2019informations glan\u00e9es sur Internet, alerterait les services de police en cas de situation jug\u00e9e dangereuse : des personnes immobiles dans une rue passante, un mouvement de foule, des v\u00e9hicules qui roulent au ralenti, un appel louche sur un r\u00e9seau social. Ces crit\u00e8res \u00ab d\u2019anormalit\u00e9 \u00bb seront d\u00e9finis par les forces de s\u00e9curit\u00e9&#8230; Le tout alimentera un moteur de recherche. En plus d\u2019espionner l\u2019espace public, Indect assurera <em>\u00ab la surveillance automatique et en continu de ressources publiques, comme les sites web, forums de discussion, r\u00e9seaux P2P ou syst\u00e8mes informatiques individuels \u00bb<\/em>. Mais rassurez-vous : des outils pour masquer certaines donn\u00e9es priv\u00e9es, comme les visages ou les plaques d\u2019immatriculation sur les images vid\u00e9os, sont pr\u00e9vus. Les informations doivent \u00eatre crypt\u00e9es avant leur transmission aux services autoris\u00e9s. Ouf !<\/p>\n<p>Parmi les instituts de recherche qui participent au projet, aux c\u00f4t\u00e9s de plusieurs polices et entreprises [<a id=\"nh1\" title=\"Douze instituts de recherche, dont l\u2019\u00e9cole d\u2019ing\u00e9nieur INP de Grenoble \u2013 qui (...)\" href=\"#nb1\" rel=\"footnote\">1<\/a>], celui de l\u2019universit\u00e9 de Wuppertal en Allemagne est sp\u00e9cialis\u00e9 en s\u00e9curit\u00e9 des transports et en protection civile contre les catastrophes. L\u2019universit\u00e9 vante les effets positifs que pourraient avoir ces techniques pour pr\u00e9venir une situation comme celle de la Love Parade de Duisbourg, en 2010, o\u00f9 21 personnes sont mortes dans un mouvement de foule.<\/p>\n<p>Dans le cadre d\u2019Indect, il d\u00e9veloppe des mod\u00e8les math\u00e9matiques pour \u00e9valuer, \u00e0 partir d\u2019images de vid\u00e9osurveillance, la vitesse des objets, ou <em>\u00ab pour d\u00e9tecter le mouvement dans un domaine dangereux, comme les voies dans une gare \u00bb<\/em>, explique le porte-parole de l\u2019universit\u00e9, Johannes Bunsch \u2013 le seul officiellement autoris\u00e9 \u00e0 parler du projet. Courir pour attraper un train, r\u00e9agir avec un geste brusque, et vous voil\u00e0 dans le moteur de recherche auquel se connectent les services de police. <em>\u00ab Le syst\u00e8me peut tr\u00e8s bien d\u00e9tecter une personne nouant ses lacets dans un magasin ou prenant des photos dans un hall d\u2019a\u00e9roport, et consid\u00e9rer cela comme un comportement \u201canormal\u201d. En r\u00e9alit\u00e9, le syst\u00e8me ne sait pas s\u2019il s\u2019agit d\u2019un comportement ind\u00e9sirable. Il d\u00e9tecte simplement un comportement qui s\u2019\u00e9carte des comportements normaux que nous lui avons appris \u00bb<\/em>, illustre le professeur Dariu Gavrila (cit\u00e9 par le site <a href=\"http:\/\/owni.fr\/2012\/12\/11\/minority-report-cest-pour-demain\/\" rel=\"external\" target=\"_blank\">Owni<\/a>) qui, au sein de l\u2019universit\u00e9 d\u2019Amsterdam, travaille sur des algorithmes pour d\u00e9tecter les comportements agressifs.<\/p>\n<p>Car le but affirm\u00e9 d\u2019Indect est bien de lutter contre la criminalit\u00e9 et le terrorisme, non pas d\u2019\u00e9viter les carambolages sur les autoroutes ou les mouvements de panique tragiques. Et ce, gr\u00e2ce \u00e0 l\u2019Union europ\u00e9enne qui finance 75% du projet (15 millions d\u2019euros au total). <em>\u00ab Nous ne d\u00e9veloppons que des proc\u00e9d\u00e9s techniques<\/em>, se d\u00e9fend prudemment le porte-parole. <em>La comp\u00e9tence de d\u00e9cider comment utiliser la technologie revient aux politiques \u00bb<\/em>. C\u2019est bien l\u00e0 le probl\u00e8me : qui contr\u00f4le ces programmes de recherche et \u00e0 qui b\u00e9n\u00e9ficieront-ils ?<\/p>\n<p><strong>Police et entreprises dans le comit\u00e9 d\u2019\u00e9thique<\/strong><\/p>\n<p>Pour r\u00e9pondre aux critiques, Indect s\u2019est dot\u00e9 d\u2019un comit\u00e9 d\u2019\u00e9thique. Sa composition laisse songeur : parmi les neuf membres, on retrouve deux chefs des services de police impliqu\u00e9s et un industriel d\u2019une des entreprises participantes&#8230; Son principe semble pour le moins ambigu : <em>\u00ab La maxime \u00ab\u00a0si vous n\u2019avez rien fait de mal, alors vous n\u2019avez rien \u00e0 craindre\u00a0\u00bb n\u2019est valable que si tous les aspects de la justice criminelle fonctionnent parfaitement, dans toutes les occasions. \u00bb<\/em> [<a id=\"nh2\" title=\"Lire ici.\" href=\"#nb2\" rel=\"footnote\">2<\/a>] Faut-il comprendre qu\u2019un citoyen qui tombe par erreur dans les mailles s\u00e9curitaires d\u2019Indect n\u2019aura que peu de chance de s\u2019en sortir !? <em>\u00ab Les comit\u00e9s d\u2019\u00e9thique qui accompagnent les projets comme celui d\u2019Indect sont plut\u00f4t des alibis<\/em>, estime l\u2019eurod\u00e9put\u00e9 allemand Jan Phillip Albrecht (Vert), qui a fait partie du comit\u00e9 d\u2019\u00e9thique du projet Addpriv, qui vise \u00e0 cr\u00e9er\u00a0 des outils pour limiter le stockage de donn\u00e9es jug\u00e9es inutiles et rendre les syst\u00e8mes de vid\u00e9osurveillance \u00ab plus compatibles \u00bb avec le droit \u00e0 la vie priv\u00e9e des citoyens.<\/p>\n<p>Indect est loin d\u2019\u00eatre le seul programme espion g\u00e9n\u00e9reusement financ\u00e9 par l\u2019UE. Arena [<a id=\"nh3\" title=\"Architecture for the Recognition of threats to mobile assets using Networks (...)\" href=\"#nb3\" rel=\"footnote\">3<\/a>] vise \u00e0 cr\u00e9er un syst\u00e8me mobile de surveillance, et est subventionn\u00e9 \u00e0 hauteur de 3 millions d\u2019euros. Subito rep\u00e8re les propri\u00e9taires de bagages non identifi\u00e9s. Samurai signifie \u00ab surveillance des comportements suspects et anormaux \u00e0 l\u2019aide d\u2019un r\u00e9seau de cam\u00e9ras et de capteurs pour une meilleure connaissance des situations \u00bb [<a id=\"nh4\" title=\"Suspicious and abnormal behaviour monitoring using a network of cameras and (...)\" href=\"#nb4\" rel=\"footnote\">4<\/a>], dans les a\u00e9roports et les espaces publics. Il s\u2019agit d\u2019un syst\u00e8me de vid\u00e9osurveillance avec cam\u00e9ras fixes et mobiles \u2013 sur des agents de police en patrouille par exemple \u2013, \u00e9quip\u00e9es de capteurs permettant de suivre une personne, de retrouver le propri\u00e9taire d\u2019un bagage abandonn\u00e9 ou celui d\u2019un v\u00e9hicule gar\u00e9 dans un lieu public. Des essais se sont d\u00e9roul\u00e9s en 2009 dans l\u2019a\u00e9roport londonien d\u2019Heathrow. Bruxelles lui a accord\u00e9 2,5 millions d\u2019euros.<\/p>\n<p>L\u2019enveloppe europ\u00e9enne pour ces dispositifs s\u2019\u00e9l\u00e8ve \u00e0 1,4 milliards d\u2019euros sur cinq ans [<a id=\"nh5\" title=\"Le programme cadre europ\u00e9en dispose d\u2019un budget de 51 milliards d\u2019euros (...)\" href=\"#nb5\" rel=\"footnote\">5<\/a>]. Cette future surveillance g\u00e9n\u00e9ralis\u00e9e se d\u00e9cline dans les transports ferroviaires, les a\u00e9roports, et sur les mers, avec des projets notamment con\u00e7us pour refouler les migrants. Ce programme soul\u00e8ve de nombreuses questions, d\u2019autant qu\u2019il \u00e9chappe \u00e0 tout contr\u00f4le d\u00e9mocratique et toute objection de la soci\u00e9t\u00e9 civile. <em>\u00ab Les repr\u00e9sentants de la soci\u00e9t\u00e9 civile, les parlementaires, tout comme les organisations en charge des libert\u00e9s civiles et des libert\u00e9s fondamentales, dont les autorit\u00e9s de protection des donn\u00e9es, ont largement \u00e9t\u00e9 mis de c\u00f4t\u00e9 \u00bb<\/em>, alerte un rapport command\u00e9 par le Parlement europ\u00e9en en 2010 [<a id=\"nh6\" title=\"A t\u00e9l\u00e9charger ici.\" href=\"#nb6\" rel=\"footnote\">6<\/a>]. Vive l\u2019Europe des citoyens !<\/p>\n<p><strong>Une politique de surveillance fa\u00e7onn\u00e9e par les industriels<\/strong><\/p>\n<p>Pas d\u2019\u00e9lus ni d\u2019organisations non gouvernementales, mais une omnipr\u00e9sence des grandes entreprises du secteur de la s\u00e9curit\u00e9 et de la d\u00e9fense ! En particulier les Fran\u00e7ais : le groupe a\u00e9ronautique franco-allemand EADS, et ses filiales Cassidian et Astrium, participent \u00e0 pr\u00e8s de 20 projets diff\u00e9rents.\u00a0 Thales France en suit 22 projets et en coordonne cinq. Sagem et Morpho, deux filiales du groupe fran\u00e7ais Safran, participent \u00e0 17 projets, qui incluent la mise au point de drones de surveillance, ou la conception de passeports et de fichiers biom\u00e9triques. Chacun avec des millions d\u2019euros de subventions. Des recherches qui assureront sans nul doute de nombreux d\u00e9bouch\u00e9s pour ces technologies s\u00e9curitaires, en Europe et au-del\u00e0.<\/p>\n<p>Pourquoi une telle pr\u00e9sence ? <em>\u00ab Ce sont en majorit\u00e9 de grandes soci\u00e9t\u00e9s de d\u00e9fense, les m\u00eames qui ont particip\u00e9 \u00e0 la d\u00e9finition du Programme de recherche europ\u00e9en en mati\u00e8re de s\u00e9curit\u00e9, qui sont les principaux b\u00e9n\u00e9ficiaires des fonds \u00bb<\/em>, pointe l\u2019\u00e9tude du Parlement europ\u00e9en. Plusieurs multinationales \u2013 dont, c\u00f4t\u00e9 fran\u00e7ais EADS, Thales, ou Sagem [<a id=\"nh7\" title=\"Mais aussi BAE Systems, Ericsson, Saab, Siemens\u2026\" href=\"#nb7\" rel=\"footnote\">7<\/a>] \u2013 ont \u00e9troitement particip\u00e9 \u00e0 la d\u00e9finition du programme de recherche lui-m\u00eame. Depuis 2003, leurs repr\u00e9sentants et PDG conseillent la Commission europ\u00e9enne sur le sujet, via diff\u00e9rents groupes de travail et comit\u00e9s, qui ont pour mission d\u2019\u00e9tablir les priorit\u00e9s de la politique europ\u00e9enne de recherche en s\u00e9curit\u00e9 [<a id=\"nh8\" title=\"Le \u00ab Groupe de personnalit\u00e9s \u00bb (GoP) en 2003, puis le Comit\u00e9 de conseil de la (...)\" href=\"#nb8\" rel=\"footnote\">8<\/a>]. A se demander qui, des multinationales ou des institutions \u00e9lues, d\u00e9finit la politique de s\u00e9curit\u00e9 europ\u00e9enne ! <em>\u00ab Ce qui int\u00e9resse les entreprises du secteur, ce n\u2019est pas tant de surveiller les populations que de faire de l\u2019argent \u00bb<\/em>, analyse Jean-Claude Vitran, de la Ligue des droits de l\u2019homme.<\/p>\n<p><strong>Recycler les technologies militaires<\/strong><\/p>\n<p>C\u2019est que le march\u00e9 europ\u00e9en de la s\u00e9curit\u00e9 vaut de l\u2019or. Entre 26 et 36 milliards d\u2019euros. Et 180 000 emplois, selon la Commission europ\u00e9enne, qui estime qu\u2019au cours des dix derni\u00e8res ann\u00e9es, la taille du march\u00e9 mondial de la s\u00e9curit\u00e9 <em>\u00ab a quasiment d\u00e9cupl\u00e9, passant de quelque 10 milliards d\u2019euros \u00e0 environ 100 milliards d\u2019euros en 2011. \u00bb<\/em> [<a id=\"nh9\" title=\"Lire leur communiqu\u00e9.\" href=\"#nb9\" rel=\"footnote\">9<\/a>] Mais Bruxelles craint pour la comp\u00e9titivit\u00e9 des firmes europ\u00e9ennes. La solution ? D\u00e9velopper <em>\u00ab un v\u00e9ritable march\u00e9 int\u00e9rieur des technologies de la s\u00e9curit\u00e9 \u00bb<\/em>, explique Antonio Tajani, vice-pr\u00e9sident de la Commission en charge des entreprises. Un march\u00e9 essentiel pour consolider la position des entreprises du secteur. Pour y parvenir, Bruxelles veut exploiter les synergies <em>\u00ab entre la recherche en mati\u00e8re de s\u00e9curit\u00e9 (civile) et la recherche dans le domaine de la d\u00e9fense \u00bb<\/em>. Une strat\u00e9gie duale : les technologies d\u00e9velopp\u00e9es \u00e0 des fins militaires peuvent aussi se vendre sur le march\u00e9 int\u00e9rieur de la s\u00e9curit\u00e9 civile, pour la surveillance des migrants, des citoyens, des transports et des espaces publics.<\/p>\n<p>\u00ab <em>Les industriels de la d\u00e9fense sont conscients que le march\u00e9 militaire peut s\u2019appliquer \u00e0 la s\u00e9curit\u00e9 civile. Et qu\u2019ils peuvent en faire leurs choux gras \u00bb<\/em>, ajoute Jean-Claude Vitran. Les entreprises du secteur profitent des fonds de soutien \u00e0 la recherche, \u00e0 tous les niveaux. En plus du volet s\u00e9curit\u00e9 du programme de recherche europ\u00e9en, au moins sept pays europ\u00e9ens ont lanc\u00e9 depuis des programmes nationaux, dont la France, avec le <a href=\"http:\/\/www.agence-nationale-recherche.fr\/programmes-de-recherche\/ingenierie-procedes-securite\/concepts-systemes-et-outils-pour-la-securite-globale\/\" rel=\"external\" target=\"_blank\">programme<\/a> \u00ab Concepts, syst\u00e8mes et outils pour la s\u00e9curit\u00e9 globale \u00bb de l\u2019Agence nationale de la recherche. Le secteur n\u2019est visiblement pas soumis \u00e0 l\u2019aust\u00e9rit\u00e9.<\/p>\n<p><strong>Vers un contr\u00f4le plus grand du Parlement ?<\/strong><\/p>\n<p>Et ce n\u2019est pas termin\u00e9 ! Ce septi\u00e8me programme-cadre europ\u00e9en prendra fin en 2013. Mais l\u2019industrie de la s\u00e9curit\u00e9 n\u2019a pas de souci \u00e0 se faire. Le budget du prochain programme, Horizon 2020, valable pour la p\u00e9riode 2014-2020, devrait augmenter. La commission de la recherche et de l\u2019industrie du Parlement europ\u00e9en a adopt\u00e9 le 28 novembre une premi\u00e8re proposition [<a id=\"nh10\" title=\"Sur la base d\u2019un premier projet de la Commission. Le texte sera vot\u00e9 en (...)\" href=\"#nb10\" rel=\"footnote\">10<\/a>]. Le montant global allou\u00e9 \u00e0 la recherche d\u00e9pendra des discussions entre chefs de gouvernement des pays membres. Une chose est s\u00fbre : un volet entier sera de nouveau d\u00e9di\u00e9 \u00e0 la s\u00e9curit\u00e9 civile, qui devrait recevoir 2,1% du montant global du programme-cadre. Soit 1,6 milliard d\u2019euros. L\u2019industrie de la s\u00e9curit\u00e9 dispose d\u2019un alli\u00e9 au c\u0153ur du processus l\u00e9gislatif europ\u00e9en. L\u2019un des rapporteurs du texte Horizon 2020, le d\u00e9put\u00e9 conservateur allemand Christian Ehler, est pr\u00e9sident du conseil d\u2019administration de la <em>German european security association<\/em> (<a href=\"https:\/\/gesa-network.de\/en\/organisation.html\" rel=\"external\" target=\"_blank\">GESA<\/a>), une organisation lobbyiste qui regroupe des repr\u00e9sentants de l\u2019industrie allemande de la s\u00e9curit\u00e9, de la recherche et des politiques.<\/p>\n<p><em>\u00ab 2 % du paquet recherche, c\u2019est beaucoup trop. Si \u00e7a n\u2019avait tenu qu\u2019\u00e0 nous, il n\u2019y aurait pas eu de chapitre \u00ab s\u00e9curit\u00e9 \u00bb dans ce programme<\/em>, souligne Philippe Lamberts, eurod\u00e9put\u00e9 belge (Vert), autre rapporteur du projet Horizon 2020. <em>Le budget europ\u00e9en de recherche n\u2019est pas \u00e9norme. Il faut choisir ses priorit\u00e9s. Il y a d\u2019autres domaines de recherche qui sont plus br\u00fblants pour la s\u00e9curit\u00e9 europ\u00e9enne, comme l\u2019ind\u00e9pendance en \u00e9nergie ou en ressources. \u00bb<\/em><\/p>\n<p>Les \u00e9lus verts du Parlement europ\u00e9en ont r\u00e9ussi \u00e0 introduire des crit\u00e8res d\u2019impact social dans le programme. Tous les appels \u00e0 projets dans le domaine de la s\u00e9curit\u00e9 devront \u00eatre soumis \u00e0 une \u00e9valuation pr\u00e9alable de leurs cons\u00e9quences, sur les droits fondamentaux par exemple. <em>\u00ab Auparavant, le facteur principal pour choisir les projets, c\u2019\u00e9tait la croissance potentielle de la branche<\/em>, rappelle le d\u00e9put\u00e9 vert Jan Philipp Albrecht. <em>Il faut des lignes directrices, li\u00e9es au respect des libert\u00e9s. Nous avons des restrictions \u00e9thiques similaires dans le domaine de la recherche sur les cellules souches. Il faut que soit clairement \u00e9tabli dans quel cadre on a le droit de chercher pour recevoir les fonds europ\u00e9ens, et dans quelle limite. \u00bb<\/em> Et surtout permettre aux citoyens de garder le contr\u00f4le sur un ensemble de projets qui peuvent remettre s\u00e9rieusement en cause les libert\u00e9s publiques. A moins que la \u00ab comp\u00e9titivit\u00e9 \u00bb des grands groupes du secteur de la s\u00e9curit\u00e9 ne prenne, une fois de plus, le dessus.<\/p>\n<p>Rachel Knaebel<\/p>\n<p>Photo : CC <a href=\"https:\/\/secure.flickr.com\/photos\/donsolo\/\" rel=\"external\" target=\"_blank\">Solo<\/a> (Une) \/ CC <a href=\"https:\/\/secure.flickr.com\/photos\/lnylnylny\/\" rel=\"external\" target=\"_blank\">L\u2019N\u2019Y<\/a> (cam\u00e9ra) \/ CC <a href=\"https:\/\/secure.flickr.com\/photos\/makerbot\/\" rel=\"external\" target=\"_blank\">makerbot<\/a> (Lego) \/ CC <a href=\"https:\/\/secure.flickr.com\/photos\/acampadabcnfoto\/\" rel=\"external\" target=\"_blank\">Fotomovimiento<\/a><\/p>\n<\/div>\n<div style=\"text-align: justify\">\n<h4>Notes<\/h4>\n<p>[<a id=\"nb1\" title=\"Notes 1\" href=\"#nh1\" rev=\"footnote\">1<\/a>]\u00a0 <a href=\"http:\/\/www.indect-project.eu\/indect-partners\" rel=\"external\">Douze<\/a> instituts de recherche, dont l\u2019\u00e9cole d\u2019ing\u00e9nieur INP de Grenoble \u2013 qui n\u2019a pas r\u00e9pondu \u00e0 notre demande d\u2019informations \u2013, quatre entreprises allemandes et autrichiennes et la police de Pologne et d\u2019Irlande du Nord.<\/p>\n<p>[<a id=\"nb2\" title=\"Notes 2\" href=\"#nh2\" rev=\"footnote\">2<\/a>] Lire <a href=\"http:\/\/www.indect-project.eu\/approach-to-ethical-issues\" rel=\"external\">ici<\/a>.<\/p>\n<p>[<a id=\"nb3\" title=\"Notes 3\" href=\"#nh3\" rev=\"footnote\">3<\/a>] <em>Architecture for the Recognition of threats to mobile assets using Networks of multiple Affordable sensors<\/em>, <a href=\"http:\/\/cordis.europa.eu\/projects\/261658\" rel=\"external\">Arena<\/a>.<\/p>\n<p>[<a id=\"nb4\" title=\"Notes 4\" href=\"#nh4\" rev=\"footnote\">4<\/a>] <em>Suspicious and abnormal behaviour monitoring using a network of cameras and sensors for situation awareness enhancement<\/em><\/p>\n<p>[<a id=\"nb5\" title=\"Notes 5\" href=\"#nh5\" rev=\"footnote\">5<\/a>] Le programme cadre europ\u00e9en dispose d\u2019un budget de 51 milliards d\u2019euros attribu\u00e9s \u00e0 la recherche pour la p\u00e9riode 2007-2013, dont 1,4 milliards pour le volet \u00ab S\u00e9curit\u00e9 \u00bb.<\/p>\n<p>[<a id=\"nb6\" title=\"Notes 6\" href=\"#nh6\" rev=\"footnote\">6<\/a>]\u00a0 <a href=\"http:\/\/www.statewatch.org\/news\/2010\/nov\/ep-review-security-research-programme.pdf\" rel=\"external\">A t\u00e9l\u00e9charger ici<\/a>.<\/p>\n<p>[<a id=\"nb7\" title=\"Notes 7\" href=\"#nh7\" rev=\"footnote\">7<\/a>] Mais aussi BAE Systems, Ericsson, Saab, Siemens\u2026<\/p>\n<p>[<a id=\"nb8\" title=\"Notes 8\" href=\"#nh8\" rev=\"footnote\">8<\/a>] Le \u00ab Groupe de personnalit\u00e9s \u00bb (GoP) en 2003, puis le Comit\u00e9 de conseil de la recherche europ\u00e9enne en s\u00e9curit\u00e9 (European Security Research Advisory Board, Esrab) en 2005. En 2007, un troisi\u00e8me comit\u00e9 est cr\u00e9\u00e9 pour accompagner cette fois le 7\u00e8me programme cadre de recherche \u2013 le Forum europ\u00e9en pour la recherche et l\u2019innovation en s\u00e9curit\u00e9 (<a href=\"http:\/\/ec.europa.eu\/enterprise\/policies\/security\/files\/esrif_final_report_en.pdf\" rel=\"external\">Esrif<\/a>).<\/p>\n<p>[<a id=\"nb9\" title=\"Notes 9\" href=\"#nh9\" rev=\"footnote\">9<\/a>] Lire <a href=\"http:\/\/europa.eu\/rapid\/press-release_IP-12-863_fr.htm\" rel=\"external\">leur communiqu\u00e9<\/a>.<\/p>\n<p>[<a id=\"nb10\" title=\"Notes 10\" href=\"#nh10\" rev=\"footnote\">10<\/a>] Sur la base d\u2019un premier projet de la Commission. Le texte sera vot\u00e9 en pl\u00e9ni\u00e8re au Parlement europ\u00e9en dans le courant de l\u2019ann\u00e9e 2013.<\/p>\n<p><em>Bastamag, 19 d\u00e9cembre 2012<\/em><\/p>\n<\/div>\n","protected":false},"excerpt":{"rendered":"<p>2013 : comment l\u2019Europe se pr\u00e9pare \u00e0 espionner ses citoyens Biom\u00e9trie, vid\u00e9osurveillance, drones, d\u00e9tection des comportements anormaux, mod\u00e8les math\u00e9matiques pour identifier des suspects&#8230; L\u2019Union europ\u00e9enne finance plus de 190 programmes de recherche sur la s\u00e9curit\u00e9 et la surveillance. Au grand b\u00e9n\u00e9fice des industriels, qui recyclent les technologies militaires pour surveiller les populations. Alors qu\u2019un nouveau &hellip; <a href=\"https:\/\/fa86.noblogs.org\/?p=7542\" class=\"more-link\">Continuer la lecture de <span class=\"screen-reader-text\">L\u2019Union europ\u00e9enne finance plus de 190 programmes de recherche sur la s\u00e9curit\u00e9 et la surveillance<\/span> <span class=\"meta-nav\">&rarr;<\/span><\/a><\/p>\n","protected":false},"author":2691,"featured_media":0,"comment_status":"open","ping_status":"open","sticky":false,"template":"","format":"standard","meta":{"footnotes":""},"categories":[19,7,16],"tags":[],"class_list":["post-7542","post","type-post","status-publish","format-standard","hentry","category-dystopie-urbaine","category-propagande-marchande","category-repression"],"_links":{"self":[{"href":"https:\/\/fa86.noblogs.org\/index.php?rest_route=\/wp\/v2\/posts\/7542","targetHints":{"allow":["GET"]}}],"collection":[{"href":"https:\/\/fa86.noblogs.org\/index.php?rest_route=\/wp\/v2\/posts"}],"about":[{"href":"https:\/\/fa86.noblogs.org\/index.php?rest_route=\/wp\/v2\/types\/post"}],"author":[{"embeddable":true,"href":"https:\/\/fa86.noblogs.org\/index.php?rest_route=\/wp\/v2\/users\/2691"}],"replies":[{"embeddable":true,"href":"https:\/\/fa86.noblogs.org\/index.php?rest_route=%2Fwp%2Fv2%2Fcomments&post=7542"}],"version-history":[{"count":2,"href":"https:\/\/fa86.noblogs.org\/index.php?rest_route=\/wp\/v2\/posts\/7542\/revisions"}],"predecessor-version":[{"id":7544,"href":"https:\/\/fa86.noblogs.org\/index.php?rest_route=\/wp\/v2\/posts\/7542\/revisions\/7544"}],"wp:attachment":[{"href":"https:\/\/fa86.noblogs.org\/index.php?rest_route=%2Fwp%2Fv2%2Fmedia&parent=7542"}],"wp:term":[{"taxonomy":"category","embeddable":true,"href":"https:\/\/fa86.noblogs.org\/index.php?rest_route=%2Fwp%2Fv2%2Fcategories&post=7542"},{"taxonomy":"post_tag","embeddable":true,"href":"https:\/\/fa86.noblogs.org\/index.php?rest_route=%2Fwp%2Fv2%2Ftags&post=7542"}],"curies":[{"name":"wp","href":"https:\/\/api.w.org\/{rel}","templated":true}]}}