{"id":7622,"date":"2013-01-02T11:01:30","date_gmt":"2013-01-02T10:01:30","guid":{"rendered":"http:\/\/fa86.noblogs.org\/?p=7622"},"modified":"2013-01-02T11:01:30","modified_gmt":"2013-01-02T10:01:30","slug":"nantes-capitale-verte-europeenne-limposture-ecologique","status":"publish","type":"post","link":"https:\/\/fa86.noblogs.org\/?p=7622","title":{"rendered":"Nantes, capitale verte europ\u00e9enne : L\u2019imposture \u00e9cologique"},"content":{"rendered":"<p style=\"text-align: justify\"><a href=\"http:\/\/paris.indymedia.org\/spip.php?article12633\" target=\"_blank\"><strong>Nantes, capitale verte europ\u00e9enne : L\u2019imposture \u00e9cologique<\/strong><\/a><\/p>\n<p style=\"text-align: justify\">Exemple parfait d\u2019une politique de propagande verte, Nantes M\u00e9tropole s\u2019est vu d\u00e9cern\u00e9 le Troph\u00e9e de la capitale verte de l\u2019Europe alors que la mairie socialiste entend b\u00e9tonner 2 000 hectares de terres agricoles pour construire un a\u00e9roport \u00e0 Notre-Dame-des-Landes.<\/p>\n<p style=\"text-align: justify\">La commission europ\u00e9enne a retenu la candidature de Nantes pour \u00eatre capitale verte europ\u00e9enne en 2013. Les crit\u00e8res sont multiples : l\u2019utilisation durable des terres, la nature et la biodiversit\u00e9, la qualit\u00e9 locale de l\u2019air, la pollution sonore, la gestion des d\u00e9chets\u2026 Avec la construction de l\u2019a\u00e9roport, l\u2019expropriation de paysans, et donc un d\u00e9veloppement urbain con\u00e7u au d\u00e9triment de l\u2019environnement, des \u00e9cosyst\u00e8mes et des populations, ce troph\u00e9e re\u00e7u par la ville rel\u00e8ve de la propagande verte ou greenwashing. Il repr\u00e9sente un enjeu politique important pour la mairie de Nantes et son projet d\u2019a\u00e9roport d\u2019une part et d\u2019autre part pour le PS et sa strat\u00e9gie de d\u00e9mocratie participative, visant \u00e0 noyauter et \u00e9touffer les contestations.<\/p>\n<p style=\"text-align: justify\"><img loading=\"lazy\" decoding=\"async\" src=\"local\/cache-vignettes\/L8xH11\/puce-32883.gif\" alt=\"-\" width=\"8\" height=\"11\" \/> Etouffer les contestations<\/p>\n<p style=\"text-align: justify\">Jean-Marc Ayrault exp\u00e9rimente ainsi les limites et les b\u00e9n\u00e9fices de cette strat\u00e9gie \u00e0 l\u2019\u00e9chelle locale pour mieux les appliquer \u00e0 l\u2019\u00e9chelle nationale. Pour parer \u00e0 d\u2019\u00e9ventuelles r\u00e9sistances, la mairie a d\u00e9cid\u00e9 de l\u00e2cher des subventions. Il y aura un appel \u00e0 projet citoyen en direction des associations pour l\u2019\u00eele de Nantes, chapeaut\u00e9 par la Samoa \u2013 organisme charg\u00e9 de l\u2019am\u00e9nagement de l\u2019\u00eele de Nantes \u2013 dont l\u2019ancien pr\u00e9sident n\u2019est autre qu\u2019Ayrault. Un autre concerne le troph\u00e9e \u00ab Nantes, capitale verte europ\u00e9enne \u00bb pour lequel la mairie pr\u00e9voit une enveloppe de 150 000 euros et un prix de 5 000 euros pour les associations dont les projets seront retenus. Les m\u00e9dias seront pr\u00e9sents et l\u2019objectif est de donner l\u2019image d\u2019une m\u00e9tropole \u00e9colo\/verte et d\u2019en faire une vitrine de la d\u00e9mocratie participative ch\u00e8re au PS. Il s\u2019agit de faire oublier le point noir que repr\u00e9sente l\u2019a\u00e9roport Notre-Dame-des-Landes et de pr\u00e9senter Nantes comme une ville innovante en mati\u00e8re de d\u00e9mocratie, puisqu\u2019a priori \u00e0 Hambourg et Vitoria Gasteiz (Pays Basque), les citoyens n\u2019ont pas \u00e9t\u00e9 associ\u00e9s \u00e0 la dynamique \u00ab capitale verte \u00bb et ce fameux label europ\u00e9en fut plut\u00f4t per\u00e7u comme une arnaque.<\/p>\n<p style=\"text-align: justify\"><img loading=\"lazy\" decoding=\"async\" src=\"local\/cache-vignettes\/L8xH11\/puce-32883.gif\" alt=\"-\" width=\"8\" height=\"11\" \/> Collusion des associations<\/p>\n<p style=\"text-align: justify\">Des divergences existent entre les diff\u00e9rentes associations \u00e9cologistes nantaises. D\u2019un c\u00f4t\u00e9, celles qui veulent participer \u00e0 cet appel \u00e0 projet en se targuant d\u2019y trouver un moyen de d\u00e9noncer l\u2019a\u00e9roport sont souvent d\u00e9pendantes des subventions d\u00e9livr\u00e9es par Nantes M\u00e9tropole (jusqu\u2019\u00e0 un million par an et ont des salari\u00e9s). De l\u2019autre c\u00f4t\u00e9, il y a celles qui souhaitent boycotter cet \u00ab appel citoyen \u00bb en refusant de cautionner le greenwashing. Pour ceux qui contestent la construction de l\u2019a\u00e9roport, l\u2019enjeu est de saisir cette initiative pour d\u00e9noncer la mascarade \u00e9cologique et mettre en avant l\u2019hypocrisie de la mairie qui se pr\u00e9sente comme un mod\u00e8le de d\u00e9veloppement durable mais qui b\u00e9tonne 2 000 hectares de terres agricoles \u00e0 10 kilom\u00e8tres de Nantes. L\u2019appel \u00e0 projet met en lumi\u00e8re la collusion entre la mairie socialiste et une bonne partie du monde associatif \u00e9colo nantais qui explique en partie la faiblesse de la contestation anti-a\u00e9roport sur la ville. L\u2019opposition centrale \u00e0 l\u2019a\u00e9roport repose fortement sur le monde agricole local et les habitants directement concern\u00e9s (communes p\u00e9riurbaines, squatteurs de la ZAD). Un des enjeux reste de mobiliser plus fortement la population nantaise encore peu pr\u00e9occup\u00e9e par cette lutte. Il y a pourtant l\u2019exemple historique de la mobilisation de 1997 contre le projet de centrale nucl\u00e9aire du Carnet, aux portes de Nantes, qui avait \u00e9t\u00e9 abandonn\u00e9, nous rappelant que la r\u00e9sistance peut continuer \u00e0 se d\u00e9velopper.<\/p>\n<p style=\"text-align: justify\">Maud et St\u00e9phanie (AL Nantes)<\/p>\n<p style=\"text-align: justify\"><a href=\"http:\/\/www.ainfos.ca\/fr\/ainfos09772.html\">http:\/\/www.ainfos.ca\/fr\/ainfos09772.html<\/a><\/p>\n<p style=\"text-align: justify\"><em>Vu sur Indymedia Nantes, 1 janvier 2013<\/em><\/p>\n<p style=\"text-align: justify\"><img loading=\"lazy\" decoding=\"async\" class=\"alignnone\" src=\"http:\/\/nantes.indymedia.org\/attachments\/jan2013\/voeux2013_nantes.png\" alt=\"\" width=\"534\" height=\"396\" \/><\/p>\n","protected":false},"excerpt":{"rendered":"<p>Nantes, capitale verte europ\u00e9enne : L\u2019imposture \u00e9cologique Exemple parfait d\u2019une politique de propagande verte, Nantes M\u00e9tropole s\u2019est vu d\u00e9cern\u00e9 le Troph\u00e9e de la capitale verte de l\u2019Europe alors que la mairie socialiste entend b\u00e9tonner 2 000 hectares de terres agricoles pour construire un a\u00e9roport \u00e0 Notre-Dame-des-Landes. La commission europ\u00e9enne a retenu la candidature de Nantes &hellip; <a href=\"https:\/\/fa86.noblogs.org\/?p=7622\" class=\"more-link\">Continuer la lecture de <span class=\"screen-reader-text\">Nantes, capitale verte europ\u00e9enne : L\u2019imposture \u00e9cologique<\/span> <span class=\"meta-nav\">&rarr;<\/span><\/a><\/p>\n","protected":false},"author":2691,"featured_media":0,"comment_status":"open","ping_status":"open","sticky":false,"template":"","format":"standard","meta":{"footnotes":""},"categories":[26,21,12,7,16],"tags":[],"class_list":["post-7622","post","type-post","status-publish","format-standard","hentry","category-construction-du-desert","category-desinformation-bourgeoise","category-okupa-y-resiste","category-propagande-marchande","category-repression"],"_links":{"self":[{"href":"https:\/\/fa86.noblogs.org\/index.php?rest_route=\/wp\/v2\/posts\/7622","targetHints":{"allow":["GET"]}}],"collection":[{"href":"https:\/\/fa86.noblogs.org\/index.php?rest_route=\/wp\/v2\/posts"}],"about":[{"href":"https:\/\/fa86.noblogs.org\/index.php?rest_route=\/wp\/v2\/types\/post"}],"author":[{"embeddable":true,"href":"https:\/\/fa86.noblogs.org\/index.php?rest_route=\/wp\/v2\/users\/2691"}],"replies":[{"embeddable":true,"href":"https:\/\/fa86.noblogs.org\/index.php?rest_route=%2Fwp%2Fv2%2Fcomments&post=7622"}],"version-history":[{"count":1,"href":"https:\/\/fa86.noblogs.org\/index.php?rest_route=\/wp\/v2\/posts\/7622\/revisions"}],"predecessor-version":[{"id":7623,"href":"https:\/\/fa86.noblogs.org\/index.php?rest_route=\/wp\/v2\/posts\/7622\/revisions\/7623"}],"wp:attachment":[{"href":"https:\/\/fa86.noblogs.org\/index.php?rest_route=%2Fwp%2Fv2%2Fmedia&parent=7622"}],"wp:term":[{"taxonomy":"category","embeddable":true,"href":"https:\/\/fa86.noblogs.org\/index.php?rest_route=%2Fwp%2Fv2%2Fcategories&post=7622"},{"taxonomy":"post_tag","embeddable":true,"href":"https:\/\/fa86.noblogs.org\/index.php?rest_route=%2Fwp%2Fv2%2Ftags&post=7622"}],"curies":[{"name":"wp","href":"https:\/\/api.w.org\/{rel}","templated":true}]}}