{"id":7641,"date":"2013-01-04T20:42:53","date_gmt":"2013-01-04T19:42:53","guid":{"rendered":"http:\/\/fa86.noblogs.org\/?p=7641"},"modified":"2013-01-04T20:45:22","modified_gmt":"2013-01-04T19:45:22","slug":"notre-dame-des-landes-la-prefecture-met-en-danger-des-milliers-de-personnes","status":"publish","type":"post","link":"https:\/\/fa86.noblogs.org\/?p=7641","title":{"rendered":"[Notre-Dame-des-Landes] Les provocations de la pr\u00e9fecture contre le FestiZAD"},"content":{"rendered":"<p style=\"text-align: justify\"><a href=\"https:\/\/juralib.noblogs.org\/2013\/01\/04\/notre-dame-des-landes-si-les-provocations-continuent-nous-nhesiterons-pas-a-deplacer-la-manifestation-au-centre-ville-de-nantes\/\" target=\"_blank\"><strong>[Notre-Dame-des-Landes] \u00ab Si les provocations continuent nous n\u2019h\u00e9siterons pas \u00e0 d\u00e9placer la manifestation au centre ville de Nantes \u00bb<\/strong><\/a><\/p>\n<p style=\"text-align: justify\"><strong>La pr\u00e9fecture met en danger des milliers de personnes<\/strong><\/p>\n<p style=\"text-align: justify\"><em>\u00c9tonnant communiqu\u00e9 que celui \u00e9mis par la prefecture hier apr\u00e8s-midi. La premi\u00e8re moiti\u00e9 est enti\u00e8rement consacr\u00e9e \u00e0 expliquer que la pr\u00e9fecture n\u2019aurait pas \u00e9t\u00e9 pr\u00e9venue et n\u2019aurait pas non plus r\u00e9ussi \u00e0 nous joindre.<\/em><\/p>\n<p style=\"text-align: justify\"><a href=\"http:\/\/zad.nadir.org\/spip.php?article885\" target=\"_blank\"><img loading=\"lazy\" decoding=\"async\" alt=\"http:\/\/juralib.noblogs.org\/files\/2013\/01\/013.jpg\" src=\"https:\/\/juralib.noblogs.org\/files\/2013\/01\/013.jpg\" width=\"600\" height=\"850\" \/><\/a><\/p>\n<p style=\"text-align: justify\">Outre le fait que les contacts \u00e9taient visibles sur le site depuis pr\u00e8s d\u2019un mois et que nous recevons environ 200 mails par jour, l\u2019\u00e9quipe sanitaire avait appel\u00e9 la pr\u00e9fecture il y a 15 jours de cela pour se mettre en relation. Le but \u00e9tant d\u2019\u00eatre s\u00fbre qu\u2019ils puissent acc\u00e9der sur zone. Il leur avait \u00e9t\u00e9 r\u00e9pondu que la pr\u00e9fecture laisserait faire l\u2019\u00e9v\u00e9nement et n\u2019interviendrait pas sur site. Cela semblait co\u00efncider avec la demande \u00e9mise par la commission de dialogue. \u00c9trangement, selon le cabinet du prefet, notre interlocuteur n\u2019aurait pas transmis les informations et serait actuellement en cong\u00e9s. Cela ne nous semble pas tr\u00e8s cr\u00e9dible\u2026<\/p>\n<p style=\"text-align: justify\">Effectivement, la pr\u00e9fecture n\u2019a pas interdit cette manifestation festive. Pourtant, depuis ce matin, tout est bloqu\u00e9 aux entr\u00e9es de la ZAD. Que ce soit de la nourriture, des structures, du materiel m\u00e9dical et m\u00eame les toiles de tente des manifestants ! En gros tout ce qui peut servir de pr\u00e8s ou de loin au bon d\u00e9roulement de la ManiFestiZAD. La majorit\u00e9 du mat\u00e9riel de sonorisation et quelques chapiteaux \u00e9tant d\u00e9j\u00e0 sur place, la manifestation aura bien lieu. Toutefois la s\u00e9curit\u00e9 sanitaire des participants s\u2019en trouve fortement impact\u00e9e : plus d\u2019abris ni de tentes pour dormir au chaud la nuit, plus de mat\u00e9riel m\u00e9dical de premier secours et une tension \u00e9vidente ne pouvant conduire qu\u2019\u00e0 des affrontements.<\/p>\n<p style=\"text-align: justify\">Loin de vouloir calmer la situation, la pr\u00e9fecture semble donc vouloir cr\u00e9er de nouveaux champs de bataille. Par cette situation, elle fait surtout en sorte de favoriser les accidents sanitaires lors de cette manifestation festive. Elle en assumera pleinement les cons\u00e9quences. Cette manifestation se voulait festive, si les provocations continuent nous n\u2019h\u00e9siterons pas \u00e0 d\u00e9placer la manifestation au centre ville de Nantes.<\/p>\n<p style=\"text-align: justify\"><a href=\"mailto:festizad@riseup.net\" target=\"_blank\">FestiZad<\/a>, 4 janvier 2013<\/p>\n<p style=\"text-align: justify\"><em>Vu sur le Jura Libertaire, 4 janvier 2013<\/em><\/p>\n","protected":false},"excerpt":{"rendered":"<p>[Notre-Dame-des-Landes] \u00ab Si les provocations continuent nous n\u2019h\u00e9siterons pas \u00e0 d\u00e9placer la manifestation au centre ville de Nantes \u00bb La pr\u00e9fecture met en danger des milliers de personnes \u00c9tonnant communiqu\u00e9 que celui \u00e9mis par la prefecture hier apr\u00e8s-midi. La premi\u00e8re moiti\u00e9 est enti\u00e8rement consacr\u00e9e \u00e0 expliquer que la pr\u00e9fecture n\u2019aurait pas \u00e9t\u00e9 pr\u00e9venue et n\u2019aurait &hellip; <a href=\"https:\/\/fa86.noblogs.org\/?p=7641\" class=\"more-link\">Continuer la lecture de <span class=\"screen-reader-text\">[Notre-Dame-des-Landes] Les provocations de la pr\u00e9fecture contre le FestiZAD<\/span> <span class=\"meta-nav\">&rarr;<\/span><\/a><\/p>\n","protected":false},"author":2691,"featured_media":0,"comment_status":"open","ping_status":"open","sticky":false,"template":"","format":"standard","meta":{"footnotes":""},"categories":[12,16],"tags":[],"class_list":["post-7641","post","type-post","status-publish","format-standard","hentry","category-okupa-y-resiste","category-repression"],"_links":{"self":[{"href":"https:\/\/fa86.noblogs.org\/index.php?rest_route=\/wp\/v2\/posts\/7641","targetHints":{"allow":["GET"]}}],"collection":[{"href":"https:\/\/fa86.noblogs.org\/index.php?rest_route=\/wp\/v2\/posts"}],"about":[{"href":"https:\/\/fa86.noblogs.org\/index.php?rest_route=\/wp\/v2\/types\/post"}],"author":[{"embeddable":true,"href":"https:\/\/fa86.noblogs.org\/index.php?rest_route=\/wp\/v2\/users\/2691"}],"replies":[{"embeddable":true,"href":"https:\/\/fa86.noblogs.org\/index.php?rest_route=%2Fwp%2Fv2%2Fcomments&post=7641"}],"version-history":[{"count":3,"href":"https:\/\/fa86.noblogs.org\/index.php?rest_route=\/wp\/v2\/posts\/7641\/revisions"}],"predecessor-version":[{"id":7644,"href":"https:\/\/fa86.noblogs.org\/index.php?rest_route=\/wp\/v2\/posts\/7641\/revisions\/7644"}],"wp:attachment":[{"href":"https:\/\/fa86.noblogs.org\/index.php?rest_route=%2Fwp%2Fv2%2Fmedia&parent=7641"}],"wp:term":[{"taxonomy":"category","embeddable":true,"href":"https:\/\/fa86.noblogs.org\/index.php?rest_route=%2Fwp%2Fv2%2Fcategories&post=7641"},{"taxonomy":"post_tag","embeddable":true,"href":"https:\/\/fa86.noblogs.org\/index.php?rest_route=%2Fwp%2Fv2%2Ftags&post=7641"}],"curies":[{"name":"wp","href":"https:\/\/api.w.org\/{rel}","templated":true}]}}