{"id":7645,"date":"2013-01-05T10:03:44","date_gmt":"2013-01-05T09:03:44","guid":{"rendered":"http:\/\/fa86.noblogs.org\/?p=7645"},"modified":"2013-01-05T10:03:44","modified_gmt":"2013-01-05T09:03:44","slug":"civaux-86-couasnon-veut-un-proces-public-pour-denoncer-une-faille-de-securite-dans-la-centrale-nucleaire","status":"publish","type":"post","link":"https:\/\/fa86.noblogs.org\/?p=7645","title":{"rendered":"[Civaux &#8211; 86] Couasnon veut un proc\u00e8s public pour d\u00e9noncer une faille de s\u00e9curit\u00e9 dans la centrale nucl\u00e9aire"},"content":{"rendered":"<p><a href=\"http:\/\/www.lanouvellerepublique.fr\/Vienne\/Actualite\/Faits-divers-justice\/n\/Contenus\/Articles\/2013\/01\/05\/Intrusion-dans-la-centrale-il-veut-un-proces-public\" target=\"_blank\"><\/p>\n<p style=\"text-align: justify\"><strong>Intrusion dans la centrale : il veut un proc\u00e8s public<\/strong><\/p>\n<p><\/a><\/p>\n<p style=\"text-align: justify\">Civaux.\u00a0 Herv\u00e9 Couasnon s\u2019\u00e9tait introduit dans la centrale nucl\u00e9aire. Il refuse\u00a0 le plaider coupable pour un proc\u00e8s public. Il veut mettre en cause la s\u00e9curit\u00e9.<\/p>\n<p style=\"text-align: justify\">Le proc\u00e8s risque de changer de cible.<\/p>\n<div id=\"text\" style=\"text-align: justify\">\n<p>Le P\u00e9rigourdin Herv\u00e9 Couasnon s&rsquo;\u00e9tait faufil\u00e9 dans la centrale nucl\u00e9aire de Civaux, le 2 mai dernier, en plein d\u00e9bat du second tour de la pr\u00e9sidentielle.<\/p>\n<p><b>\u00ab\u00a0\u2009Il va falloir que le directeur de la centrale s&rsquo;explique\u2009\u00a0\u00bb<\/b><\/p>\n<p>Un coup d&rsquo;\u00e9clat de plus pour cet homme familier de ce genre d&rsquo;op\u00e9ration. Apr\u00e8s quelques heures de garde \u00e0 vue, il avait \u00e9t\u00e9 remis en libert\u00e9. Le parquet avait finalement d\u00e9cid\u00e9 de le juger selon la proc\u00e9dure de comparution sur reconnaissance pr\u00e9alable de culpabilit\u00e9 (CRPC). Une CRPC trop discr\u00e8te \u00e0 son go\u00fbt. Le \u00ab\u00a0\u2009proc\u00e8s\u2009\u00a0\u00bb se serait d\u00e9roul\u00e9 dans le huis clos d&rsquo;un bureau entre lui, son avocat et le procureur. La CRPC, c&rsquo;est une transaction judiciaire o\u00f9 le pr\u00e9venu reconna\u00eet sa faute et accepte la peine propos\u00e9e par le parquet. <i>\u00ab J&rsquo;ai \u00e9crit au procureur de la R\u00e9publique pour lui dire que je ne viendrai pas \u00bb<\/i>, explique Herv\u00e9 Couasnon. Il reconna\u00eet sa responsabilit\u00e9 dans l&rsquo;intrusion, mais, pour lui, comme il l&rsquo;a d\u00e9j\u00e0 dit \u00e0 de nombreuses reprises, il n&rsquo;est pas le seul responsable. Et \u00e7a, il entend bien le dire haut et fort, devant un tribunal, lors d&rsquo;une audience publique. Une publicit\u00e9 des d\u00e9bats recherch\u00e9e pour mettre sur la table un probl\u00e8me loin d&rsquo;\u00eatre anodin\u2009: la s\u00e9curit\u00e9 des centrales nucl\u00e9aires et celle du site de Civaux en particulier. Ne pas se rendre \u00e0 la CRPC, c&rsquo;est un aller direct pour le tribunal correctionnel. Herv\u00e9 Couasnon attend maintenant de savoir \u00e0 quelle date il sera jug\u00e9 pour s&rsquo;\u00eatre introduit dans un site int\u00e9ressant la d\u00e9fense nationale. <i>\u00ab On va demander la relaxe. Il va falloir que le directeur de la centrale s&rsquo;explique. EDF est responsable. Je suis rentr\u00e9 comme \u00e7a, sans cisailler les cl\u00f4tures\u2009! J&rsquo;ai profit\u00e9 que les gardes fassent sortir un camion de livraison pour entrer. Il y avait bien des cam\u00e9ras de surveillance, mais pas de disquette pour enregistrer ce qui se passait\u2009! \u00bb<\/i> Un garde et le routier rep\u00e8rent l&rsquo;intrus qui se faufile et se planque plus d&rsquo;une heure avant d&rsquo;\u00eatre d\u00e9log\u00e9 d&rsquo;un bosquet. La preuve, pour EDF, que la s\u00e9curit\u00e9 fonctionnait bien. Le directeur de la centrale parlait tout de m\u00eame \u00e0 l&rsquo;\u00e9poque d&rsquo;installer un deuxi\u00e8me portail pour m\u00e9nager un sas et \u00e9viter toute intrusion\u2009! La preuve pour l&rsquo;intrus qu&rsquo;il existait bien une faille.<\/p>\n<p><em>Emmanuel Coupaye, Nouvelle R\u00e9publique, 5 janvier 2013<\/em><\/p>\n<\/div>\n","protected":false},"excerpt":{"rendered":"<p>Intrusion dans la centrale : il veut un proc\u00e8s public Civaux.\u00a0 Herv\u00e9 Couasnon s\u2019\u00e9tait introduit dans la centrale nucl\u00e9aire. Il refuse\u00a0 le plaider coupable pour un proc\u00e8s public. Il veut mettre en cause la s\u00e9curit\u00e9. Le proc\u00e8s risque de changer de cible. Le P\u00e9rigourdin Herv\u00e9 Couasnon s&rsquo;\u00e9tait faufil\u00e9 dans la centrale nucl\u00e9aire de Civaux, le &hellip; <a href=\"https:\/\/fa86.noblogs.org\/?p=7645\" class=\"more-link\">Continuer la lecture de <span class=\"screen-reader-text\">[Civaux &#8211; 86] Couasnon veut un proc\u00e8s public pour d\u00e9noncer une faille de s\u00e9curit\u00e9 dans la centrale nucl\u00e9aire<\/span> <span class=\"meta-nav\">&rarr;<\/span><\/a><\/p>\n","protected":false},"author":2691,"featured_media":0,"comment_status":"open","ping_status":"open","sticky":false,"template":"","format":"standard","meta":{"footnotes":""},"categories":[25,16],"tags":[],"class_list":["post-7645","post","type-post","status-publish","format-standard","hentry","category-antinucleaire","category-repression"],"_links":{"self":[{"href":"https:\/\/fa86.noblogs.org\/index.php?rest_route=\/wp\/v2\/posts\/7645","targetHints":{"allow":["GET"]}}],"collection":[{"href":"https:\/\/fa86.noblogs.org\/index.php?rest_route=\/wp\/v2\/posts"}],"about":[{"href":"https:\/\/fa86.noblogs.org\/index.php?rest_route=\/wp\/v2\/types\/post"}],"author":[{"embeddable":true,"href":"https:\/\/fa86.noblogs.org\/index.php?rest_route=\/wp\/v2\/users\/2691"}],"replies":[{"embeddable":true,"href":"https:\/\/fa86.noblogs.org\/index.php?rest_route=%2Fwp%2Fv2%2Fcomments&post=7645"}],"version-history":[{"count":1,"href":"https:\/\/fa86.noblogs.org\/index.php?rest_route=\/wp\/v2\/posts\/7645\/revisions"}],"predecessor-version":[{"id":7646,"href":"https:\/\/fa86.noblogs.org\/index.php?rest_route=\/wp\/v2\/posts\/7645\/revisions\/7646"}],"wp:attachment":[{"href":"https:\/\/fa86.noblogs.org\/index.php?rest_route=%2Fwp%2Fv2%2Fmedia&parent=7645"}],"wp:term":[{"taxonomy":"category","embeddable":true,"href":"https:\/\/fa86.noblogs.org\/index.php?rest_route=%2Fwp%2Fv2%2Fcategories&post=7645"},{"taxonomy":"post_tag","embeddable":true,"href":"https:\/\/fa86.noblogs.org\/index.php?rest_route=%2Fwp%2Fv2%2Ftags&post=7645"}],"curies":[{"name":"wp","href":"https:\/\/api.w.org\/{rel}","templated":true}]}}