{"id":7692,"date":"2013-01-10T08:45:01","date_gmt":"2013-01-10T07:45:01","guid":{"rendered":"http:\/\/fa86.noblogs.org\/?p=7692"},"modified":"2013-01-10T08:45:01","modified_gmt":"2013-01-10T07:45:01","slug":"poitiers-un-toit-pour-tous-avec-ou-sans-papiers","status":"publish","type":"post","link":"https:\/\/fa86.noblogs.org\/?p=7692","title":{"rendered":"[Poitiers] Un toit pour tous, avec ou sans papiers"},"content":{"rendered":"<p><a href=\"http:\/\/dal86.fr\/2013\/01\/09\/un-toit-pour-tous-avec-ou-sans-papiers\/\" target=\"_blank\"><\/p>\n<p style=\"text-align: justify\" align=\"CENTER\"><span style=\"font-size: medium\"><b>Un toit pour tous, avec ou sans papiers<\/b><\/span><\/p>\n<p><\/a><\/p>\n<p style=\"text-align: justify\" align=\"CENTER\"><span style=\"font-size: medium\"><b>Le 27 avril dernier, le maire de Poitiers a d\u00e9clar\u00e9\u00a0: \u00ab\u00a0<\/b><\/span><em><span style=\"font-size: medium\"><b>ce qui a \u00e9t\u00e9 b\u00e2ti \u00e0 Poitiers depuis des ann\u00e9es en mati\u00e8re sociale [\u2026] constitue, en France, une r\u00e9f\u00e9rence<\/b><\/span><\/em><em><span style=\"font-size: medium\"><b>\u00a0\u00bb.<\/b><\/span><\/em><\/p>\n<p style=\"text-align: justify\" align=\"CENTER\"><em><span style=\"font-size: medium\">Ce qui nous semble loin d&rsquo;\u00eatre \u00e9vident. Quatre exemples parmi tant d&rsquo;autres nous en font en effet douter\u00a0:<\/span><\/em><\/p>\n<p style=\"text-align: justify\" align=\"CENTER\"><em><span style=\"font-size: medium\">&#8211; Une famille de 3 personnes compos\u00e9e d&rsquo;un homme d&rsquo;une trentaine d&rsquo;ann\u00e9e et de son p\u00e8re et sa m\u00e8re \u00e9tait h\u00e9berg\u00e9e en CADA tant qu&rsquo;ils faisaient leur demande d&rsquo;asile. Lorsqu&rsquo;il en ont \u00e9t\u00e9 d\u00e9bout\u00e9s, leur h\u00e9bergeur, la Croix Rouge, certainement forc\u00e9e par la pr\u00e9fecture de la Vienne, leur a demand\u00e9 de quitter leur logement pour le jour de No\u00ebl sans leur proposer aucune autre solution de relogement.<\/span><\/em><\/p>\n<p style=\"text-align: justify\" align=\"CENTER\"><em><span style=\"font-size: medium\">&#8211; Une autre famille de 4 personnes compos\u00e9e de 2 enfants de 8 et 11 ans et de leur p\u00e8re et m\u00e8re, h\u00e9berg\u00e9e en CADA tant qu&rsquo;ils faisaient leur demande d&rsquo;asile. Lorsqu&rsquo;il en ont \u00e9t\u00e9 d\u00e9bout\u00e9s, leur h\u00e9bergeur, la Croix Rouge, clairement forc\u00e9e par la pr\u00e9fecture de la Vienne, leur a, l\u00e0 encore, demand\u00e9 de quitter leur logement sans leur proposer aucune autre solution de relogement. Et comme ils ne l&rsquo;ont pas fait, la Croix Rouge les tra\u00eene au tribunal pour que la justice les expulse officiellement de leur logement.<\/span><\/em><\/p>\n<p style=\"text-align: justify\" align=\"CENTER\"><em><span style=\"font-size: medium\">En effet, la pr\u00e9fecture de la Vienne, aujourd\u2019hui, va vraiment jusqu\u2019\u00e0 imposer r\u00e9guli\u00e8rement des p\u00e9nalit\u00e9s financi\u00e8res \u00e0 la Croix-Rouge pour qu\u2019elle mette \u00e0 la rue des gens qu\u2019elle h\u00e9berge, en pr\u00e9textant de leur situation administrative, y compris en hiver, y compris le jour de No\u00ebl. La pr\u00e9fecture d\u00e9nie vraiment le droit fondamental \u00e0 un toit pour tous, et elle ne respecte absolument pas son obligation d\u2019h\u00e9berger tous ceux qui en ont besoin, qu\u2019ils aient des papiers ou non.<\/span><\/em><\/p>\n<p style=\"text-align: justify\" align=\"CENTER\"><em><span style=\"font-size: medium\">&#8211; Une famille d&rsquo;origine roumaine, compos\u00e9e de la m\u00e8re de famille en France depuis 2 ans et \u00e0 Poitiers depuis 1 an, de l&rsquo;une de ses filles de 13 ans, et d&rsquo;une autre de 20 ans qui a une petite fille de 9 mois, pr\u00e9sente avec le p\u00e8re de son enfant. Ils vivaient dehors et dormaient tous dans une voiture gar\u00e9e sur les parkings. Les services sociaux \u00e9taient au courant de leur situation, au moins de celle de la jeune fille de 13 ans puisque la m\u00e8re touche l&rsquo;allocation de 250\u20ac de l&rsquo;ASE.<\/span><\/em><\/p>\n<p style=\"text-align: justify\" align=\"CENTER\"><em><span style=\"font-size: medium\">&#8211; Un couple d&rsquo;origine roumaine \u00e0 Poitiers depuis au moins 3 mois, dont la femme \u00e2g\u00e9e d&rsquo;\u00e0 peine 18 ans est enceinte de 3 mois, vit \u00e0 la rue et couche \u00e0 la gare. L\u00e0 aussi les services sociaux \u00e9taient au courant de leur situation, au moins depuis mercredi dernier puisque cette jeune femme ayant des douleurs au ventre a \u00e9t\u00e9 hospitalis\u00e9e pour une nuit. Elle a vu l&rsquo;assistante sociale de l&rsquo;H\u00f4pital, qui lui a fait une prise en charge&#8230; pour la seule hospitalisation.<\/span><\/em><\/p>\n<p style=\"text-align: justify\" align=\"CENTER\"><em><span style=\"font-size: medium\">Le DAL86 a conduit ces deux familles dans les locaux de l&rsquo;Aide Sociale \u00e0 l&rsquo;Enfance le 26 d\u00e9cembre dernier. Selon l\u2019ASE, la situation de ces familles, de ces enfants de 9 mois et de 13 ans et de cette jeune femme de 18 ans enceinte, n\u2019\u00e9tait pas \u00ab pr\u00e9occupante \u00bb puisqu\u2019ils couchaient dans une voiture ! Il faut se rendre \u00e0 l\u2019\u00e9vidence, l\u2019ASE de la Vienne, en fait de protection de l\u2019enfance, se pr\u00e9occupe seulement de la d\u00e9ficience des parents et se donne donc comme seul moyen ce qui est nomm\u00e9 pudiquement le \u00ab placement \u00bb des enfants. Nous attendons donc que le Conseil G\u00e9n\u00e9ral prenne clairement position concernant l\u2019aide apport\u00e9e \u00e0 l\u2019enfance par l\u2019ASE de la Vienne. S\u2019agit-il pour elle de seulement prot\u00e9ger l\u2019enfant de ses parents ou d\u2019apporter une protection de l\u2019enfant plus compl\u00e8te dans le cadre du \u00ab droit \u00e0 une vie d\u00e9cente \u00bb ou du \u00ab droit \u00e0 la protection sociale et \u00e0 la s\u00e9curit\u00e9 mat\u00e9rielle \u00bb et ce dans \u00ab\u00a0l\u2019int\u00e9r\u00eat sup\u00e9rieur de l\u2019enfant\u00a0\u00bb de l\u2019article 3-1 de la Convention Internationale des Droits des Enfants de 1989 ?<\/span><\/em><\/p>\n<p style=\"text-align: justify\" align=\"CENTER\"><em><span style=\"font-size: large\"><b>Pour que la politique sociale \u00e0 Poitiers constitue une r\u00e9f\u00e9rence, il faudrait arr\u00eater de faire la politique de l&rsquo;autruche et de se payer de mots. Il est urgent que les institutions <\/b><\/span><\/em><em><span style=\"color: #000000\"><span style=\"font-size: large\"><b>(Pr\u00e9fecture, Municipalit\u00e9, Conseil G\u00e9n\u00e9ral)<\/b><\/span><\/span><\/em><em><span style=\"font-size: large\"><b> arr\u00eatent de se renvoyer la balle et s&rsquo;occupent de tous ceux qui le n\u00e9cessitent.<\/b><\/span><\/em><\/p>\n<p style=\"text-align: justify\" align=\"CENTER\"><span style=\"text-decoration: underline\">Signataires :<\/span> <i>DAL 86, Groupe Cimade-Poitiers, Resf86, Collectif contre les expulsions et pour le droit de vivre en France, DAL 17, Halem, D\u00e9mocratie R\u00e9elle 86, F\u00e9d\u00e9ration Anarchiste 86 , Les Alternatifs 86, le Parti de Gauche, les Amis de la terre, Organisation Communiste Libertaire.<\/i><\/p>\n<p style=\"text-align: justify\" align=\"CENTER\"><em><strong>NdPN<\/strong> : le DAL 86 invite \u00e0 un rassemblement ce jeudi soir \u00e0 l&rsquo;occasion des voeux du maire de Poitiers, d\u00e8s 17H30, devant la mairie.<\/em><\/p>\n","protected":false},"excerpt":{"rendered":"<p>Un toit pour tous, avec ou sans papiers Le 27 avril dernier, le maire de Poitiers a d\u00e9clar\u00e9\u00a0: \u00ab\u00a0ce qui a \u00e9t\u00e9 b\u00e2ti \u00e0 Poitiers depuis des ann\u00e9es en mati\u00e8re sociale [\u2026] constitue, en France, une r\u00e9f\u00e9rence\u00a0\u00bb. Ce qui nous semble loin d&rsquo;\u00eatre \u00e9vident. Quatre exemples parmi tant d&rsquo;autres nous en font en effet douter\u00a0: &hellip; <a href=\"https:\/\/fa86.noblogs.org\/?p=7692\" class=\"more-link\">Continuer la lecture de <span class=\"screen-reader-text\">[Poitiers] Un toit pour tous, avec ou sans papiers<\/span> <span class=\"meta-nav\">&rarr;<\/span><\/a><\/p>\n","protected":false},"author":2691,"featured_media":0,"comment_status":"open","ping_status":"open","sticky":false,"template":"","format":"standard","meta":{"footnotes":""},"categories":[9,12,16,4],"tags":[],"class_list":["post-7692","post","type-post","status-publish","format-standard","hentry","category-la-rue-grogne","category-okupa-y-resiste","category-repression","category-se-trouver"],"_links":{"self":[{"href":"https:\/\/fa86.noblogs.org\/index.php?rest_route=\/wp\/v2\/posts\/7692","targetHints":{"allow":["GET"]}}],"collection":[{"href":"https:\/\/fa86.noblogs.org\/index.php?rest_route=\/wp\/v2\/posts"}],"about":[{"href":"https:\/\/fa86.noblogs.org\/index.php?rest_route=\/wp\/v2\/types\/post"}],"author":[{"embeddable":true,"href":"https:\/\/fa86.noblogs.org\/index.php?rest_route=\/wp\/v2\/users\/2691"}],"replies":[{"embeddable":true,"href":"https:\/\/fa86.noblogs.org\/index.php?rest_route=%2Fwp%2Fv2%2Fcomments&post=7692"}],"version-history":[{"count":2,"href":"https:\/\/fa86.noblogs.org\/index.php?rest_route=\/wp\/v2\/posts\/7692\/revisions"}],"predecessor-version":[{"id":7694,"href":"https:\/\/fa86.noblogs.org\/index.php?rest_route=\/wp\/v2\/posts\/7692\/revisions\/7694"}],"wp:attachment":[{"href":"https:\/\/fa86.noblogs.org\/index.php?rest_route=%2Fwp%2Fv2%2Fmedia&parent=7692"}],"wp:term":[{"taxonomy":"category","embeddable":true,"href":"https:\/\/fa86.noblogs.org\/index.php?rest_route=%2Fwp%2Fv2%2Fcategories&post=7692"},{"taxonomy":"post_tag","embeddable":true,"href":"https:\/\/fa86.noblogs.org\/index.php?rest_route=%2Fwp%2Fv2%2Ftags&post=7692"}],"curies":[{"name":"wp","href":"https:\/\/api.w.org\/{rel}","templated":true}]}}