{"id":7700,"date":"2013-01-10T18:24:57","date_gmt":"2013-01-10T17:24:57","guid":{"rendered":"http:\/\/fa86.noblogs.org\/?p=7700"},"modified":"2013-01-10T18:24:57","modified_gmt":"2013-01-10T17:24:57","slug":"notre-dame-des-landes-un-camarade-passe-en-proces","status":"publish","type":"post","link":"https:\/\/fa86.noblogs.org\/?p=7700","title":{"rendered":"Notre-Dame-des-Landes : un camarade passe en proc\u00e8s"},"content":{"rendered":"<p><a href=\"http:\/\/zad.nadir.org\/spip.php?article1021\" target=\"_blank\"><\/p>\n<p style=\"text-align: justify\"><strong>T\u00e9moignage : Jeudi 18 octobre, Notre-Dame-des-Landes, troisi\u00e8me jour de l\u2019op\u00e9ration C\u00e9sar<\/strong><\/p>\n<p><\/a><\/p>\n<p style=\"text-align: justify\">Il est 10 heures du matin. Je quitte la Vache Rit \u00e0 pied en direction du bourg de NDDL. Arriv\u00e9 au lieu-dit Les Ardilli\u00e8res, barrage de Police. Contr\u00f4le des identit\u00e9s. Je n\u2019ai pas mes papiers. Je donne nom, pr\u00e9nom, adresse, date et lieu de naissance. Mais \u00e7a ne suffit pas aux Gendarmes envoy\u00e9s sp\u00e9cialement de Fresnay-sur-Sarthe pour me pourrir la journ\u00e9e. Ils m\u2019emm\u00e8nent \u00e0 la Gendarmerie de La-Chapelle-sur-Erdre pour une \u00ab v\u00e9rification d\u2019identit\u00e9 \u00bb. On m\u2019installe dans un bureau avec six robocops locaux.\u00ab Qu\u2019est-ce qu\u2019il a fait celui-l\u00e0 ?<br \/>\n<img loading=\"lazy\" decoding=\"async\" alt=\"-\" src=\"local\/cache-vignettes\/L8xH11\/puce-32883.gif\" width=\"8\" height=\"11\" \/> Il a pas ses papiers.<br \/>\n<img loading=\"lazy\" decoding=\"async\" alt=\"-\" src=\"local\/cache-vignettes\/L8xH11\/puce-32883.gif\" width=\"8\" height=\"11\" \/> Comme par hasard !<br \/>\n<img loading=\"lazy\" decoding=\"async\" alt=\"-\" src=\"local\/cache-vignettes\/L8xH11\/puce-32883.gif\" width=\"8\" height=\"11\" \/> Et il a pas non plus de t\u00e9l\u00e9phone, et personne ne peut l\u2019identifier.<br \/>\n<img loading=\"lazy\" decoding=\"async\" alt=\"-\" src=\"local\/cache-vignettes\/L8xH11\/puce-32883.gif\" width=\"8\" height=\"11\" \/> Evidemment. \u00c7a serait trop facile. \u00bbApr\u00e8s m\u2019avoir fait la morale sur l\u2019immense danger que je courais en sortant sans mes papiers, une gentille fliquette m\u2019annonce qu\u2019elle va proc\u00e9der \u00e0 des \u00ab relev\u00e9s anthropologiques \u00bb sur ma personne. Apr\u00e8s lui avoir demand\u00e9 la nature de ces relev\u00e9s (en l\u2019occurrence, prise d\u2019empreintes digitales et photos), je l\u2019informe de mon refus de me soumettre \u00e0 ceux-ci. On dirait que les gendarmes se sont pass\u00e9 le mot car ils d\u00e9filent les uns apr\u00e8s les autres dans le bureau pour essayer de me faire changer d\u2019avis, chacun usant d\u2019une technique diff\u00e9rente. Un flic me montre des photos de moi \u00e0 10 ans ainsi que les PV qui vont avec. Photos et PV qui n\u2019avaient pas \u00e9t\u00e9 informatis\u00e9s \u00e0 l\u2019\u00e9poque et que les gendarmes ne sont normalement pas autoris\u00e9s \u00e0 conserver dans leurs fichiers apr\u00e8s mes 18 ans. Il me dit que c\u2019est lui qui a pris ma d\u00e9position il y a dix ans, dans un petit village normand. Quel hasard ! J\u2019en conclue qu\u2019il a r\u00e9ussi \u00e0 m\u2019identifier. Il me r\u00e9pond qu\u2019il ne me reconnait pas, que les photos sont trop vieilles. Un autre flic se connecte sur Facebook avec son compte perso et il retrouve un ancien compte m\u2019appartenant que je pensais avoir supprim\u00e9. C\u2019est probablement l\u00e0 qu\u2019il retrouvera le nom d\u2019un de mes anciens employeurs \u00e0 qui il t\u00e9l\u00e9phonera le jour m\u00eame pour v\u00e9rifier mon identit\u00e9. Malgr\u00e9 tous ces \u00e9l\u00e9ments, les flics maintiennent qu\u2019il n\u2019est pas possible de m\u2019identifier tant que je refuse de filer mes empreintes. C\u2019est \u00e0 ce moment que je comprends que la consigne \u00ab z\u00e9ro arrestation \u00bb a \u00e9t\u00e9 lev\u00e9e, que je suis le premier \u00e0 me faire choper et que je vais leur servir de souffre-douleur. J\u2019aper\u00e7ois la procureure de Saint-Nazaire, elle est dans les locaux. On me dit que c\u2019est elle qui a ordonn\u00e9 les relev\u00e9s et qu\u2019elle vient de d\u00e9cider de me placer en garde-\u00e0-vue suite \u00e0 mon refus. Je refuse de signer le PV, je demande un toubib et un avocat. Je suis transf\u00e9r\u00e9 \u00e0 Nort-sur-Erdre vers midi. Pendant ce temps, \u00e0 l\u2019autre bout de la France, la Gendarmerie de mon village se pointe chez moi pour v\u00e9rifier que c\u2019est bien l\u00e0 que j\u2019habite. Manque de pot, il n\u2019y a personne et pas de nom sur la bo\u00eete aux lettres. En garde-\u00e0-vue je n\u2019ai (presque) rien \u00e0 d\u00e9clarer. Oui, non, je refuse de r\u00e9pondre, je veux voir un avocat. Le commis d\u2019office arrive en fin d\u2019aprem, on nous auditionne (gr\u00e2ce \u00e0 mon absence de collaboration, aucune audition n\u2019aura dur\u00e9 plus de cinq minutes), je refuse encore de signer et je finis tout de m\u00eame par sortir, malgr\u00e9 les menaces des gendarmes sarthois (\u00ab si tu parles pas, on te garde 48 heures \u00bb).Refuser de donner ses empreintes (et son ADN) est plus que jamais n\u00e9cessaire face au fichage g\u00e9n\u00e9ralis\u00e9. Les flics disposent d\u00e9j\u00e0 de nombreux \u00e9l\u00e9ments pour nous identifier (Facebook, leurs propres fichiers, les anciens employeurs &#8230;), ne leur en donnons pas plus. Si vous \u00eates sur Saint-Nazaire le 22 janvier 2013 et que vous ne savez pas quoi faire dans l\u2019apr\u00e8s-midi, je vous invite \u00e0 mon premier proc\u00e8s au p\u00e9nal, \u00e0 14 heures au TGI (rue Albert de Mun). \u00c7a ne va pas \u00eatre le proc\u00e8s du si\u00e8cle mais un peu de soutien sera le bienvenu. Nique le fichage et vive la ZAD. Camille.<\/p>\n<p style=\"text-align: justify\"><em>Vu sur zad.nadir.org, 10 janvier 2013<\/em><\/p>\n","protected":false},"excerpt":{"rendered":"<p>T\u00e9moignage : Jeudi 18 octobre, Notre-Dame-des-Landes, troisi\u00e8me jour de l\u2019op\u00e9ration C\u00e9sar Il est 10 heures du matin. Je quitte la Vache Rit \u00e0 pied en direction du bourg de NDDL. Arriv\u00e9 au lieu-dit Les Ardilli\u00e8res, barrage de Police. Contr\u00f4le des identit\u00e9s. Je n\u2019ai pas mes papiers. Je donne nom, pr\u00e9nom, adresse, date et lieu de &hellip; <a href=\"https:\/\/fa86.noblogs.org\/?p=7700\" class=\"more-link\">Continuer la lecture de <span class=\"screen-reader-text\">Notre-Dame-des-Landes : un camarade passe en proc\u00e8s<\/span> <span class=\"meta-nav\">&rarr;<\/span><\/a><\/p>\n","protected":false},"author":2691,"featured_media":0,"comment_status":"open","ping_status":"open","sticky":false,"template":"","format":"standard","meta":{"footnotes":""},"categories":[16,4],"tags":[],"class_list":["post-7700","post","type-post","status-publish","format-standard","hentry","category-repression","category-se-trouver"],"_links":{"self":[{"href":"https:\/\/fa86.noblogs.org\/index.php?rest_route=\/wp\/v2\/posts\/7700","targetHints":{"allow":["GET"]}}],"collection":[{"href":"https:\/\/fa86.noblogs.org\/index.php?rest_route=\/wp\/v2\/posts"}],"about":[{"href":"https:\/\/fa86.noblogs.org\/index.php?rest_route=\/wp\/v2\/types\/post"}],"author":[{"embeddable":true,"href":"https:\/\/fa86.noblogs.org\/index.php?rest_route=\/wp\/v2\/users\/2691"}],"replies":[{"embeddable":true,"href":"https:\/\/fa86.noblogs.org\/index.php?rest_route=%2Fwp%2Fv2%2Fcomments&post=7700"}],"version-history":[{"count":1,"href":"https:\/\/fa86.noblogs.org\/index.php?rest_route=\/wp\/v2\/posts\/7700\/revisions"}],"predecessor-version":[{"id":7701,"href":"https:\/\/fa86.noblogs.org\/index.php?rest_route=\/wp\/v2\/posts\/7700\/revisions\/7701"}],"wp:attachment":[{"href":"https:\/\/fa86.noblogs.org\/index.php?rest_route=%2Fwp%2Fv2%2Fmedia&parent=7700"}],"wp:term":[{"taxonomy":"category","embeddable":true,"href":"https:\/\/fa86.noblogs.org\/index.php?rest_route=%2Fwp%2Fv2%2Fcategories&post=7700"},{"taxonomy":"post_tag","embeddable":true,"href":"https:\/\/fa86.noblogs.org\/index.php?rest_route=%2Fwp%2Fv2%2Ftags&post=7700"}],"curies":[{"name":"wp","href":"https:\/\/api.w.org\/{rel}","templated":true}]}}